{"id":14388,"date":"2019-11-07T12:10:49","date_gmt":"2019-11-07T18:10:49","guid":{"rendered":"https:\/\/eloficiodehistoriar.com.mx\/?p=14388"},"modified":"2019-11-07T12:10:49","modified_gmt":"2019-11-07T18:10:49","slug":"carlos-acosta-cubano-que-va-de-barrio-marginal-a-uno-de-los-mejores-bailarines-del-mundo","status":"publish","type":"post","link":"https:\/\/eloficiodehistoriar.com.mx\/?p=14388","title":{"rendered":"Carlos Acosta, cubano que va de barrio marginal a uno de los mejores bailarines del mundo"},"content":{"rendered":"<p>La Jornada<\/p>\n<p>&nbsp;<\/p>\n<p>Cuando a un negro le llega algo, se aferra a ello con las dos manos y no lo suelta hasta que lo maten, le aconsej\u00f3 una vez Pedro Acosta a su hijo, Carlos.<\/p>\n<p>Pedro Acosta era un camionero de La Habana. Un hombre de car\u00e1cter duro, descendiente de esclavos. Ten\u00eda la idea de que por su condici\u00f3n social y color de piel, deb\u00eda esforzarse el triple. Su esposa era blanca, como una de sus hijas. A la otra de ellas le toc\u00f3 tener la piel negra, como a Carlitos, ni\u00f1o de un barrio marginal habanero a quien s\u00f3lo le gustaba bailar breakdance en la calle y so\u00f1ar en ser como Pel\u00e9.<\/p>\n<p>En los a\u00f1os 80, a los nueve a\u00f1os, Carlos Acosta, conocido en su vecindario como Yuli, lo ten\u00eda todo en contra (como la mayor\u00eda de los ni\u00f1os pobres en Cuba) hasta que su padre descubri\u00f3 sus habilidades para el baile y lo inscribi\u00f3, obligatoriamente, en la escuela elemental de ballet, en La Habana.<\/p>\n<p>Se ten\u00eda que levantar a las cinco de la madrugada todos los d\u00edas; tomar dos camiones para ir a clase y lo peor: sufrir bulling en el barrio, donde com\u00fanmente lo llamaban maric\u00f3n por asistir a clases de ballet.<\/p>\n<p>Al final, Carlos Acosta es uno de los m\u00e1s grandes bailarines que ha dado Cuba. El primer negro en encarnar a Romeo en el Royal Ballet de Londres, entre muchos otros logros.<\/p>\n<p>Para aprender a perdonar<\/p>\n<p>No Way Home o Nunca mirar atr\u00e1s es el nombre del libro autobiogr\u00e1fico del bailar\u00edn, en el que relata su vidacomo una terapia y para aprender a perdonar, el cual cay\u00f3 en manos del brit\u00e1nico Paul Laverty \u2013guionista habitual de Ken Loach\u2013, quien lo volvi\u00f3 un filme rodado con amplia sensibilidad por la madrile\u00f1a Ic\u00edar Bolla\u00edn.<\/p>\n<p>Al ritmo del coraz\u00f3n le pusieron de nombre al filme en M\u00e9xico, donde se estrenar\u00e1 en salas este viernes.<\/p>\n<p>Metaf\u00f3ricamente, la de Yuli puede ser parte de la historia reciente de Cuba. Tambi\u00e9n la de alguien con gran voluntad de superaci\u00f3n personal. Pero a trav\u00e9s de la pantalla se erige en realidad como una historia de amor, el que puede tener un padre hacia su hijo, pero tambi\u00e9n el de la pasi\u00f3n por una disciplina art\u00edstica o por una simple nostalgia.<\/p>\n<p>La vida de Carlos transcurre con un paralelismo, como la historia reciente de Cuba. Es lo que les ha ocurrido a muchos cubanos en el exilio, y eso hace peculiar la historia, cuenta Bolla\u00edn a La Jornada a trav\u00e9s de una llamada telef\u00f3nica desde Edimburgo, Escocia, donde vive con Laverty, su pareja sentimental y de trabajo.<\/p>\n<p>Carlos Acosta naci\u00f3 en 1973. De 1989 a 1991 actu\u00f3 por todo el mundo con grupos como la Compagnia Teatro Nuovo di Torino, de Italia. Poco despu\u00e9s, fue nombrado miembro del Ballet Nacional de Cuba, convirti\u00e9ndose en bailar\u00edn principal en 1994. Un a\u00f1o antes, hizo su debut en Estados Unidos con El Cascanueces. En 98 lleg\u00f3 a ser bailar\u00edn principal invitado del Royal Ballet.<br \/>\n\u201cAunque estuve en Cuba varias veces no conoc\u00eda la historia de Yuli\u201d, asegura Bolla\u00edn, quien comenta que el reto fue contar algunas emociones de la vida de Carlos Acosta a trav\u00e9s del baile y sus coreograf\u00edas.<\/p>\n<p>Dice Ic\u00edar Bolla\u00edn que Acosta no ha perdido nada de ser un hombre de barrio de La Habana, una persona que se entrega y que comunica; sencilla. Adem\u00e1s de su poder de conectar con sus coreograf\u00edas, tiene el poder de conectar con la gente.<\/p>\n<p>\u2013\u00bfQu\u00e9 Cuba vio en los cuatro meses que dur\u00f3 su rodaje en la isla?\u2013 Se le pregunta a Bolla\u00edn.<\/p>\n<p>\u2013Hubiera querido convivir m\u00e1s con los actores para conocer m\u00e1s su cultura. Me interesa la gente que tiene una gran capacidad de resistencia. En Cuba son impresionantes la cultura y el arte. El enorme talento de gente en el campo de la m\u00fasica, el cine, la pintura, la literatura\u2026 Pero sobre todo, me impresiona la gente comprometida con la ilusi\u00f3n, que all\u00e1 se acaba.<\/p>\n<p>\u2013\u00bfSe vuelve una fascinaci\u00f3n retratar el contexto social?<\/p>\n<p>\u2013Me encanta contar temas de la condici\u00f3n humana, de la relaci\u00f3n entre las personas. La realidad que exploro, a veces viene, incluso. de una noticia del diario. De realidades.<\/p>\n<p>\u2013\u00bfC\u00f3mo conectar con personas que no provienen de nuestra cultura?<\/p>\n<p>\u2013Hay coordenadas muy claras de trabajo que concluyen en lo mismo: intentar contar algo y que los actores conecten con las historias. El bailar\u00edn que interpreta a Carlos de joven no es actor. Es lo bello del cine, que puedes entender a otras culturas, a la vida.<\/p>\n<p>Keyvin Mart\u00ednez es quien interpreta de joven a Carlos, mientras que Edison Manuel Olvera, lo hace de ni\u00f1o. El propio Acosta aparece en el filme como \u00e9l mismo.<\/p>\n<p>Revivir mi pasado, actuarlo, bailarlo durante el rodaje ha sido una experiencia intensa y dolorosa, expres\u00f3 el core\u00f3grafo en una reuni\u00f3n con la prensa cubana en la sede de su compa\u00f1\u00eda, Acosta Danza, que fund\u00f3 en septiembre de 2015 tras despedirse del ballet y regresar a La Habana, donde vive con su esposa y sus tres hijas en una casa en<\/p>\n","protected":false},"excerpt":{"rendered":"<p>La Jornada &nbsp; Cuando a un negro le llega algo, se aferra a ello con las dos manos y no lo suelta hasta que lo maten, le aconsej\u00f3 una vez Pedro Acosta a su hijo, Carlos. Pedro Acosta era un camionero de La Habana. Un hombre de car\u00e1cter duro, descendiente de esclavos. Ten\u00eda la idea [&hellip;]<\/p>\n","protected":false},"author":249,"featured_media":14389,"comment_status":"open","ping_status":"closed","sticky":false,"template":"","format":"standard","meta":{"footnotes":""},"categories":[26],"tags":[],"class_list":["post-14388","post","type-post","status-publish","format-standard","has-post-thumbnail","hentry","category-mundo"],"_links":{"self":[{"href":"https:\/\/eloficiodehistoriar.com.mx\/index.php?rest_route=\/wp\/v2\/posts\/14388","targetHints":{"allow":["GET"]}}],"collection":[{"href":"https:\/\/eloficiodehistoriar.com.mx\/index.php?rest_route=\/wp\/v2\/posts"}],"about":[{"href":"https:\/\/eloficiodehistoriar.com.mx\/index.php?rest_route=\/wp\/v2\/types\/post"}],"author":[{"embeddable":true,"href":"https:\/\/eloficiodehistoriar.com.mx\/index.php?rest_route=\/wp\/v2\/users\/249"}],"replies":[{"embeddable":true,"href":"https:\/\/eloficiodehistoriar.com.mx\/index.php?rest_route=%2Fwp%2Fv2%2Fcomments&post=14388"}],"version-history":[{"count":1,"href":"https:\/\/eloficiodehistoriar.com.mx\/index.php?rest_route=\/wp\/v2\/posts\/14388\/revisions"}],"predecessor-version":[{"id":14390,"href":"https:\/\/eloficiodehistoriar.com.mx\/index.php?rest_route=\/wp\/v2\/posts\/14388\/revisions\/14390"}],"wp:featuredmedia":[{"embeddable":true,"href":"https:\/\/eloficiodehistoriar.com.mx\/index.php?rest_route=\/wp\/v2\/media\/14389"}],"wp:attachment":[{"href":"https:\/\/eloficiodehistoriar.com.mx\/index.php?rest_route=%2Fwp%2Fv2%2Fmedia&parent=14388"}],"wp:term":[{"taxonomy":"category","embeddable":true,"href":"https:\/\/eloficiodehistoriar.com.mx\/index.php?rest_route=%2Fwp%2Fv2%2Fcategories&post=14388"},{"taxonomy":"post_tag","embeddable":true,"href":"https:\/\/eloficiodehistoriar.com.mx\/index.php?rest_route=%2Fwp%2Fv2%2Ftags&post=14388"}],"curies":[{"name":"wp","href":"https:\/\/api.w.org\/{rel}","templated":true}]}}