{"id":14395,"date":"2019-11-08T13:39:44","date_gmt":"2019-11-08T19:39:44","guid":{"rendered":"https:\/\/eloficiodehistoriar.com.mx\/?p=14395"},"modified":"2019-11-08T13:39:44","modified_gmt":"2019-11-08T19:39:44","slug":"rescate-de-la-alfareria-con-horno-de-lena-sin-humo","status":"publish","type":"post","link":"https:\/\/eloficiodehistoriar.com.mx\/?p=14395","title":{"rendered":"Rescate de la alfarer\u00eda con horno de le\u00f1a sin humo"},"content":{"rendered":"<p>Proceso<\/p>\n<p>Pedro Mat\u00edas<\/p>\n<p>(apro).-<\/p>\n<p>Para evitar que desaparezca la alfarer\u00eda de Santo Domingo Tonaltepec, una tradici\u00f3n que data de \u00e9pocas prehisp\u00e1nicas, la Escuela Nacional de Cer\u00e1mica construy\u00f3 en el lugar un horno de le\u00f1a libre de humo.<\/p>\n<p>Adem\u00e1s, capacit\u00f3 a un grupo de alfareras \u201cYukunch\u00ed\u201d de Vista Hermosa Santo Domingo Tonaltepec, en la Mixteca alta, as\u00ed como a los artesanos de Santa Mar\u00eda Atzompa y San Mart\u00edn Tilcajete, para la construcci\u00f3n de hornos de le\u00f1a libres de humo, que traen beneficios directos en su salud y, adem\u00e1s, se protege al medio ambiente al reducir en 50% el consumo de le\u00f1a.<\/p>\n<p>Isadora Cu\u00e9llar detall\u00f3 que a tres a\u00f1os de que naci\u00f3 la Escuela Nacional de Cer\u00e1mica, con \u201chornos de le\u00f1a libres de humo\u201d como su programa medular, se ha llevado ya a los estados de Guanajuato (San Felipe), Estado de M\u00e9xico (Metepec), Chiapas (Amatenango del Valle), Oaxaca (San Marcos Tlapazola), Jalisco (Tonal\u00e1), Michoac\u00e1n (Santa Fe de la Laguna) y Chihuahua (Ocochochi), y ahora se replica en Guanajuato y otra vez en Oaxaca.<\/p>\n<p>El horno n\u00famero 12 se hizo en Tonaltepec, municipio de la Mixteca, conocido por su larga tradici\u00f3n alfarera, que data de \u00e9pocas prehisp\u00e1nicas y se caracteriza por el decorado de \u201cchorreado\u201d (como le llaman), con una tintura a base de taninos provenientes de la corteza del roble.<\/p>\n<p>\u201cDesafortunadamente quedan pocos habitantes en la comunidad que contin\u00faen con este oficio; algunos han emigrado, otros han buscado diferentes formas de subsistir. Sin duda alguna, en Tonaltepec la alfarer\u00eda corre peligro de desaparecer\u201d, puntualiz\u00f3 Cu\u00e9llar.<\/p>\n<p>Por esa raz\u00f3n, dijo, se realiz\u00f3 ese horno en la comunidad, donde adem\u00e1s de beneficiar la salud de los artesanos y cuidar el medio ambiente, los dotar\u00e1 de nuevos conocimientos y t\u00e9cnicas que podr\u00e1n aplicar, y contribuir\u00e1n a recuperar y fortalecer esta tradici\u00f3n para que no se pierda.<\/p>\n<p>La Escuela Nacional de Cer\u00e1mica, con un proyecto de responsabilidad social de Empresas Taj\u00edn S.A. de C.V., construy\u00f3 el horno n\u00famero 12 del 23 de septiembre al 12 de octubre, e inici\u00f3 la capacitaci\u00f3n de 20 artesanos provenientes de Santa Mar\u00eda Atzompa, San Mart\u00edn Tilcajete y Santo Domingo Tonaltepec, con la finalidad de dar continuidad al programa en el estado de Oaxaca.<\/p>\n<p>La capacitaci\u00f3n est\u00e1 a cargo del titular del proyecto, el maestro japon\u00e9s Yusuke Suzuki, con el apoyo de Empresas Taj\u00edn, la Fundaci\u00f3n Alfredo Harp Hel\u00fa Oaxaca (FAHHO) y la suma de Grupo TRACSA.<\/p>\n<p>La Escuela Nacional de Cer\u00e1mica inici\u00f3 actividades en 2016 y surgi\u00f3 gracias al inter\u00e9s y preocupaci\u00f3n de Empresas Taj\u00edn por crear un espacio para la conservaci\u00f3n, creaci\u00f3n, innovaci\u00f3n, investigaci\u00f3n y ense\u00f1anza de la cer\u00e1mica en un pa\u00eds como M\u00e9xico, con una larga tradici\u00f3n y hasta hace poco sin una escuela dedicada a este ancestral oficio.<\/p>\n<p>A trav\u00e9s de Arte Popular, la FAHHO dar\u00e1 seguimiento a los artesanos de Tonaltepec y pretende continuar replicando los hornos dentro del estado de Oaxaca.<\/p>\n<p>\u201cEste gran proyecto tiene como fin estrat\u00e9gico el ir adaptando la forma de quemar y de hacer la cer\u00e1mica en M\u00e9xico, para eso requerimos transformar cuidadosamente y respetuosamente la mentalidad de los alfareros en M\u00e9xico, capacit\u00e1ndolos a trav\u00e9s de un gran proceso de investigaci\u00f3n en el que se implica todo el equipo de la escuela, pero principalmente el maestro Suzuki, quien es el investigador especializado en hornos y procesos cer\u00e1micos y quien tiene todo el inter\u00e9s de compartir sus conocimientos con los alfareros de M\u00e9xico\u201d.<\/p>\n<p>Ser\u00e1 a trav\u00e9s del compromiso de la FAHHO con el proyecto como los artesanos obtendr\u00e1n los recursos econ\u00f3micos necesarios para construir sus hornos, con la finalidad de expandirlos por todo el estado.<\/p>\n<p>\u00bfC\u00f3mo lleg\u00f3 este horno a M\u00e9xico? La Escuela Nacional de Cer\u00e1mica inici\u00f3 el proyecto en 2017 y se dio a la tarea de buscar a un experto en la construcci\u00f3n de hornos de le\u00f1a sin humo a nivel mundial, por lo que contact\u00f3 al maestro japon\u00e9s Masakazu Kusakabe (Miharu, Jap\u00f3n, 1946), quien imparti\u00f3 el taller \u201cHornos de le\u00f1a sin humo\u201d en las instalaciones de la escuela en Tapalpa, Jalisco, en febrero de ese a\u00f1o.<\/p>\n<p>Durante este taller se construy\u00f3 en M\u00e9xico el primer horno de este tipo en Latinoam\u00e9rica hasta ese entonces, mientras que el ingeniero Yusuke Suzuki se capacit\u00f3 en ese taller para adaptar el horno a las necesidades de la alfarer\u00eda nacional.<\/p>\n<p>Entre las caracter\u00edsticas generales del horno de le\u00f1a sin humo destaca la posici\u00f3n y el tama\u00f1o de la c\u00e1mara de combusti\u00f3n, as\u00ed como la gran altura de la chimenea, que permite un excelente tiro para una combusti\u00f3n eficaz y una \u00f3ptima distribuci\u00f3n de la ceniza.<\/p>\n","protected":false},"excerpt":{"rendered":"<p>Proceso Pedro Mat\u00edas (apro).- Para evitar que desaparezca la alfarer\u00eda de Santo Domingo Tonaltepec, una tradici\u00f3n que data de \u00e9pocas prehisp\u00e1nicas, la Escuela Nacional de Cer\u00e1mica construy\u00f3 en el lugar un horno de le\u00f1a libre de humo. Adem\u00e1s, capacit\u00f3 a un grupo de alfareras \u201cYukunch\u00ed\u201d de Vista Hermosa Santo Domingo Tonaltepec, en la Mixteca alta, [&hellip;]<\/p>\n","protected":false},"author":249,"featured_media":14396,"comment_status":"open","ping_status":"closed","sticky":false,"template":"","format":"standard","meta":{"footnotes":""},"categories":[26],"tags":[],"class_list":["post-14395","post","type-post","status-publish","format-standard","has-post-thumbnail","hentry","category-mundo"],"_links":{"self":[{"href":"https:\/\/eloficiodehistoriar.com.mx\/index.php?rest_route=\/wp\/v2\/posts\/14395","targetHints":{"allow":["GET"]}}],"collection":[{"href":"https:\/\/eloficiodehistoriar.com.mx\/index.php?rest_route=\/wp\/v2\/posts"}],"about":[{"href":"https:\/\/eloficiodehistoriar.com.mx\/index.php?rest_route=\/wp\/v2\/types\/post"}],"author":[{"embeddable":true,"href":"https:\/\/eloficiodehistoriar.com.mx\/index.php?rest_route=\/wp\/v2\/users\/249"}],"replies":[{"embeddable":true,"href":"https:\/\/eloficiodehistoriar.com.mx\/index.php?rest_route=%2Fwp%2Fv2%2Fcomments&post=14395"}],"version-history":[{"count":1,"href":"https:\/\/eloficiodehistoriar.com.mx\/index.php?rest_route=\/wp\/v2\/posts\/14395\/revisions"}],"predecessor-version":[{"id":14397,"href":"https:\/\/eloficiodehistoriar.com.mx\/index.php?rest_route=\/wp\/v2\/posts\/14395\/revisions\/14397"}],"wp:featuredmedia":[{"embeddable":true,"href":"https:\/\/eloficiodehistoriar.com.mx\/index.php?rest_route=\/wp\/v2\/media\/14396"}],"wp:attachment":[{"href":"https:\/\/eloficiodehistoriar.com.mx\/index.php?rest_route=%2Fwp%2Fv2%2Fmedia&parent=14395"}],"wp:term":[{"taxonomy":"category","embeddable":true,"href":"https:\/\/eloficiodehistoriar.com.mx\/index.php?rest_route=%2Fwp%2Fv2%2Fcategories&post=14395"},{"taxonomy":"post_tag","embeddable":true,"href":"https:\/\/eloficiodehistoriar.com.mx\/index.php?rest_route=%2Fwp%2Fv2%2Ftags&post=14395"}],"curies":[{"name":"wp","href":"https:\/\/api.w.org\/{rel}","templated":true}]}}