{"id":14401,"date":"2019-11-08T14:03:34","date_gmt":"2019-11-08T20:03:34","guid":{"rendered":"https:\/\/eloficiodehistoriar.com.mx\/?p=14401"},"modified":"2019-11-08T14:03:34","modified_gmt":"2019-11-08T20:03:34","slug":"la-catedral-de-la-paz-esta-en-las-chiapas","status":"publish","type":"post","link":"https:\/\/eloficiodehistoriar.com.mx\/?p=14401","title":{"rendered":"La Catedral de La Paz, esta en Las Chiapas"},"content":{"rendered":"<p>Por Jos\u00e9 F\u00e9lix Zavala<\/p>\n<p>\u201c\u2026dichosos fueron aquellos tiempos ya reunidos en el olvido, en que las tradiciones echaban ondas ra\u00edces y los cuentos y leyendas eran hermosas realidades\u2026\u201d<\/p>\n<p>En Ciudad Real el d\u00eda comienza con el ta\u00f1er de las campanas de sus conventos; el dominico, franciscano, el de los mercedarios, el jesuita y el de monjas concepcionistas y en Catedral con el c\u00e1ntico de los maitines.<\/p>\n<p>\u201c Y a ti ni\u00f1o te llamar\u00e1n profetaporque ir\u00e1s delante del Se\u00f1ora preparar sus caminospara iluminar a los que viven en tinieblasy en sombra de muertepara guiar nuestros pasospor el camino de la paz\u201d<\/p>\n<p>Se llega a Ciudad Real bajando cerros y lomas, hasta ese valle encajonado, asiento de una hermosa ciudad, techos de teja interrumpidos por torres y c\u00fapulas; los cerros de Guadalupe y San Crist\u00f3bal marcan el oriente y el poniente.<\/p>\n<p>La sede de la Di\u00f3cesis de la provincia de Las Chiapas, est\u00e1 dedicada a La Asunci\u00f3n. Su construcci\u00f3n se inici\u00f3 en 1528 y fue llamada Catedral de San Crist\u00f3bal M\u00e1rtir.<\/p>\n<p>Su tercer obispo fue fray Bartolom\u00e9 de las Casas y el primero en tomar posesi\u00f3n del obispado. El edificio original sufri\u00f3 algunas transformaciones y fue reconstruido en el siglo XVll. Palmetas cl\u00e1sicas, ojivas g\u00f3ticas, torrecillas, almohadillas, estrellas barrocas.<\/p>\n<p>Pumpos de cedro y teclas de hormiguillo irrumpen con m\u00fasica de Garaba\u00edn la tarde del Jueves Santo cuando inicia la misa \u201cIn coena domini\u201d<\/p>\n<p>Su fachada data del siglo XVIII y es de estilo barroco con una profusa decoraci\u00f3n a base de motivos vegetales realizados en argamasa, rodeando nichos, donde se aprecian las esculturas de San Pedro y San Pablo, fundadores de la Iglesia, entre otras.<\/p>\n<p>El interior conserva interesantes piezas de arte como el p\u00falpito, obra del siglo XVI, el altar de los Reyes, dos bellos retablos de estilo barroco salom\u00f3nico y bellas pinturas con temas religiosos.<\/p>\n<p>Los frailes dominicos celebraron por primera vez en esta ciudad los oficios de Semana Santa, el Obispo Bartolom\u00e9 De Las Casas fue el primer Ordinario que las presidi\u00f3, en 1545.<\/p>\n<p>Esta tarde las preside Samuel Ruiz Garc\u00eda, es el obispo n\u00famero 38, contando desde aquel Juan de Arteaga y Avenda\u00f1o, que nunca llegara y preconizado por el Papa Paulo lll, un 19 de marzo de 1538 obispo de Las Chiapas.<\/p>\n<p>Gisela, Am\u00e9rica, Marlene y Martha D\u00edaz, alumnas de Adulfo D\u00edaz Z\u00fa\u00f1iga, golpean fren\u00e9ticamente los bolillos sobre la marimba construida por el chiapacorze\u00f1o Pedro Acu\u00f1a, luciendo como toda chiapaneca \u201cvuelos y contados\u201d.<\/p>\n<p>Ciudad Real parece nuevamente integrarse a esa regi\u00f3n que se aporta del continente desde el Itzmo hasta Costa Rica formando un solo pueblo: Am\u00e9rica Central.<\/p>\n<p>La Catedral de San Crist\u00f3bal de las Casas esta situada en la calle 20 de Noviembre, en el Centro de la ciudad. Su construcci\u00f3n data de la segunda mitad del siglo XVII. \u201cEnclavada en una hermosa zona de la meseta conocida como San Crist\u00f3bal y que forma parte de las monta\u00f1as del norte de Chiapas\u201d.<\/p>\n<p>Hacia 1524 el capit\u00e1n Luis Mar\u00edn intent\u00f3 conquistar la regi\u00f3n, pero al encontrar una f\u00e9rrea resistencia de los ind\u00edgenas opt\u00f3 por la retirada sin dejar establecido ning\u00fan asentamiento para colonos espa\u00f1oles.<\/p>\n<p>Posteriormente, con la misi\u00f3n de pacificar el \u00e1rea en forma definitiva, las autoridades virreinales env\u00edan al capit\u00e1n Diego de Masariegos, quien ataca a los ind\u00edgenas en la c\u00e9lebre batalla de Tepecht\u00eda, en la que los chiapanecos prefirieron arrojarse al Ca\u00f1\u00f3n del Sumidero antes de sucumbir ante los espa\u00f1oles.<\/p>\n<p>M\u00e1s tarde, en el trayecto de un viaje que Mazariegos efectuaba entre la regi\u00f3n de los llanos y Chiapas, pas\u00f3 por el valle de Hueyzacatl\u00e1n, vocablo que en lengua n\u00e1huatl significa tierra de zacate grande.<\/p>\n<p>En su calidad de capit\u00e1n general de la provincia y teniente de gobernador por el rey, funda all\u00ed el 31 de marzo de 1528, la poblaci\u00f3n de Ciudad Real, llam\u00e1ndola as\u00ed en memoria de su ciudad natal en Espa\u00f1a\u201d.<\/p>\n<p>Da comienzo la ceremonia con el canto procesional, es Jueves Santo en Catedral, donde se olvida \u201cel modo de antes\u201d falta el El Dean, El Chantre, El Arcediano, el alto clero y las autoridades civiles. Los indios suplen.<\/p>\n<p>Viene a la memoria a calles de esta hermosa ciudad donde transitaban los cl\u00e9rigos ensotanados ricamente, los frailes vistosamente vestidos y el Vi\u00e1tico se llevaba a la casa de los hacendados, acompa\u00f1ado del tintineo de las campanillas y bajo palio, mientras indios y negros se arrodillaban humildemente.<\/p>\n<p>Ahora en este canto procesional que da inicio a la misa de Jueves Santo, son los indios quienes llevan la Cruz Alta, los ciriales el incensario de rica plata, brillo de otros tiempos, hijos de aquellos indios que acud\u00edan a pagar el tributo, a servir en las casas de los espa\u00f1oles, a comprar o vender en su mercado o para ser \u201cadoctrinados\u201d.<\/p>\n<p>La catedral es de tres naves dividida por columnas que sostienen arcos donde descansa el artesonado mud\u00e9jar de madera. Iniciada en 1528 bajo el patrocinio de la Asunci\u00f3n, cambiando de patrono diez a\u00f1os despu\u00e9s y erigida por Bula \u201cInter multiplices curas\u201d para convertirla de parroquia en La catedral de Las Chiapas.<\/p>\n<p>Al final de esa procesi\u00f3n viene el obispo de Las Chiapas y el Soconusco, Samuel Ruiz Garc\u00eda, fiel sucesor de Fray Bartolom\u00e9 de Las casas o de Juan de Zapata y Sandoval, mentes contrarias a aquellos vecinos \u201ctan hidalgos, caballeros y nobles\u201d \u201c\u2026que nunca han querido vivir de tratos y contratos, compras y ventas, modo com\u00fan de Las Indias, sino de sus rentas y haciendas y por eso no han tenido forasteros que se les junten, ni mercaderes que por sus ganancias aumenten la ciudad\u2026\u201d \u00bfRecuerdan esa sabrosa canci\u00f3n de los a\u00f1os 40 del pasado siglo? Rememorando el sugerente t\u00edtulo, hoy voy a hablar de un viaje maravilloso a una de las ciudades m\u00e1s deslumbrantes de nuestro pa\u00eds: San Crist\u00f3bal de las Casas, situada en los altos de Chiapas, fue fundada el 31 de marzo de 1528 con el nombre de Villa Real; posteriormente, se le otorg\u00f3 el grado de ciudad el 7 de julio de 1536, en que el conquistador Diego de Mazariegos cambi\u00f3 el nombre por el de Ciudad Real, en honor a su ciudad natal en Espa\u00f1a. Tras la anexi\u00f3n de Chiapas a M\u00e9xico, el 14 de septiembre de 1824, la ciudad tom\u00f3 su nombre actual por el patrono de la ciudad, San Crist\u00f3bal, y del defensor de los ind\u00edgenas, Fray Bartolom\u00e9 de las Casas.<\/p>\n<p>Con construcciones de todos los siglos, caminar por sus calles estrechas, con banquetas de pulido m\u00e1rmol dorado, constituye un deleitoso paseo por su historia, al igual que sucede en nuestro Centro Hist\u00f3rico. Conserva varias joyas arquitect\u00f3nicas extraordinarias, entre las que sobresale el templo de Santo Domingo de Guzm\u00e1n, que fue la primera iglesia barroca construida y la m\u00e1s importante dentro de las edificaciones dominicas en la entidad. Esta orden se encarg\u00f3 de evangelizar a la mayor parte de la poblaci\u00f3n ind\u00edgena. El arribo dominico se dio el 12 de marzo de 1545, tras un largo viaje desde Salamanca, Espa\u00f1a. Al poco tiempo se le otorgaron seis solares para la construcci\u00f3n de lo que ser\u00eda la primera iglesia y convento, los cuales tendr\u00edan m\u00faltiples modificaciones a lo largo de la \u00e9poca virreinal.<\/p>\n<p>Para fines del siglo XVII, ambas edificaciones ya ten\u00edan pr\u00e1cticamente el aspecto que vemos en la actualidad. Tras las leyes de exclaustraci\u00f3n, el convento tuvo distintos usos, entre otros, de c\u00e1rcel. Actualmente, el templo contin\u00faa a cargo de la orden dominica y diariamente se ofician ceremonias religiosas.<\/p>\n<p>La exuberante fachada, genuina alhaja barroca, es sin duda una de las mejores de Am\u00e9rica. Las exquisitas figuras que la adornan se modelaron en argamasa y conjugan elementos arquitect\u00f3nicos, escult\u00f3ricos y decorativos en bajo y alto relieve, como un mensaje emblem\u00e1tico para la historia local, ya que \u00e9ste era el templo dominico de mayor importancia en la entidad, y desde \u00e9l se decid\u00edan los rumbos evangelizadores para las diferentes poblaciones a cargo de la orden.<\/p>\n<p>El interior conserva el ancho y, probablemente, la longitud de la primera nave. Su planta es de cruz latina y conserva partes originales del piso de madera. La b\u00f3veda de la nave y el presbiterio poseen siete arcos transversales, as\u00ed como un sistema de iluminaci\u00f3n interior, poco usual, mediante ventanas rectangulares enmarcadas por pilastras y frontones triangulares de estuco. A\u00fan se conserva el \u00f3rgano virreinal.<\/p>\n<p>Los muros interiores del templo est\u00e1n recubiertos casi en su totalidad por paneles de madera y ocho retablos salom\u00f3nicos estofados en oro y con soberbias esculturas de origen guatemalteco, as\u00ed como pinturas religiosas, esencialmente producci\u00f3n de los gremios de artistas locales. Sobresale el bello p\u00falpito que parece surgir de entre los muros y es uno de los pocos ejemplares en su tipo en Latinoam\u00e9rica; destaca por los motivos vegetales laber\u00ednticos y por su forma de c\u00e1liz.<\/p>\n<p>Al norte de la iglesia se encuentra el antiguo convento, magn\u00edfica construcci\u00f3n que consta de tres cruj\u00edas de dos plantas, en torno a un patio de doble arquer\u00eda en los cuatro costados y con un pozo central. Actualmente, este espacio alberga el museo hist\u00f3rico de la ciudad, conocido como Museo de los Altos de Chiapas, que en los a\u00f1os recientes ha tenido un notable renacimiento bajo la direcci\u00f3n de la antrop\u00f3loga Lourdes Herrasti, quien con verdadera pasi\u00f3n y entrega, ha renovado el inmueble y la museograf\u00eda. Se muestra la historia de la ciudad con colecciones de tipo hist\u00f3rico, art\u00edstico, arqueol\u00f3gico y etnogr\u00e1fico, y constantemente hay magn\u00edficas exposiciones temporales y actividades educativas y culturales, convirti\u00e9ndolo en un modelo para los museos del pa\u00eds.<\/p>\n<p>Esto s\u00f3lo bastar\u00eda para visitar la prodigiosa ciudad, en donde adem\u00e1s se consiguen los m\u00e1s bellos textiles elaborados en telar de cintura y bordados, as\u00ed como buena cer\u00e1mica, pero a ello hay que sumarle la cercan\u00eda con dos fascinantes poblaciones ind\u00edgenas, muy distintas entre s\u00ed, no obstante compartir la lengua tzotzil: San Juan Chamula y Zinacant\u00e1n. Los primeros, con sus atuendos de gruesa lana, blanca o negra seg\u00fan el rango en la comunidad, y los segundos con vestimentas bordadas con coloridas flores, que son reflejo de las que siembran en m\u00faltiples invernaderos.<\/p>\n<p>Los s\u00e1bados en el mercado, en donde puede adquirir las velas escamadas, aut\u00e9ntica filigrana en cera y mil cosas m\u00e1s, se puede degustar la famosa sopa de pan, finura gastron\u00f3mica \u00fanica de esta ciudad, que requerir\u00eda muchas, muchas cr\u00f3nicas, pero mejor hay que visitarla.<\/p>\n","protected":false},"excerpt":{"rendered":"<p>Por Jos\u00e9 F\u00e9lix Zavala \u201c\u2026dichosos fueron aquellos tiempos ya reunidos en el olvido, en que las tradiciones echaban ondas ra\u00edces y los cuentos y leyendas eran hermosas realidades\u2026\u201d En Ciudad Real el d\u00eda comienza con el ta\u00f1er de las campanas de sus conventos; el dominico, franciscano, el de los mercedarios, el jesuita y el de [&hellip;]<\/p>\n","protected":false},"author":249,"featured_media":14402,"comment_status":"open","ping_status":"closed","sticky":false,"template":"","format":"standard","meta":{"footnotes":""},"categories":[26],"tags":[],"class_list":["post-14401","post","type-post","status-publish","format-standard","has-post-thumbnail","hentry","category-mundo"],"_links":{"self":[{"href":"https:\/\/eloficiodehistoriar.com.mx\/index.php?rest_route=\/wp\/v2\/posts\/14401","targetHints":{"allow":["GET"]}}],"collection":[{"href":"https:\/\/eloficiodehistoriar.com.mx\/index.php?rest_route=\/wp\/v2\/posts"}],"about":[{"href":"https:\/\/eloficiodehistoriar.com.mx\/index.php?rest_route=\/wp\/v2\/types\/post"}],"author":[{"embeddable":true,"href":"https:\/\/eloficiodehistoriar.com.mx\/index.php?rest_route=\/wp\/v2\/users\/249"}],"replies":[{"embeddable":true,"href":"https:\/\/eloficiodehistoriar.com.mx\/index.php?rest_route=%2Fwp%2Fv2%2Fcomments&post=14401"}],"version-history":[{"count":1,"href":"https:\/\/eloficiodehistoriar.com.mx\/index.php?rest_route=\/wp\/v2\/posts\/14401\/revisions"}],"predecessor-version":[{"id":14403,"href":"https:\/\/eloficiodehistoriar.com.mx\/index.php?rest_route=\/wp\/v2\/posts\/14401\/revisions\/14403"}],"wp:featuredmedia":[{"embeddable":true,"href":"https:\/\/eloficiodehistoriar.com.mx\/index.php?rest_route=\/wp\/v2\/media\/14402"}],"wp:attachment":[{"href":"https:\/\/eloficiodehistoriar.com.mx\/index.php?rest_route=%2Fwp%2Fv2%2Fmedia&parent=14401"}],"wp:term":[{"taxonomy":"category","embeddable":true,"href":"https:\/\/eloficiodehistoriar.com.mx\/index.php?rest_route=%2Fwp%2Fv2%2Fcategories&post=14401"},{"taxonomy":"post_tag","embeddable":true,"href":"https:\/\/eloficiodehistoriar.com.mx\/index.php?rest_route=%2Fwp%2Fv2%2Ftags&post=14401"}],"curies":[{"name":"wp","href":"https:\/\/api.w.org\/{rel}","templated":true}]}}