{"id":14415,"date":"2019-11-10T13:12:49","date_gmt":"2019-11-10T19:12:49","guid":{"rendered":"https:\/\/eloficiodehistoriar.com.mx\/?p=14415"},"modified":"2019-11-10T13:17:05","modified_gmt":"2019-11-10T19:17:05","slug":"gino-vanelli-en-el-blackberry","status":"publish","type":"post","link":"https:\/\/eloficiodehistoriar.com.mx\/?p=14415","title":{"rendered":"Gino Vanelli en el Blackberry"},"content":{"rendered":"<p>Juan Ibarra<\/p>\n<p>La Jornada<\/p>\n<p>\u201cLa m\u00fasica se volvi\u00f3 mi vida porque yo sab\u00eda que ten\u00eda una vibraci\u00f3n que amaba experimentar, tanto fuera como dentro de mi cuerpo, as\u00ed como en la parte m\u00e1s profunda de mi cerebro. Escog\u00ed la m\u00fasica por eso. \u00c9sta b\u00e1sicamente es vibraci\u00f3n, por eso en el yoga se dice \u2018ohm, ohm\u2019, un movimiento que recorre todo tu cuerpo y te calma. Para m\u00ed, adem\u00e1s, la m\u00fasica nos mantiene concentrados, ocupados; nos hace esperar algo, evolucionar, crecer y sentir alegr\u00eda\u201d. As\u00ed explica Gino Vannelli la pasi\u00f3n por su trabajo.<\/p>\n<p>Con casi 50 a\u00f1os de carrera, el cantautor canadiense asegura encontrar alicientes en mantener su proceso creativo en constante cambio, pero tambi\u00e9n en la b\u00fasqueda de inspiraci\u00f3n. \u00c9sta \u201ces la clave para escribir m\u00fasica durante toda la vida, y el quid para inspirarte es seguir cavando para hallar nuevas cosas, nuevos poetas, nuevos m\u00fasicos\u201d, afirm\u00f3 Vannelli.<\/p>\n<p>El int\u00e9rprete de I just wanna stop, entre otros \u00e9xitos, dijo en entrevista que hacer m\u00fasica es como un pasatiempo permanente, y aunque se ha dedicado a \u00e9sta desde que ten\u00eda 17 a\u00f1os, considera que no implica \u00fanicamente practicar todos los d\u00edas.<\/p>\n<p>Es un trabajo muy grande. Es una b\u00fasqueda y una prueba constantes. Tienes que escucharte a ti mismo, y eso incluye est\u00e9s en constante cambio, y como el mundo tambi\u00e9n est\u00e1 transform\u00e1ndose, esto lo hace tan complicado, explic\u00f3.<\/p>\n<p>Asimismo, el m\u00fasico indic\u00f3 que el objetivo tanto de la vida como de la m\u00fasica es proporcionar alegr\u00eda, aunque aclar\u00f3 que para ello es necesario experimentar diferentes circunstancias porque la vida tambi\u00e9n es miserable. Para el cantante, la \u00fanica manera de encontrar la verdadera felicidad es comprenderte a ti mismo, y hallar tu centro.<\/p>\n<p>Vannelli, igual que un agricultor que ve sus hortalizas crecer, tiene cari\u00f1o a cada parte del proceso de hacer m\u00fasica. Amo ir al estudio y pensar que durante 45 minutos estar\u00e9 con int\u00e9rpretes que son fant\u00e1sticos tocando. Me gusta escucharlos tocar y despu\u00e9s intercambiar ideas. Adoro esto desde que soy un ni\u00f1o, es mi felicidad m\u00e1s profunda, puntualiz\u00f3.<\/p>\n<p>El canadiense relat\u00f3 que para \u00e9l es como si cada persona tuviera un pozo desde donde se puede llegar al principio de todo, cuando no hab\u00eda nada, salvo el deseo de ser, y es responsabilidad del artista seguir bajando el pozo. Es oscuro y profundo, pero tienes que llegar ah\u00ed. Y entonces sales con nuevas ideas. Cuando est\u00e1s cansado de adentrarte en ese hoyo, es entonces cuando dejas de ser un artista, y yo no estoy cansado todav\u00eda: sigo adentr\u00e1ndome y voy muy profundo.<\/p>\n<p>De acuerdo con Vannelli, as\u00ed como los vegetales y sus colores nutren al cuerpo, el arte es indispensable para nuestras almas. Necesitamos algo que ocupe nuestros cerebros, emociones y sentidos. Por eso nacieron las artes, explic\u00f3.<\/p>\n<p>Sobre el tipo de arte al que ha dedicado casi toda su vida, dijo que la m\u00fasica tiene una forma de alcanzar las partes m\u00e1s profundas del cerebro y del sistema nervioso. La m\u00fasica puede calmar a un beb\u00e9 o hacerlo llorar; puede hacer que las plantas crezcan mejor; el tipo incorrecto de m\u00fasica lograr\u00e1 que se desarrollen mal.<\/p>\n<p>Asimismo, explic\u00f3 que eligi\u00f3 la m\u00fasica luego de caminar por primera vez en un templo y escuchar un canto gregoriano entonado por un coro, lo que despert\u00f3 en \u00e9l una sensaci\u00f3n nueva.<\/p>\n<p>Vannelli asegura estar preparando nuevas cosas para el a\u00f1o pr\u00f3ximo.<\/p>\n<p>En tanto, este 29 de noviembre se presentar\u00e1 en el auditorio Blackberry de la Ciudad de M\u00e9xico para ofrecer a sus seguidores un espect\u00e1culo de dos horas basado principalmente en la m\u00fasica que hizo durante la d\u00e9cada de los 70.<\/p>\n","protected":false},"excerpt":{"rendered":"<p>Juan Ibarra La Jornada \u201cLa m\u00fasica se volvi\u00f3 mi vida porque yo sab\u00eda que ten\u00eda una vibraci\u00f3n que amaba experimentar, tanto fuera como dentro de mi cuerpo, as\u00ed como en la parte m\u00e1s profunda de mi cerebro. Escog\u00ed la m\u00fasica por eso. \u00c9sta b\u00e1sicamente es vibraci\u00f3n, por eso en el yoga se dice \u2018ohm, ohm\u2019, [&hellip;]<\/p>\n","protected":false},"author":249,"featured_media":14419,"comment_status":"open","ping_status":"closed","sticky":false,"template":"","format":"standard","meta":{"footnotes":""},"categories":[26],"tags":[],"class_list":["post-14415","post","type-post","status-publish","format-standard","has-post-thumbnail","hentry","category-mundo"],"_links":{"self":[{"href":"https:\/\/eloficiodehistoriar.com.mx\/index.php?rest_route=\/wp\/v2\/posts\/14415","targetHints":{"allow":["GET"]}}],"collection":[{"href":"https:\/\/eloficiodehistoriar.com.mx\/index.php?rest_route=\/wp\/v2\/posts"}],"about":[{"href":"https:\/\/eloficiodehistoriar.com.mx\/index.php?rest_route=\/wp\/v2\/types\/post"}],"author":[{"embeddable":true,"href":"https:\/\/eloficiodehistoriar.com.mx\/index.php?rest_route=\/wp\/v2\/users\/249"}],"replies":[{"embeddable":true,"href":"https:\/\/eloficiodehistoriar.com.mx\/index.php?rest_route=%2Fwp%2Fv2%2Fcomments&post=14415"}],"version-history":[{"count":1,"href":"https:\/\/eloficiodehistoriar.com.mx\/index.php?rest_route=\/wp\/v2\/posts\/14415\/revisions"}],"predecessor-version":[{"id":14417,"href":"https:\/\/eloficiodehistoriar.com.mx\/index.php?rest_route=\/wp\/v2\/posts\/14415\/revisions\/14417"}],"wp:featuredmedia":[{"embeddable":true,"href":"https:\/\/eloficiodehistoriar.com.mx\/index.php?rest_route=\/wp\/v2\/media\/14419"}],"wp:attachment":[{"href":"https:\/\/eloficiodehistoriar.com.mx\/index.php?rest_route=%2Fwp%2Fv2%2Fmedia&parent=14415"}],"wp:term":[{"taxonomy":"category","embeddable":true,"href":"https:\/\/eloficiodehistoriar.com.mx\/index.php?rest_route=%2Fwp%2Fv2%2Fcategories&post=14415"},{"taxonomy":"post_tag","embeddable":true,"href":"https:\/\/eloficiodehistoriar.com.mx\/index.php?rest_route=%2Fwp%2Fv2%2Ftags&post=14415"}],"curies":[{"name":"wp","href":"https:\/\/api.w.org\/{rel}","templated":true}]}}