{"id":14421,"date":"2019-11-10T13:39:28","date_gmt":"2019-11-10T19:39:28","guid":{"rendered":"https:\/\/eloficiodehistoriar.com.mx\/?p=14421"},"modified":"2019-11-10T13:39:28","modified_gmt":"2019-11-10T19:39:28","slug":"escultura-sobre-los-migrantes-y-refugiados-en-la-plaza-de-san-pedro","status":"publish","type":"post","link":"https:\/\/eloficiodehistoriar.com.mx\/?p=14421","title":{"rendered":"Escultura sobre los migrantes y refugiados en La Plaza de San Pedro"},"content":{"rendered":"<p>ACI<\/p>\n<p>El Papa Francisco present\u00f3 este domingo 29 de septiembre, en la Plaza de San Pedro del Vaticano, una gran escultura de bronce que representa una barca con migrantes y refugiados de todos los pueblos y \u00e9pocas.<\/p>\n<p>La escultura, situada junto a la columnata barroca de Bernini, se inaugur\u00f3 al finalizar el rezo del \u00c1ngelus con motivo de la Jornada Mundial del Migrante y del Refugiado.<\/p>\n<p>El Santo Padre se\u00f1al\u00f3 que esta escultura tiene como objetivo subrayar \u201cla necesidad de que nadie sea excluido de la sociedad, ya sea un ciudadano residente desde hace mucho tiempo o uno reci\u00e9n llegado\u201d.<\/p>\n<p>La escultura, seg\u00fan explic\u00f3 el Pont\u00edfice, se inspira en las palabras de la Carta a los Hebreos: \u201cNo olvid\u00e9is la hospitalidad; algunos, practic\u00e1ndola, han acogido a \u00e1ngeles sin saberlo\u201d.<\/p>\n<p>\u201cEsta escultura, en bronce y arcilla, representa a un grupo de migrantes de varias culturas y de diversos per\u00edodos hist\u00f3ricos. He querido que esta obra art\u00edstica est\u00e9 aqu\u00ed, en la Plaza de San Pedro, para que recuerde a todos el desaf\u00edo evang\u00e9lico de la acogida\u201d, destac\u00f3 Francisco.<\/p>\n<p>La escultura, que se encontraba cubierta por una tela blanca que el Papa, ayudado por una familia de cameruneses, retir\u00f3 para dejar al descubierto la obra. Despu\u00e9s, el Obispo de Roma toc\u00f3 el bronce y bendijo la escultura.<\/p>\n","protected":false},"excerpt":{"rendered":"<p>ACI El Papa Francisco present\u00f3 este domingo 29 de septiembre, en la Plaza de San Pedro del Vaticano, una gran escultura de bronce que representa una barca con migrantes y refugiados de todos los pueblos y \u00e9pocas. La escultura, situada junto a la columnata barroca de Bernini, se inaugur\u00f3 al finalizar el rezo del \u00c1ngelus [&hellip;]<\/p>\n","protected":false},"author":249,"featured_media":14422,"comment_status":"open","ping_status":"closed","sticky":false,"template":"","format":"standard","meta":{"footnotes":""},"categories":[26],"tags":[],"class_list":["post-14421","post","type-post","status-publish","format-standard","has-post-thumbnail","hentry","category-mundo"],"_links":{"self":[{"href":"https:\/\/eloficiodehistoriar.com.mx\/index.php?rest_route=\/wp\/v2\/posts\/14421","targetHints":{"allow":["GET"]}}],"collection":[{"href":"https:\/\/eloficiodehistoriar.com.mx\/index.php?rest_route=\/wp\/v2\/posts"}],"about":[{"href":"https:\/\/eloficiodehistoriar.com.mx\/index.php?rest_route=\/wp\/v2\/types\/post"}],"author":[{"embeddable":true,"href":"https:\/\/eloficiodehistoriar.com.mx\/index.php?rest_route=\/wp\/v2\/users\/249"}],"replies":[{"embeddable":true,"href":"https:\/\/eloficiodehistoriar.com.mx\/index.php?rest_route=%2Fwp%2Fv2%2Fcomments&post=14421"}],"version-history":[{"count":1,"href":"https:\/\/eloficiodehistoriar.com.mx\/index.php?rest_route=\/wp\/v2\/posts\/14421\/revisions"}],"predecessor-version":[{"id":14423,"href":"https:\/\/eloficiodehistoriar.com.mx\/index.php?rest_route=\/wp\/v2\/posts\/14421\/revisions\/14423"}],"wp:featuredmedia":[{"embeddable":true,"href":"https:\/\/eloficiodehistoriar.com.mx\/index.php?rest_route=\/wp\/v2\/media\/14422"}],"wp:attachment":[{"href":"https:\/\/eloficiodehistoriar.com.mx\/index.php?rest_route=%2Fwp%2Fv2%2Fmedia&parent=14421"}],"wp:term":[{"taxonomy":"category","embeddable":true,"href":"https:\/\/eloficiodehistoriar.com.mx\/index.php?rest_route=%2Fwp%2Fv2%2Fcategories&post=14421"},{"taxonomy":"post_tag","embeddable":true,"href":"https:\/\/eloficiodehistoriar.com.mx\/index.php?rest_route=%2Fwp%2Fv2%2Ftags&post=14421"}],"curies":[{"name":"wp","href":"https:\/\/api.w.org\/{rel}","templated":true}]}}