{"id":14424,"date":"2019-11-11T10:44:26","date_gmt":"2019-11-11T16:44:26","guid":{"rendered":"https:\/\/eloficiodehistoriar.com.mx\/?p=14424"},"modified":"2019-11-11T10:44:26","modified_gmt":"2019-11-11T16:44:26","slug":"obra-del-museo-cobra-de-amsterdam-se-expone-en-el-de-arte-moderno-de-mexico","status":"publish","type":"post","link":"https:\/\/eloficiodehistoriar.com.mx\/?p=14424","title":{"rendered":"Obra del museo CoBrA de Amsterdam se expone en el de Arte Moderno de M\u00e9xico"},"content":{"rendered":"<p>La Jornada<\/p>\n<p>Ciudad de M\u00e9xico.<\/p>\n<p>La exposici\u00f3n CoBrA: serpiente de mil cabezas, de 126 obras, que se exhibe en el Museo de Arte Moderno (MAM), es el resultado de un intercambio interinstitucional entre dicho recinto y el Museo CoBrA de Arte Moderno, en \u00c1msterdam. Se da, entre otras razones, porque en la colecci\u00f3n del MAM hay obras de artistas pertenecientes al movimiento fundado en 1948 en Par\u00eds, como Karel Appel y Pierre Ale-chinsky. Adem\u00e1s, el coleccionista Karel van Stuijvenberg, cuyo acervo del grupo CoBrA fue la base del museo holand\u00e9s, conoci\u00f3 a Appel en 1977 en el recinto de Reforma y Gandhi, con motivo de una exhibici\u00f3n que se mont\u00f3 ah\u00ed.<\/p>\n<p>El v\u00ednculo, sin embargo, va m\u00e1s all\u00e1, expres\u00f3 Stefan von Raay, director del Museo CoBrA de Arte Moderno: Los dos recintos, por relaciones personales, tambi\u00e9n quieren intercambiar sus colecciones. Ahora, muchos museos tienen un problema con los costos de las grandes muestras debido a los pr\u00e9stamos provenientes del mundo. Para el curador, se trata de una solidaridad cultural internacional. Armar exposiciones de esa manera es m\u00e1s barato que los otros proyectos.<\/p>\n<p>Agreg\u00f3: Hay muchos problemas en el mundo, no obstante, tener intercambios interinstitucionales es muy positivo para entender qu\u00e9 pasa en otras partes.<\/p>\n<p>Natalia Pollak, directora del MAM, anot\u00f3 que en octubre pasado se inaugur\u00f3 en el Museo CoBrA de Arte Moderno Intense M\u00e9xico, exposici\u00f3n hecha con base en la colecci\u00f3n del MAM. En reciprocidad, se recibi\u00f3 CoBrA: serpiente de mil cabezas. Acot\u00f3: Fueron muchos meses de trabajo entre equipos. No s\u00f3lo lleg\u00f3 la exposici\u00f3n y la pusieron. Todo se trabaj\u00f3 de manera conjunta: la museograf\u00eda, los contenidos y textos. Es como hablar de una coproducci\u00f3n, de manera horizontal, entre colegas.<\/p>\n<p>Von Raay indic\u00f3 que Intense M\u00e9xico ha sido muy bien recibida en Holanda. Es la primera vez que hay una vista general de los artistas modernos mexicanos, y la reacci\u00f3n ha sido de mucho entusiasmo.<\/p>\n<p>Movimiento irrepetible<\/p>\n<p>CoBrA es el acr\u00f3nimo de Copenhague, Bruselas y \u00c1msterdam, ciudades de origen de los fundadores del movimiento. Se disolvi\u00f3 en 1951 debido a desacuerdos entre sus miembros. Sin embargo, las ideas permanecieron en los a\u00f1os 50 y 60 y las amistades continuaron, apunt\u00f3 Von Raay.<\/p>\n<p>Ahora, el estilo CoBrA es muy conocido en Holanda, Dinamarca y Europa en general. Lo describi\u00f3 como de espontaneidad, de co-lor, de inspiraci\u00f3n, del subconsciente, de dibujos infantiles.<\/p>\n<p>Grupos como CoBrA ya no se dan. No conozco un movimiento como \u00e9ste ahora, con sus teor\u00edas internacionales y sus colaboraciones entre escritores y artistas pl\u00e1sticos. Aunque s\u00ed, grupos m\u00e1s peque\u00f1os e informales. CoBrA buscaba alejarse de los horrores de la Segunda Guerra Mundial. Hab\u00eda una tendencia comunista. Las ideas del comunismo y del marxismo no son muy populares en este tiempo de neoliberalismo, se\u00f1al\u00f3 Von Raay.<\/p>\n<p>Los integrantes de CoBrA pensaban seriamente que \u00e9sta era la v\u00eda para el futuro. Tampoco creyeron existir como un grupo especial, ya que todo el mundo tiene posibilidad de expresar creatividad.<\/p>\n<p>La muestra tambi\u00e9n comprende obras provenientes de los acervos de los museos de Arte Moderno y Tamayo, de M\u00e9xico, as\u00ed como de acervos particulares.<\/p>\n<p>El Museo de Arte Moderno se ubica en Paseo de la Reforma y Gandhi, Bosque de Chapultepec. La exposici\u00f3n permanecer\u00e1 hasta el 12 de abril<\/p>\n","protected":false},"excerpt":{"rendered":"<p>La Jornada Ciudad de M\u00e9xico. La exposici\u00f3n CoBrA: serpiente de mil cabezas, de 126 obras, que se exhibe en el Museo de Arte Moderno (MAM), es el resultado de un intercambio interinstitucional entre dicho recinto y el Museo CoBrA de Arte Moderno, en \u00c1msterdam. Se da, entre otras razones, porque en la colecci\u00f3n del MAM [&hellip;]<\/p>\n","protected":false},"author":249,"featured_media":14426,"comment_status":"open","ping_status":"closed","sticky":false,"template":"","format":"standard","meta":{"footnotes":""},"categories":[26],"tags":[],"class_list":["post-14424","post","type-post","status-publish","format-standard","has-post-thumbnail","hentry","category-mundo"],"_links":{"self":[{"href":"https:\/\/eloficiodehistoriar.com.mx\/index.php?rest_route=\/wp\/v2\/posts\/14424","targetHints":{"allow":["GET"]}}],"collection":[{"href":"https:\/\/eloficiodehistoriar.com.mx\/index.php?rest_route=\/wp\/v2\/posts"}],"about":[{"href":"https:\/\/eloficiodehistoriar.com.mx\/index.php?rest_route=\/wp\/v2\/types\/post"}],"author":[{"embeddable":true,"href":"https:\/\/eloficiodehistoriar.com.mx\/index.php?rest_route=\/wp\/v2\/users\/249"}],"replies":[{"embeddable":true,"href":"https:\/\/eloficiodehistoriar.com.mx\/index.php?rest_route=%2Fwp%2Fv2%2Fcomments&post=14424"}],"version-history":[{"count":1,"href":"https:\/\/eloficiodehistoriar.com.mx\/index.php?rest_route=\/wp\/v2\/posts\/14424\/revisions"}],"predecessor-version":[{"id":14427,"href":"https:\/\/eloficiodehistoriar.com.mx\/index.php?rest_route=\/wp\/v2\/posts\/14424\/revisions\/14427"}],"wp:featuredmedia":[{"embeddable":true,"href":"https:\/\/eloficiodehistoriar.com.mx\/index.php?rest_route=\/wp\/v2\/media\/14426"}],"wp:attachment":[{"href":"https:\/\/eloficiodehistoriar.com.mx\/index.php?rest_route=%2Fwp%2Fv2%2Fmedia&parent=14424"}],"wp:term":[{"taxonomy":"category","embeddable":true,"href":"https:\/\/eloficiodehistoriar.com.mx\/index.php?rest_route=%2Fwp%2Fv2%2Fcategories&post=14424"},{"taxonomy":"post_tag","embeddable":true,"href":"https:\/\/eloficiodehistoriar.com.mx\/index.php?rest_route=%2Fwp%2Fv2%2Ftags&post=14424"}],"curies":[{"name":"wp","href":"https:\/\/api.w.org\/{rel}","templated":true}]}}