{"id":14428,"date":"2019-11-11T10:54:47","date_gmt":"2019-11-11T16:54:47","guid":{"rendered":"https:\/\/eloficiodehistoriar.com.mx\/?p=14428"},"modified":"2019-11-11T10:54:47","modified_gmt":"2019-11-11T16:54:47","slug":"a-david-huerta-en-su-70-aniversario-en-bellas-artes","status":"publish","type":"post","link":"https:\/\/eloficiodehistoriar.com.mx\/?p=14428","title":{"rendered":"A David Huerta en su 70 aniversario en Bellas Artes"},"content":{"rendered":"<p>La Jornada<\/p>\n<p>El escritor, poeta, traductor y periodista David Huerta (M\u00e9xico, 1949) fue homenajeado en la Sala Manuel M. Ponce del Palacio de Bellas Artes por su fruct\u00edfera trayectoria y su 70 aniversario de vida.<\/p>\n<p>La titular del Instituto Nacional de Bellas Artes y Literatura (INBAL), Lucila Jim\u00e9nez L\u00f3pez, mencion\u00f3 que Huerta es \u201cuna de las conciencias m\u00e1s l\u00facidas del pensamiento cultural de nuestros d\u00edas. Si hay alguien a quien se le debe el haber atesorado palabras para devolverlas y hacernos m\u00e1s sensibles a una realidad como la que vivimos, es a \u00e9l\u201d.<\/p>\n<p>En entrevista con Notimex, el narrador y ensayista Jorge Comensal (M\u00e9xico, 1987) resalt\u00f3 a su vez la gran oportunidad de celebrar las siete d\u00e9cadas del natalicio de David Huerta durante un encuentro, en el cual su obra po\u00e9tica y su labor docente fueron reconocidos; \u00abadem\u00e1s de ser un grandioso escritor, es un comprometido divulgador de la literatura de tradici\u00f3n hispana\u00bb.<\/p>\n<p>Comensal coment\u00f3 que entre sus libros predilectos del poeta se encuentran Hacia la superficie, Cuaderno de noviembre, La Calle blanca y El inmenso incurable; \u201ctiene una imaginaci\u00f3n verbal desbocada para crear im\u00e1genes inusitadas, originales, muy frescas, jam\u00e1s se siente la presencia de lugares comunes o trillados en su obra\u201d, destac\u00f3 el autor de la novela Las mutaciones.<\/p>\n<p>En su oportunidad Jacobo Sefami (M\u00e9xico, 1957), profesor y acad\u00e9mico universitario, reconoci\u00f3 en Huerta una inmensa versatilidad como escritor, siendo esta la raz\u00f3n principal de que obtuviera el Premio FIL de Literatura en Lenguas Romances 2019, reconocimiento que le ser\u00e1 entregado durante la Feria Internacional del Libro de Guadalajara.<\/p>\n<p>\u00abEs muy conocido por su libro Muerte incurable, pero \u00e9l empez\u00f3 a escribir desde 1972, fecha de publicaci\u00f3n del poemario El jard\u00edn de la luz. Huerta tiene casi cinco d\u00e9cadas de ejercicio profesional como escritor y poeta\u00bb, subray\u00f3 Samafi sobre el homenajeado, de quien destac\u00f3 su pasi\u00f3n<\/p>\n","protected":false},"excerpt":{"rendered":"<p>La Jornada El escritor, poeta, traductor y periodista David Huerta (M\u00e9xico, 1949) fue homenajeado en la Sala Manuel M. Ponce del Palacio de Bellas Artes por su fruct\u00edfera trayectoria y su 70 aniversario de vida. La titular del Instituto Nacional de Bellas Artes y Literatura (INBAL), Lucila Jim\u00e9nez L\u00f3pez, mencion\u00f3 que Huerta es \u201cuna de [&hellip;]<\/p>\n","protected":false},"author":249,"featured_media":14429,"comment_status":"open","ping_status":"closed","sticky":false,"template":"","format":"standard","meta":{"footnotes":""},"categories":[26],"tags":[],"class_list":["post-14428","post","type-post","status-publish","format-standard","has-post-thumbnail","hentry","category-mundo"],"_links":{"self":[{"href":"https:\/\/eloficiodehistoriar.com.mx\/index.php?rest_route=\/wp\/v2\/posts\/14428","targetHints":{"allow":["GET"]}}],"collection":[{"href":"https:\/\/eloficiodehistoriar.com.mx\/index.php?rest_route=\/wp\/v2\/posts"}],"about":[{"href":"https:\/\/eloficiodehistoriar.com.mx\/index.php?rest_route=\/wp\/v2\/types\/post"}],"author":[{"embeddable":true,"href":"https:\/\/eloficiodehistoriar.com.mx\/index.php?rest_route=\/wp\/v2\/users\/249"}],"replies":[{"embeddable":true,"href":"https:\/\/eloficiodehistoriar.com.mx\/index.php?rest_route=%2Fwp%2Fv2%2Fcomments&post=14428"}],"version-history":[{"count":1,"href":"https:\/\/eloficiodehistoriar.com.mx\/index.php?rest_route=\/wp\/v2\/posts\/14428\/revisions"}],"predecessor-version":[{"id":14430,"href":"https:\/\/eloficiodehistoriar.com.mx\/index.php?rest_route=\/wp\/v2\/posts\/14428\/revisions\/14430"}],"wp:featuredmedia":[{"embeddable":true,"href":"https:\/\/eloficiodehistoriar.com.mx\/index.php?rest_route=\/wp\/v2\/media\/14429"}],"wp:attachment":[{"href":"https:\/\/eloficiodehistoriar.com.mx\/index.php?rest_route=%2Fwp%2Fv2%2Fmedia&parent=14428"}],"wp:term":[{"taxonomy":"category","embeddable":true,"href":"https:\/\/eloficiodehistoriar.com.mx\/index.php?rest_route=%2Fwp%2Fv2%2Fcategories&post=14428"},{"taxonomy":"post_tag","embeddable":true,"href":"https:\/\/eloficiodehistoriar.com.mx\/index.php?rest_route=%2Fwp%2Fv2%2Ftags&post=14428"}],"curies":[{"name":"wp","href":"https:\/\/api.w.org\/{rel}","templated":true}]}}