{"id":14431,"date":"2019-11-11T11:00:45","date_gmt":"2019-11-11T17:00:45","guid":{"rendered":"https:\/\/eloficiodehistoriar.com.mx\/?p=14431"},"modified":"2019-11-11T11:00:45","modified_gmt":"2019-11-11T17:00:45","slug":"la-poesia-iberoamericana","status":"publish","type":"post","link":"https:\/\/eloficiodehistoriar.com.mx\/?p=14431","title":{"rendered":"La poes\u00eda iberoamericana"},"content":{"rendered":"<p>Jornada semanal<\/p>\n<div class=\"col-md-8\">\n<div class=\"la-jornada-semanal-nitf-description\">&#8216;Voz que madura. La poes\u00eda iberoamericana a trav\u00e9s de sus poetas&#8217;, Jos\u00e9 \u00c1ngel Leyva, BUAP Ediciones, M\u00e9xico, 2018.<\/div>\n<div class=\"col-md-12 autor_semanal_paraleer\">Por\u00a0la Redacci\u00f3n<\/div>\n<\/div>\n<div class=\"col-md-12\">\n<div class=\"la-jornada-semanal-nitf-content\">\n<p>Repartidas en tres\u00a0vol\u00famenes, las entrevistas que conforman\u00a0<i>Voz que madura<\/i>\u00a0\u2013t\u00edtulo de feliz alusi\u00f3n a los versos villaurrutianos\u2013 y que juntas rebasan los setecientos folios, son de enorme significaci\u00f3n para la poes\u00eda no s\u00f3lo de M\u00e9xico sino, como bien lo indica el t\u00edtulo, tambi\u00e9n del espacio literario iberoamericano. Poeta \u00e9l mismo y estupendo entrevistador, Jos\u00e9 \u00c1ngel Leyva se ha dado a la tarea, desde hace muchos a\u00f1os, de conversar con los due\u00f1os de las voces po\u00e9ticas m\u00e1s relevantes y memorables que le han dado identidad, fuerza y plena madurez a la poes\u00eda que se escribe de este lado del mundo.<\/p>\n<p>La simple lista de los autores convocados es prueba de lo anterior: entre ellos est\u00e1n Al\u00ed Chumacero, Eduardo Lizalde, Juan Gelman, Tom\u00e1s Segovia, Rafael Cadenas, Rub\u00e9n Bonifaz Nu\u00f1o, Otto Ra\u00fal Gonz\u00e1lez, Cintio Vitier y Ferreira Gullar, por mencionar algunos s\u00f3lo del primer volumen, consagrado a quienes nacieron en la d\u00e9cada de los a\u00f1os treinta del siglo pasado, que contin\u00faan en el segundo volumen \u2013y entonces Jos\u00e9 Emilio Pacheco, Hugo Guti\u00e9rrez Vega y Juan Ba\u00f1uelos, por ejemplo\u2013, en progresi\u00f3n cronol\u00f3gica hasta llegar, ya en el tercer volumen, a poetas nacidos en la d\u00e9cada de los cincuenta, verbigracia Luis Garc\u00eda Montero, Javier Sicilia y Alex Fleites.<\/p>\n<p>El com\u00fan denominador de estas conversaciones es doble: amplio conocimiento de la obra del entrevistado y genuino entusiasmo por ella, lo que da como resultado, vista en conjunto esta dilatada charla colectiva, una suerte de po\u00e9tica explicada a m\u00faltiples voces, gracias a la cual es posible una aproximaci\u00f3n m\u00e1s sensible y comprensiva a un\u00a0<i>corpus<\/i>\u00a0literario de belleza y solidez notables.<\/p>\n<p>&nbsp;<\/p>\n<\/div>\n<\/div>\n","protected":false},"excerpt":{"rendered":"<p>Jornada semanal &#8216;Voz que madura. La poes\u00eda iberoamericana a trav\u00e9s de sus poetas&#8217;, Jos\u00e9 \u00c1ngel Leyva, BUAP Ediciones, M\u00e9xico, 2018. Por\u00a0la Redacci\u00f3n Repartidas en tres\u00a0vol\u00famenes, las entrevistas que conforman\u00a0Voz que madura\u00a0\u2013t\u00edtulo de feliz alusi\u00f3n a los versos villaurrutianos\u2013 y que juntas rebasan los setecientos folios, son de enorme significaci\u00f3n para la poes\u00eda no s\u00f3lo de [&hellip;]<\/p>\n","protected":false},"author":249,"featured_media":14432,"comment_status":"open","ping_status":"closed","sticky":false,"template":"","format":"standard","meta":{"footnotes":""},"categories":[26],"tags":[],"class_list":["post-14431","post","type-post","status-publish","format-standard","has-post-thumbnail","hentry","category-mundo"],"_links":{"self":[{"href":"https:\/\/eloficiodehistoriar.com.mx\/index.php?rest_route=\/wp\/v2\/posts\/14431","targetHints":{"allow":["GET"]}}],"collection":[{"href":"https:\/\/eloficiodehistoriar.com.mx\/index.php?rest_route=\/wp\/v2\/posts"}],"about":[{"href":"https:\/\/eloficiodehistoriar.com.mx\/index.php?rest_route=\/wp\/v2\/types\/post"}],"author":[{"embeddable":true,"href":"https:\/\/eloficiodehistoriar.com.mx\/index.php?rest_route=\/wp\/v2\/users\/249"}],"replies":[{"embeddable":true,"href":"https:\/\/eloficiodehistoriar.com.mx\/index.php?rest_route=%2Fwp%2Fv2%2Fcomments&post=14431"}],"version-history":[{"count":1,"href":"https:\/\/eloficiodehistoriar.com.mx\/index.php?rest_route=\/wp\/v2\/posts\/14431\/revisions"}],"predecessor-version":[{"id":14433,"href":"https:\/\/eloficiodehistoriar.com.mx\/index.php?rest_route=\/wp\/v2\/posts\/14431\/revisions\/14433"}],"wp:featuredmedia":[{"embeddable":true,"href":"https:\/\/eloficiodehistoriar.com.mx\/index.php?rest_route=\/wp\/v2\/media\/14432"}],"wp:attachment":[{"href":"https:\/\/eloficiodehistoriar.com.mx\/index.php?rest_route=%2Fwp%2Fv2%2Fmedia&parent=14431"}],"wp:term":[{"taxonomy":"category","embeddable":true,"href":"https:\/\/eloficiodehistoriar.com.mx\/index.php?rest_route=%2Fwp%2Fv2%2Fcategories&post=14431"},{"taxonomy":"post_tag","embeddable":true,"href":"https:\/\/eloficiodehistoriar.com.mx\/index.php?rest_route=%2Fwp%2Fv2%2Ftags&post=14431"}],"curies":[{"name":"wp","href":"https:\/\/api.w.org\/{rel}","templated":true}]}}