{"id":14435,"date":"2019-11-12T10:53:23","date_gmt":"2019-11-12T16:53:23","guid":{"rendered":"https:\/\/eloficiodehistoriar.com.mx\/?p=14435"},"modified":"2019-11-12T10:53:23","modified_gmt":"2019-11-12T16:53:23","slug":"el-pueblo-cambia-la-historia-esta-es-de-abajo-hacia-arriba","status":"publish","type":"post","link":"https:\/\/eloficiodehistoriar.com.mx\/?p=14435","title":{"rendered":"El pueblo cambia la historia, \u00e9sta es de abajo hacia arriba"},"content":{"rendered":"<p>La Jornada<\/p>\n<p>Ciudad de M\u00e9xico.<\/p>\n<p>La conmemoraci\u00f3n del centenario de la fundaci\u00f3n del Partido Comunista Mexicano (PCM) es una gran oportunidad para reflexionar acerca de los aciertos y errores, sobre todo \u2018\u2018para cambiar la actitud actual de la izquierda que nada m\u00e1s conoce las cimas, o aspira a llegar a ellas, cuando para nosotros la militancia fue la entrega absoluta al ideal de un futuro mejor para la humanidad y plantearse siemprela disposici\u00f3n a dar parte del tiempo sin m\u00e1s remuneraci\u00f3n que el servicio de los dem\u00e1s\u201d, sostieneel historiador Enrique Semo Calev (Bulgaria, 1930) en entrevista con La Jornada.<\/p>\n<p>El 24 de noviembre se cumplen cien a\u00f1os del PCM, el cual apareci\u00f3 \u2018\u2018en un momento fundamental en la historia de la Revoluci\u00f3n Mexicana (1919). Desde entonces, el PCM y los comunistas han sido protagonistas de las grandes luchas sociales de nuestro pueblo por el bienestar, la libertad, la dignidad y la independencia nacional\u201d, explica un llamamiento que con motivo de la efem\u00e9ride difunden quienes en alg\u00fan momento formaron parte de esa agrupaci\u00f3n (https:\/\/www.jornada.com.mx\/ultimas\/ cultura\/2019\/11\/11\/a-100-anos-de-su-fundacion-partido-comunista-mexicano-lanza-mensaje-6505.html).<\/p>\n<p>La lucha de los chilenos<\/p>\n<p>Doctor en historia econ\u00f3mica por la Universidad Humboldt de Berl\u00edn, Alemania, Semo Calev particip\u00f3 en los \u00faltimos a\u00f1os del Partido Comunista Mexicano, el cual se disolvi\u00f3 el 18 de octubre de 1981, luego de una muy activa participaci\u00f3n \u2018\u2018en las fuerzas democr\u00e1ticas, progresistas, socialistas, comunistas y de izquierda, llegando al grado de autodisolverse entregando incondicionalmente su registro y sus bienes a las nuevas organizaciones\u201d, a\u00f1ade el llamamiento.<\/p>\n<p>Sin embargo, contin\u00faa el documento, \u2018\u2018la insurrecci\u00f3n pol\u00edtico electoral realizada por nuestro pueblo el primero de julio de 2018 tiene una ra\u00edz roja y la decidida influencia socialista\u201d.<\/p>\n<p>Semo reitera que nunca fue un objetivo de los militantes del partido llegar a ser diputados o senadores, \u2018\u2018cuando hubo posibilidad de ir al Congreso lo aprovechamos, pero nunca cre\u00edmos que en las c\u00e1maras se cambiaba la historia. La historia se cambia abajo, a trav\u00e9s de la conciencia de la gente, como los chilenos, que llevan casi 20 d\u00edas de constantes huelgas pese a los muertos, pese a los miles de presos, las personas se re\u00fanen en grupos a discutir la situaci\u00f3n de su pa\u00eds. Ese es y fue el objetivo del PCM: quela gente tomara conciencia pol\u00edtica de la situaci\u00f3n y comenzara aparticipar\u201d.<\/p>\n<p>El poder, a\u00f1ade el tambi\u00e9n economista, \u2018\u2018es un af\u00e1n imaginario. Piensan: \u2018si soy presidente tendr\u00e9 todo el poder\u2019. Calma. El poder es algo mucho m\u00e1s complejo. Las grandes empresas, los ricos, tienen su dinero, gente que les sirve y medios de difusi\u00f3n. Nosotros, los de izquierda, tenemos al pueblo. Por eso el trabajo principal es despertarlo, dejar que se organice y discutir con ellos por d\u00f3nde es el mejor camino\u201d.<\/p>\n<p>Sin importar las denominaciones, considera que existe en M\u00e9xico la posibilidad de fortalecer un movimiento fiel a ideales comunistas, por ejemplo, \u2018\u2018el EZLN es comunista, a pesar no ser un partido pol\u00edtico\u201d; contin\u00faa: \u2018\u2018pero estoy convencido de que el EZLN lo que busca es una soluci\u00f3n a los problemas en una sociedad del futuro, pasar del capitalismo a una sociedad poscapitalista totalmente diferente, en eso radica su comunismo. Existen otras fuerzas comunistas, marginales, por desgracia. No hay un gran y \u00fanico movimiento que defienda el ideal comunista, pero puede ser que suceda, con otro nombre, eso es lo de menos. Al comunismo hoy d\u00eda se le identifica con un estado y una sociedad totalmente fracasada. La propaganda oficial sigue en ese sentido porque tiene un miedo feroz al regreso de ese pensamiento, pero \u00e9ste puede regresar sin necesidad de llamarse as\u00ed\u201d.<\/p>\n<p>Vivir de reminiscencias, del pasado, eso no<\/p>\n<p>Como efem\u00e9ride, refiere Semo, \u2018\u2018es muy bonito recordar que hace 100 a\u00f1os se fund\u00f3 el Partido Comunista Mexicano, pero lo que pas\u00f3 ya pas\u00f3, hay mucha gente que fue parte del partido y sigue sinti\u00e9ndose comunista. Pero son reminiscencias, no podemos vivir de ello, hay que plantearnos los problemas del presente como nos planteamos los problemas en el pasado: con entera entrega al pueblo trabajador, tener en la mente los intereses de los trabajadores, preguntarnos en cada situaci\u00f3n qu\u00e9 hay de bueno con ellos, con los obreros, los campesinos o los intelectuales, con el pueblo trabajador.<br \/>\n\u2018\u2018Hay muchas causas por las cuales luchar con una actitud poscapitalista, es decir, comprendiendo que esas causas no van a llegar a su soluci\u00f3n dentro del sistema capitalista. Ah\u00ed est\u00e1 la defensa del medio ambiente porque las industrias no quieren cambiar su actitud, o el problema de la crueldad contra las mujeres, la lucha por la igualdad entre los g\u00e9neros es una tarea que s\u00f3lo quedar\u00e1 resuelta cuando tambi\u00e9n ellas se liberen de la explotaci\u00f3n.<\/p>\n<p>\u2018\u2018El punto central es la desigualdad. \u00bfC\u00f3mo se puede hablar del \u00e9xito de una econom\u00eda cuando 50 por ciento de la poblaci\u00f3n est\u00e1 en la pobreza? \u00bfO cuando uno por ciento concentra casi la mitad del ingreso del pa\u00eds? La desigualdad no est\u00e1 s\u00f3lo en la econom\u00eda, sino en todos los \u00e1mbitos. Si un pobre y un rico se presentan ante un juez o en los servicios de salud, no son iguales.<\/p>\n<p>\u2018\u2018Luchar contra la desigualdad es luchar contra el capitalismo. Entonces, a los j\u00f3venes les decimos: si les parece raro hablar de comunismo, no lo hagan, pero luchen por las causas contra la desigualdad. \u00bfQu\u00e9 hacer para que las causas de aqu\u00ed y all\u00e1 se unan en un gran movimiento? Ese es el trabajo que no est\u00e1n cumpliendo los dirigentes de los partidos de izquierda, no est\u00e1n haciendo lo suficiente para explicar que el movimiento feminista es lo mismo que el movimiento sindical, o que la defensa del medio ambiente es una lucha por la igualdad tambi\u00e9n.<\/p>\n<p>\u2018\u2018Nos hemos atrasado en hacer conciencia de que todo est\u00e1 unido. Es la tarea del futuro, volver a crear una concepci\u00f3n que englobe un todo, muy diferente a 1981. Ese es el gran papel que juegan hoy las ideas y los historiadores, porque una idea que penetra en la gente se transforma en fuerza, en una palanca que puede mover todo. Hay qu\u00e9 pensar c\u00f3mo ligar todas esas ideas y movimientos diferentes en un solo caudal.\u201d<\/p>\n<p>Puede llegarse muy lejos o quedarse a medio camino<\/p>\n<p>Semo Calev afirma que en M\u00e9xico \u2018\u2018el a\u00f1o pasado hubo una insurgencia electoral inesperada, primera vez que 53 por ciento de la gente se declar\u00f3 a favor de un cambio\u201d.<\/p>\n<p>\u2013\u00bfTenemos un gobierno deizquierda?<\/p>\n<p>\u2013Es un gobierno progresista, que est\u00e1 intentando hacer cambios en las cosas que importan: acabarcon las desigualdades combatiendo la pobreza y la corrupci\u00f3n, que era un sistema por encima del Estado y trabajaba mejor que el Estado en muchos aspectos. Ahora el di\u00e1logo se ha restablecido, el pueblo no ten\u00eda a qui\u00e9n dirigirse, ahora vemos al Presidente recorrer el pa\u00eds.<\/p>\n<p>\u2018\u2018Estamos en el principio. \u00bfHasta d\u00f3nde va a llegar el cambio? No sabemos. No hay seguridad de ning\u00fan tipo. Se puede llegar muy lejos o quedarse a medio camino. Depende de que la gente participe, porque sin ello, existen otras fuerzas, muy poderosas, interesadas en que este ensayo fracase. Por ejemplo, tenemos en el norte un vecino que amenaza con invadir.<\/p>\n<p>\u2018\u2018Hay que comprender que el cambio va a costar trabajos y sacrificios porque hay enemigos muy poderosos a los que en alg\u00fan tiempo Andr\u00e9s Manuel L\u00f3pez Obrador llam\u00f3 \u2018la mafia del poder\u2019, la cual no ha sido tocada, ah\u00ed est\u00e1n, acechando, quieren regresar. Si no se es cuidadoso, el cambio se puede desvanecer\u201d, concluye historiador, quien participar\u00e1 los d\u00edas 19, 20 y 21 de noviembre en mesas redondas a prop\u00f3sito del centenario del PCM que se efectuar\u00e1n en la Facultad de Econom\u00eda de la Universidad Nacional Aut\u00f3noma de M\u00e9xico.<\/p>\n","protected":false},"excerpt":{"rendered":"<p>La Jornada Ciudad de M\u00e9xico. La conmemoraci\u00f3n del centenario de la fundaci\u00f3n del Partido Comunista Mexicano (PCM) es una gran oportunidad para reflexionar acerca de los aciertos y errores, sobre todo \u2018\u2018para cambiar la actitud actual de la izquierda que nada m\u00e1s conoce las cimas, o aspira a llegar a ellas, cuando para nosotros la [&hellip;]<\/p>\n","protected":false},"author":249,"featured_media":14436,"comment_status":"open","ping_status":"closed","sticky":false,"template":"","format":"standard","meta":{"footnotes":""},"categories":[26],"tags":[],"class_list":["post-14435","post","type-post","status-publish","format-standard","has-post-thumbnail","hentry","category-mundo"],"_links":{"self":[{"href":"https:\/\/eloficiodehistoriar.com.mx\/index.php?rest_route=\/wp\/v2\/posts\/14435","targetHints":{"allow":["GET"]}}],"collection":[{"href":"https:\/\/eloficiodehistoriar.com.mx\/index.php?rest_route=\/wp\/v2\/posts"}],"about":[{"href":"https:\/\/eloficiodehistoriar.com.mx\/index.php?rest_route=\/wp\/v2\/types\/post"}],"author":[{"embeddable":true,"href":"https:\/\/eloficiodehistoriar.com.mx\/index.php?rest_route=\/wp\/v2\/users\/249"}],"replies":[{"embeddable":true,"href":"https:\/\/eloficiodehistoriar.com.mx\/index.php?rest_route=%2Fwp%2Fv2%2Fcomments&post=14435"}],"version-history":[{"count":1,"href":"https:\/\/eloficiodehistoriar.com.mx\/index.php?rest_route=\/wp\/v2\/posts\/14435\/revisions"}],"predecessor-version":[{"id":14437,"href":"https:\/\/eloficiodehistoriar.com.mx\/index.php?rest_route=\/wp\/v2\/posts\/14435\/revisions\/14437"}],"wp:featuredmedia":[{"embeddable":true,"href":"https:\/\/eloficiodehistoriar.com.mx\/index.php?rest_route=\/wp\/v2\/media\/14436"}],"wp:attachment":[{"href":"https:\/\/eloficiodehistoriar.com.mx\/index.php?rest_route=%2Fwp%2Fv2%2Fmedia&parent=14435"}],"wp:term":[{"taxonomy":"category","embeddable":true,"href":"https:\/\/eloficiodehistoriar.com.mx\/index.php?rest_route=%2Fwp%2Fv2%2Fcategories&post=14435"},{"taxonomy":"post_tag","embeddable":true,"href":"https:\/\/eloficiodehistoriar.com.mx\/index.php?rest_route=%2Fwp%2Fv2%2Ftags&post=14435"}],"curies":[{"name":"wp","href":"https:\/\/api.w.org\/{rel}","templated":true}]}}