{"id":14448,"date":"2019-11-13T12:32:41","date_gmt":"2019-11-13T18:32:41","guid":{"rendered":"https:\/\/eloficiodehistoriar.com.mx\/?p=14448"},"modified":"2019-11-13T12:32:41","modified_gmt":"2019-11-13T18:32:41","slug":"soy-hijo-del-sueno-de-abreu-dice-dudamel","status":"publish","type":"post","link":"https:\/\/eloficiodehistoriar.com.mx\/?p=14448","title":{"rendered":"Soy hijo del sue\u00f1o de Abreu dice Dudamel"},"content":{"rendered":"<p>Reyes Mart{inez Torrijos<\/p>\n<p>La Jornada<\/p>\n<p>El reconocido director de orquesta venezolano Gustavo Dudamel se defini\u00f3 como \u2018\u2018un hijo del sue\u00f1o del maestro Jos\u00e9 Antonio Abreu, que ya se ha expandido por el mundo\u201d, durante la conferencia de prensa por los conciertos que dirigir\u00e1 en el Palacio de Bellas Artes y el Auditorio Nacional al frente de la Filarm\u00f3nica de Los \u00c1ngeles (LA Phil).<\/p>\n<p>\u2018\u2018Cuando le preguntaban, \u00bfd\u00f3nde m\u00e1s quiere llegar?, \u00e9l dec\u00eda: \u2018a un sistema mundial\u2019. Existe ya. Cuando ves un ni\u00f1o en Jap\u00f3n, Escocia, M\u00e9xico, Argentina e Italia que forman parte de un sistema de orquestas, el sue\u00f1o se est\u00e1 realizando\u201d, sostuvo.<\/p>\n<p>LA Phil realiza una gira mundial por su centenario. Del 12 al 14 de noviembre lo hace en el pa\u00eds, al mismo tiempo que se celebra medio siglo de la hermandad de las ciudades de M\u00e9xico y Los \u00c1ngeles, y los 85 a\u00f1os del Palacio de Bellas Artes.<\/p>\n<p>Para Dudamel, el deseo del creador del Sistema Nacional de Orquestas Sinf\u00f3nicas Juveniles, Infantiles y Pre Infantiles de Venezuela, \u2018\u2018no era s\u00f3lo estar en un sitio, sino que se multiplicara. Para m\u00ed es esencial que lo hiciera en el aspecto trasformador del esp\u00edritu, en el alma de la comunidad\u201d.<\/p>\n<p>Record\u00f3 que de los primeros grandes artistas que creyeron en la m\u00fasica como herramienta de acci\u00f3n social fueron Carlos Ch\u00e1vez, Eduardo Mata y Arturo M\u00e1rquez. En los a\u00f1os 70 y 80 estuvieron viniendo a Venezuela. Ese concepto del arte como un elemento esencial en el crecimiento y la educaci\u00f3n de nuestros ni\u00f1os viene aupado y abrazado por M\u00e9xico siempre.<\/p>\n<p>Expres\u00f3 que uno de sus \u2018\u2018orgullos es la Youth Orchestra Los \u00c1ngeles (YOLA), inspirada en el sistema de orquestas de Venezuela, que ahora re\u00fane 95 m\u00fasicos, que vienen y van a compartir con las juventudes musicales mexicanas. \u00a1Qu\u00e9 m\u00e1s bello regalo para todo ese trabajo que se ha desarrollado durante tantos a\u00f1os de ver el arte como parte del coraz\u00f3n de la comunidad, como elemento esencial de trasformaci\u00f3n!\u201d<\/p>\n<p>Adelant\u00f3 que LA Phil abrir\u00e1 en 2020 \u2018\u2018un centro dise\u00f1ado por Frank Gehry, con las dimensiones exactas del escenario del Walt Disney Concert Hall, en una comunidad necesitada, Inglewood, donde los ni\u00f1os van a tener el espacio m\u00e1s maravilloso para hacer m\u00fasica.<\/p>\n<p>\u2018\u2018El maestro Abreu siempre dec\u00eda algo muy importante: la cultura para los pobres no puede ser una pobre cultura. O sea, los espacios mejores acondicionados tienen que ser para los m\u00e1s necesitados. Y a partir de ah\u00ed se construye una identidad. Aprend\u00ed de Abreu que lo peor de ser pobre es ser nadie. El arte juega un papel esencial en la identidad de las comunidades.\u201d<\/p>\n","protected":false},"excerpt":{"rendered":"<p>Reyes Mart{inez Torrijos La Jornada El reconocido director de orquesta venezolano Gustavo Dudamel se defini\u00f3 como \u2018\u2018un hijo del sue\u00f1o del maestro Jos\u00e9 Antonio Abreu, que ya se ha expandido por el mundo\u201d, durante la conferencia de prensa por los conciertos que dirigir\u00e1 en el Palacio de Bellas Artes y el Auditorio Nacional al frente [&hellip;]<\/p>\n","protected":false},"author":249,"featured_media":14449,"comment_status":"open","ping_status":"closed","sticky":false,"template":"","format":"standard","meta":{"footnotes":""},"categories":[26],"tags":[],"class_list":["post-14448","post","type-post","status-publish","format-standard","has-post-thumbnail","hentry","category-mundo"],"_links":{"self":[{"href":"https:\/\/eloficiodehistoriar.com.mx\/index.php?rest_route=\/wp\/v2\/posts\/14448","targetHints":{"allow":["GET"]}}],"collection":[{"href":"https:\/\/eloficiodehistoriar.com.mx\/index.php?rest_route=\/wp\/v2\/posts"}],"about":[{"href":"https:\/\/eloficiodehistoriar.com.mx\/index.php?rest_route=\/wp\/v2\/types\/post"}],"author":[{"embeddable":true,"href":"https:\/\/eloficiodehistoriar.com.mx\/index.php?rest_route=\/wp\/v2\/users\/249"}],"replies":[{"embeddable":true,"href":"https:\/\/eloficiodehistoriar.com.mx\/index.php?rest_route=%2Fwp%2Fv2%2Fcomments&post=14448"}],"version-history":[{"count":1,"href":"https:\/\/eloficiodehistoriar.com.mx\/index.php?rest_route=\/wp\/v2\/posts\/14448\/revisions"}],"predecessor-version":[{"id":14450,"href":"https:\/\/eloficiodehistoriar.com.mx\/index.php?rest_route=\/wp\/v2\/posts\/14448\/revisions\/14450"}],"wp:featuredmedia":[{"embeddable":true,"href":"https:\/\/eloficiodehistoriar.com.mx\/index.php?rest_route=\/wp\/v2\/media\/14449"}],"wp:attachment":[{"href":"https:\/\/eloficiodehistoriar.com.mx\/index.php?rest_route=%2Fwp%2Fv2%2Fmedia&parent=14448"}],"wp:term":[{"taxonomy":"category","embeddable":true,"href":"https:\/\/eloficiodehistoriar.com.mx\/index.php?rest_route=%2Fwp%2Fv2%2Fcategories&post=14448"},{"taxonomy":"post_tag","embeddable":true,"href":"https:\/\/eloficiodehistoriar.com.mx\/index.php?rest_route=%2Fwp%2Fv2%2Ftags&post=14448"}],"curies":[{"name":"wp","href":"https:\/\/api.w.org\/{rel}","templated":true}]}}