{"id":14452,"date":"2019-11-14T11:59:49","date_gmt":"2019-11-14T17:59:49","guid":{"rendered":"https:\/\/eloficiodehistoriar.com.mx\/?p=14452"},"modified":"2019-11-14T11:59:49","modified_gmt":"2019-11-14T17:59:49","slug":"joan-margarit-premio-cervantes-2019","status":"publish","type":"post","link":"https:\/\/eloficiodehistoriar.com.mx\/?p=14452","title":{"rendered":"Joan Margarit, premio Cervantes 2019"},"content":{"rendered":"<p>La Jornada<\/p>\n<p>El poeta espa\u00f1ol Joan Margarit, que ha desarrollado su obra en catal\u00e1n y castellano, es el ganador del Premio Cervantes 2019, el m\u00e1s prestigioso de las letras en espa\u00f1ol, anunci\u00f3 este jueves el ministro de Cultura de Espa\u00f1a, Jos\u00e9 Guirao.<\/p>\n<p>El premio le fue atribuido \u00abpor su obra po\u00e9tica de honda trascendencia y l\u00facido lenguaje, siempre innovador\u00bb, dijo Guirao en Madrid al lado de la poeta uruguaya Ida Vitale, ganadora del Cervantes el a\u00f1o pasado.<\/p>\n<p>\u00abHa enriquecido tanto la lengua espa\u00f1ola como la lengua catalana, y representa la pluralidad de la cultura peninsular en una dimensi\u00f3n universal de gran maestr\u00eda\u00bb, a\u00f1adi\u00f3 el ministro, citando las motivaciones del jurado.<\/p>\n<p>El Cervantes, dotado con 125 mil euros, es el segundo gran premio que recibe en 2019 este poeta catal\u00e1n de 81 a\u00f1os, merecedor en mayo del Reina Sof\u00eda de Poes\u00eda Iberoamericana, el m\u00e1s importante galard\u00f3n de este g\u00e9nero en espa\u00f1ol y portugu\u00e9s.<\/p>\n<p>Este premio tiene a su vez una dotaci\u00f3n de 42 mil100 euros, e incluye la edici\u00f3n de un poemario antol\u00f3gico.<\/p>\n<p>El poeta catal\u00e1n es autor de una importante obra, que incluye t\u00edtulos como \u00abEstaci\u00f3n de Francia\u00bb (1999), \u00abJoana\u00bb (2002), \u00abMisteriosamente feliz\u00bb (2008), o \u00abPara tener casa hay que ganar la guerra\u00bb (2018).<\/p>\n<p>En paralelo ejerci\u00f3 durante d\u00e9cadas la arquitectura, en un estudio barcelon\u00e9s que entre otros particip\u00f3 en el dise\u00f1o, c\u00e1lculo y direcci\u00f3n de obra del templo de la Sagrada Familia.<\/p>\n<p>El premio Cervantes lo recibir\u00e1 de manos de los reyes de Espa\u00f1a, Felipe VI y Letizia, en una ceremonia solemne prevista para abril en Alcal\u00e1 de Henares, ciudad natal del autor de Don Quijote de la Mancha.<\/p>\n","protected":false},"excerpt":{"rendered":"<p>La Jornada El poeta espa\u00f1ol Joan Margarit, que ha desarrollado su obra en catal\u00e1n y castellano, es el ganador del Premio Cervantes 2019, el m\u00e1s prestigioso de las letras en espa\u00f1ol, anunci\u00f3 este jueves el ministro de Cultura de Espa\u00f1a, Jos\u00e9 Guirao. El premio le fue atribuido \u00abpor su obra po\u00e9tica de honda trascendencia y [&hellip;]<\/p>\n","protected":false},"author":249,"featured_media":14453,"comment_status":"open","ping_status":"closed","sticky":false,"template":"","format":"standard","meta":{"footnotes":""},"categories":[26],"tags":[],"class_list":["post-14452","post","type-post","status-publish","format-standard","has-post-thumbnail","hentry","category-mundo"],"_links":{"self":[{"href":"https:\/\/eloficiodehistoriar.com.mx\/index.php?rest_route=\/wp\/v2\/posts\/14452","targetHints":{"allow":["GET"]}}],"collection":[{"href":"https:\/\/eloficiodehistoriar.com.mx\/index.php?rest_route=\/wp\/v2\/posts"}],"about":[{"href":"https:\/\/eloficiodehistoriar.com.mx\/index.php?rest_route=\/wp\/v2\/types\/post"}],"author":[{"embeddable":true,"href":"https:\/\/eloficiodehistoriar.com.mx\/index.php?rest_route=\/wp\/v2\/users\/249"}],"replies":[{"embeddable":true,"href":"https:\/\/eloficiodehistoriar.com.mx\/index.php?rest_route=%2Fwp%2Fv2%2Fcomments&post=14452"}],"version-history":[{"count":1,"href":"https:\/\/eloficiodehistoriar.com.mx\/index.php?rest_route=\/wp\/v2\/posts\/14452\/revisions"}],"predecessor-version":[{"id":14454,"href":"https:\/\/eloficiodehistoriar.com.mx\/index.php?rest_route=\/wp\/v2\/posts\/14452\/revisions\/14454"}],"wp:featuredmedia":[{"embeddable":true,"href":"https:\/\/eloficiodehistoriar.com.mx\/index.php?rest_route=\/wp\/v2\/media\/14453"}],"wp:attachment":[{"href":"https:\/\/eloficiodehistoriar.com.mx\/index.php?rest_route=%2Fwp%2Fv2%2Fmedia&parent=14452"}],"wp:term":[{"taxonomy":"category","embeddable":true,"href":"https:\/\/eloficiodehistoriar.com.mx\/index.php?rest_route=%2Fwp%2Fv2%2Fcategories&post=14452"},{"taxonomy":"post_tag","embeddable":true,"href":"https:\/\/eloficiodehistoriar.com.mx\/index.php?rest_route=%2Fwp%2Fv2%2Ftags&post=14452"}],"curies":[{"name":"wp","href":"https:\/\/api.w.org\/{rel}","templated":true}]}}