{"id":14458,"date":"2019-11-14T12:27:02","date_gmt":"2019-11-14T18:27:02","guid":{"rendered":"https:\/\/eloficiodehistoriar.com.mx\/?p=14458"},"modified":"2019-11-14T12:27:02","modified_gmt":"2019-11-14T18:27:02","slug":"festival-de-cine-mudo-en-la-ciudad-de-puebla","status":"publish","type":"post","link":"https:\/\/eloficiodehistoriar.com.mx\/?p=14458","title":{"rendered":"Festival de cine mudo en la ciudad de Puebla"},"content":{"rendered":"<p>Proceso<\/p>\n<p>En la ciudad de Puebla se llevar\u00e1 a cabo, del 26 al 30 de noviembre, la cuarta edici\u00f3n del Festival Internacional de Cine (FIC) Silente M\u00e9xico, dedicado a la celebraci\u00f3n, divulgaci\u00f3n e investigaci\u00f3n del cine mudo local, regional e internacional.<\/p>\n<p>Con el tema de \u201cResistencia\u201d, el festival reunir\u00e1 a realizadores de cine silente contempor\u00e1neo, m\u00fasicos, acad\u00e9micos y representantes de archivos f\u00edlmicos nacionales e internacionales.<\/p>\n<p>En este marco y en colaboraci\u00f3n con la Cineteca Nacional, tambi\u00e9n se celebrar\u00e1 el centenario del filme \u201cEl autom\u00f3vil gris\u201d, serial del director Enrique Rosas, que presenta las temibles fechor\u00edas de la entonces banda del autom\u00f3vil gris, cuyos cr\u00edmenes sin tregua azotaron a la Ciudad de M\u00e9xico a principios del siglo XX.<\/p>\n<p>Adem\u00e1s, la exposici\u00f3n \u201c100 a\u00f1os del autom\u00f3vil gris\u201d se inaugurar\u00e1 el mi\u00e9rcoles 27 a las 16:30 en el Museo Nacional de los Ferrocarriles Mexicanos (Puebla), y estar\u00e1 abierta hasta abril de 2020, seg\u00fan informaci\u00f3n de la Secretar\u00eda de Cultura (SC) del gobierno de M\u00e9xico.<\/p>\n<p>Como actividades extras, Maggie Hennefeld (curadora de la Universidad de Minnesota, Estados Unidos) impartir\u00e1 la conferencia magistral \u201cMuertas de risa\u201d y presentar\u00e1 el libro \u201cEspectros del Slapstick y mujeres comediantes del cine mudo\u201d, un acercamiento y rescate te\u00f3rico y pol\u00edtico de las pioneras de la comedia cinematogr\u00e1fica.<\/p>\n<p>La SC inform\u00f3 que para esta edici\u00f3n 2019 se pondr\u00e1 especial atenci\u00f3n al papel de las mujeres en el cine silente, a trav\u00e9s de los programas \u201cLatinoam\u00e9rica Silente\u201d, con proyecciones de cintas de Argentina, Colombia y M\u00e9xico, como \u201c\u00a1Muero\u2026 pero mi amor no muere!\u201d (director Mario Caserini. Italia, 1913) y \u201cLa risa feminista: mujeres comediantes del cine mudo\u201d.<\/p>\n<p>Cada a\u00f1o, el FIC Silente presenta una selecci\u00f3n oficial de realizaciones contempor\u00e1neas sin di\u00e1logos, y este a\u00f1o recibi\u00f3 m\u00e1s de mil 500 inscripciones, con una muestra de 85 cortometrajes que competir\u00e1n por reconocimientos que llevan los nombres de pioneras del cine mexicano:<\/p>\n<p>Reconocimiento \u201cMim\u00ed Derba\u201d al mejor cortometraje silente. \u201cElena S\u00e1nchez Valenzuela\u201d, al mejor Cortometraje de Ficci\u00f3n; \u201cAdela Sequeyro\u201d, al mejor Cortometraje Experimental; \u201cAdriana y Dolores Elhers\u201d, al mejor Cortometraje Documental; \u201cC\u00e1ndida Beltr\u00e1n Rend\u00f3n, al mejor Cortometraje infantil; \u201cEmma Padilla\u201d al mejor Cortometraje Extendido, y \u201cTaumatropo\u201d, al mejor Cortometraje de Animaci\u00f3n, en referencia al popular juguete cinematogr\u00e1fico inventado en el siglo XIX.<\/p>\n","protected":false},"excerpt":{"rendered":"<p>Proceso En la ciudad de Puebla se llevar\u00e1 a cabo, del 26 al 30 de noviembre, la cuarta edici\u00f3n del Festival Internacional de Cine (FIC) Silente M\u00e9xico, dedicado a la celebraci\u00f3n, divulgaci\u00f3n e investigaci\u00f3n del cine mudo local, regional e internacional. Con el tema de \u201cResistencia\u201d, el festival reunir\u00e1 a realizadores de cine silente contempor\u00e1neo, [&hellip;]<\/p>\n","protected":false},"author":249,"featured_media":14459,"comment_status":"open","ping_status":"closed","sticky":false,"template":"","format":"standard","meta":{"footnotes":""},"categories":[26],"tags":[],"class_list":["post-14458","post","type-post","status-publish","format-standard","has-post-thumbnail","hentry","category-mundo"],"_links":{"self":[{"href":"https:\/\/eloficiodehistoriar.com.mx\/index.php?rest_route=\/wp\/v2\/posts\/14458","targetHints":{"allow":["GET"]}}],"collection":[{"href":"https:\/\/eloficiodehistoriar.com.mx\/index.php?rest_route=\/wp\/v2\/posts"}],"about":[{"href":"https:\/\/eloficiodehistoriar.com.mx\/index.php?rest_route=\/wp\/v2\/types\/post"}],"author":[{"embeddable":true,"href":"https:\/\/eloficiodehistoriar.com.mx\/index.php?rest_route=\/wp\/v2\/users\/249"}],"replies":[{"embeddable":true,"href":"https:\/\/eloficiodehistoriar.com.mx\/index.php?rest_route=%2Fwp%2Fv2%2Fcomments&post=14458"}],"version-history":[{"count":1,"href":"https:\/\/eloficiodehistoriar.com.mx\/index.php?rest_route=\/wp\/v2\/posts\/14458\/revisions"}],"predecessor-version":[{"id":14460,"href":"https:\/\/eloficiodehistoriar.com.mx\/index.php?rest_route=\/wp\/v2\/posts\/14458\/revisions\/14460"}],"wp:featuredmedia":[{"embeddable":true,"href":"https:\/\/eloficiodehistoriar.com.mx\/index.php?rest_route=\/wp\/v2\/media\/14459"}],"wp:attachment":[{"href":"https:\/\/eloficiodehistoriar.com.mx\/index.php?rest_route=%2Fwp%2Fv2%2Fmedia&parent=14458"}],"wp:term":[{"taxonomy":"category","embeddable":true,"href":"https:\/\/eloficiodehistoriar.com.mx\/index.php?rest_route=%2Fwp%2Fv2%2Fcategories&post=14458"},{"taxonomy":"post_tag","embeddable":true,"href":"https:\/\/eloficiodehistoriar.com.mx\/index.php?rest_route=%2Fwp%2Fv2%2Ftags&post=14458"}],"curies":[{"name":"wp","href":"https:\/\/api.w.org\/{rel}","templated":true}]}}