{"id":14462,"date":"2019-11-15T14:50:09","date_gmt":"2019-11-15T20:50:09","guid":{"rendered":"https:\/\/eloficiodehistoriar.com.mx\/?p=14462"},"modified":"2019-11-15T14:50:09","modified_gmt":"2019-11-15T20:50:09","slug":"el-violinista-vengerov","status":"publish","type":"post","link":"https:\/\/eloficiodehistoriar.com.mx\/?p=14462","title":{"rendered":"El violinista Vengerov"},"content":{"rendered":"<p>La Jornada<\/p>\n<p>El m\u00fasico y director ruso, considerado uno de los violinistas m\u00e1s destacados de la escena internacional, Maxim Vengerov se presenta este s\u00e1bado 16 de noviembre en la Sala Pl\u00e1cido Domingo del Conjunto Santander de Artes Esc\u00e9nicas, acompa\u00f1ado de la Orquesta Filarm\u00f3nica de Jalisco bajo la direcci\u00f3n de Jes\u00fas Medina.<\/p>\n<p>El violinista nacido en Siberia, incansable en su b\u00fasqueda de nuevos medios de expresi\u00f3n creativa, Maxim Vengerov, se ha dejado inspirar por muchos estilos musicales diferentes, incluidos el barroco, el jazz y el rock, y en 2007 sigui\u00f3 los pasos de sus mentores, el difunto Mstislav Rostropovich y Daniel Barenboim y dirigi\u00f3 su atenci\u00f3n a la direcci\u00f3n orquestal. Desde entonces, Vengerov ha dirigido importantes orquestas de todo el mundo, incluidas las Orquestas Sinf\u00f3nicas de Montreal y Toronto, y en 2010 fue nombrado primer director principal de la Orquesta del Festival Gstaad.<\/p>\n<p>El repertorio que interpetar\u00e1 este s\u00e1bado en el concierto organizado por Cultura UDG, que encabeza \u00cdgor Lozada, incluye a Mendelssohn, con el Concierto para viol\u00edn no. 1 en Mi menor, Opus 64. I Allegro molto appassionato<br \/>\nII Andante III Allegretto non troppo \u2013 Allegro molto vivace, y entre otros compositores piezas de Rachmsninov<br \/>\nCon sus Danzas sinf\u00f3nicas, Opus 45. I Non Allegro Il Andante con moto-tempo di valse III Lento assai-Allegro vivac.<\/p>\n<p>Maxim Vengerov Se gradu\u00f3 como director con un diploma de excelencia del Instituto de Mosc\u00fa de Ippolitov-Ivanov en junio de 2014. Desde entonces se gradu\u00f3 de un Programa de 2 a\u00f1os de direcci\u00f3n de \u00f3pera.<\/p>\n<p>Ha grabado, entre otros, los conciertos para viol\u00edn de Bruch y Mendelssohn con la Orquesta de la Gewandhaus de Leipzig, bajo la direcci\u00f3n de Kurt Masur, los conciertos de Shostak\u00f3vich y Prok\u00f3fiev con la Sinf\u00f3nica de Londres y Mstislav Rostrop\u00f3vich, con el que tambi\u00e9n grab\u00f3 los conciertos de Stravinski y Shchedr\u00edn, el de Britten, y el Concierto para viola de Walton. Es reconocida su labor como embajador internacional de la Unisef<br \/>\nMaxim Vengerov, embajador internacional de UNICEF.<\/p>\n<p>\u00abAyudar a los ni\u00f1os en dificultades y compartir la m\u00fasica cl\u00e1sica con los j\u00f3venes es quiz\u00e1s la mayor responsabilidad de mi vida\u00bb, dice Vengerov, el virtuoso violinista siberiano.<\/p>\n","protected":false},"excerpt":{"rendered":"<p>La Jornada El m\u00fasico y director ruso, considerado uno de los violinistas m\u00e1s destacados de la escena internacional, Maxim Vengerov se presenta este s\u00e1bado 16 de noviembre en la Sala Pl\u00e1cido Domingo del Conjunto Santander de Artes Esc\u00e9nicas, acompa\u00f1ado de la Orquesta Filarm\u00f3nica de Jalisco bajo la direcci\u00f3n de Jes\u00fas Medina. El violinista nacido en [&hellip;]<\/p>\n","protected":false},"author":249,"featured_media":14463,"comment_status":"open","ping_status":"closed","sticky":false,"template":"","format":"standard","meta":{"footnotes":""},"categories":[26],"tags":[],"class_list":["post-14462","post","type-post","status-publish","format-standard","has-post-thumbnail","hentry","category-mundo"],"_links":{"self":[{"href":"https:\/\/eloficiodehistoriar.com.mx\/index.php?rest_route=\/wp\/v2\/posts\/14462","targetHints":{"allow":["GET"]}}],"collection":[{"href":"https:\/\/eloficiodehistoriar.com.mx\/index.php?rest_route=\/wp\/v2\/posts"}],"about":[{"href":"https:\/\/eloficiodehistoriar.com.mx\/index.php?rest_route=\/wp\/v2\/types\/post"}],"author":[{"embeddable":true,"href":"https:\/\/eloficiodehistoriar.com.mx\/index.php?rest_route=\/wp\/v2\/users\/249"}],"replies":[{"embeddable":true,"href":"https:\/\/eloficiodehistoriar.com.mx\/index.php?rest_route=%2Fwp%2Fv2%2Fcomments&post=14462"}],"version-history":[{"count":1,"href":"https:\/\/eloficiodehistoriar.com.mx\/index.php?rest_route=\/wp\/v2\/posts\/14462\/revisions"}],"predecessor-version":[{"id":14464,"href":"https:\/\/eloficiodehistoriar.com.mx\/index.php?rest_route=\/wp\/v2\/posts\/14462\/revisions\/14464"}],"wp:featuredmedia":[{"embeddable":true,"href":"https:\/\/eloficiodehistoriar.com.mx\/index.php?rest_route=\/wp\/v2\/media\/14463"}],"wp:attachment":[{"href":"https:\/\/eloficiodehistoriar.com.mx\/index.php?rest_route=%2Fwp%2Fv2%2Fmedia&parent=14462"}],"wp:term":[{"taxonomy":"category","embeddable":true,"href":"https:\/\/eloficiodehistoriar.com.mx\/index.php?rest_route=%2Fwp%2Fv2%2Fcategories&post=14462"},{"taxonomy":"post_tag","embeddable":true,"href":"https:\/\/eloficiodehistoriar.com.mx\/index.php?rest_route=%2Fwp%2Fv2%2Ftags&post=14462"}],"curies":[{"name":"wp","href":"https:\/\/api.w.org\/{rel}","templated":true}]}}