{"id":14465,"date":"2019-11-15T14:57:21","date_gmt":"2019-11-15T20:57:21","guid":{"rendered":"https:\/\/eloficiodehistoriar.com.mx\/?p=14465"},"modified":"2019-11-15T14:57:21","modified_gmt":"2019-11-15T20:57:21","slug":"festival-de-la-huasteca-en-los-pinos","status":"publish","type":"post","link":"https:\/\/eloficiodehistoriar.com.mx\/?p=14465","title":{"rendered":"Festival de La Huasteca en \u00abLos Pinos\u00bb"},"content":{"rendered":"<p>La Jornada<\/p>\n<p>El sabor de la Huasteca se instalar\u00e1 en Los Pinos por tres d\u00edas, desde hoy hasta el domingo. La identidad de la regi\u00f3n se expresar\u00e1 con m\u00fasica, danza, artesan\u00edas, medicina tradicional y sus rica gastronom\u00eda para dar muestra de la diversidad cultural de esta regi\u00f3n en los estados de Hidalgo, Puebla, Quer\u00e9taro, San Luis Potos\u00ed, Tamaulipas y Veracruz.<\/p>\n<p>El Helipuerto ser\u00e1 el escenario que recibir\u00e1 a m\u00e1s de 300 participantes, como agrupaciones de son huasteco y arribe\u00f1o, versadores, danzas que han sido ejecutadas por pueblos ind\u00edgenas y mestizos desde hace siglos, cocineras, danzantes e investigadores juntos en una gran fiesta.<\/p>\n<p>A las 16:00 horas se inaugura el escenario principal con la presentaci\u00f3n de la Banda de Viento Rebelde, de Quer\u00e9taro y la Soriama y sus huastecos, de Tamaulipas. Sin embargo, las puertas abrieron desde las diez de la ma\u00f1ana con la venta de artesan\u00edas y platillos tradicionales.<\/p>\n<p>Guillermo Vel\u00e1zquez, integrante del grupo de huapando arribe\u00f1o Los Leones de la Sierra Xich\u00fa, presentar\u00e1 a las 19:00 horas su disco Mi coraz\u00f3n sin el tuyo, con versos in\u00e9ditos de su autor\u00eda, acompa\u00f1ado por el tr\u00edo Los Campaneros Valles.<\/p>\n<p>Durante el s\u00e1bado y domingo continuar\u00e1n las muestras de danzas, funciones de cine, presentaciones de libros y conciertos de este Festival de La Huasteca, organizado por la Secretar\u00eda de Cultura federal, as\u00ed como las instancias estatales de cultura de la regi\u00f3n, y el Complejo Cultural Los Pinos.<\/p>\n<p>La invitaci\u00f3n es en Los Pinos, del viernes 15 al domingo 17 de noviembre, de 10:30 a 20:00 horas. La direcci\u00f3n es Parque Lira sin n\u00famero, colonia San Miguel Chapultepec. La entrada es libre.<\/p>\n<p>En las siguientes redes sociales se puede consultar el cartel completo: Facebook: CulturasPopularesOficial y Twitter: @dgcpopulares.<\/p>\n","protected":false},"excerpt":{"rendered":"<p>La Jornada El sabor de la Huasteca se instalar\u00e1 en Los Pinos por tres d\u00edas, desde hoy hasta el domingo. La identidad de la regi\u00f3n se expresar\u00e1 con m\u00fasica, danza, artesan\u00edas, medicina tradicional y sus rica gastronom\u00eda para dar muestra de la diversidad cultural de esta regi\u00f3n en los estados de Hidalgo, Puebla, Quer\u00e9taro, San [&hellip;]<\/p>\n","protected":false},"author":249,"featured_media":14466,"comment_status":"open","ping_status":"closed","sticky":false,"template":"","format":"standard","meta":{"footnotes":""},"categories":[26],"tags":[],"class_list":["post-14465","post","type-post","status-publish","format-standard","has-post-thumbnail","hentry","category-mundo"],"_links":{"self":[{"href":"https:\/\/eloficiodehistoriar.com.mx\/index.php?rest_route=\/wp\/v2\/posts\/14465","targetHints":{"allow":["GET"]}}],"collection":[{"href":"https:\/\/eloficiodehistoriar.com.mx\/index.php?rest_route=\/wp\/v2\/posts"}],"about":[{"href":"https:\/\/eloficiodehistoriar.com.mx\/index.php?rest_route=\/wp\/v2\/types\/post"}],"author":[{"embeddable":true,"href":"https:\/\/eloficiodehistoriar.com.mx\/index.php?rest_route=\/wp\/v2\/users\/249"}],"replies":[{"embeddable":true,"href":"https:\/\/eloficiodehistoriar.com.mx\/index.php?rest_route=%2Fwp%2Fv2%2Fcomments&post=14465"}],"version-history":[{"count":1,"href":"https:\/\/eloficiodehistoriar.com.mx\/index.php?rest_route=\/wp\/v2\/posts\/14465\/revisions"}],"predecessor-version":[{"id":14467,"href":"https:\/\/eloficiodehistoriar.com.mx\/index.php?rest_route=\/wp\/v2\/posts\/14465\/revisions\/14467"}],"wp:featuredmedia":[{"embeddable":true,"href":"https:\/\/eloficiodehistoriar.com.mx\/index.php?rest_route=\/wp\/v2\/media\/14466"}],"wp:attachment":[{"href":"https:\/\/eloficiodehistoriar.com.mx\/index.php?rest_route=%2Fwp%2Fv2%2Fmedia&parent=14465"}],"wp:term":[{"taxonomy":"category","embeddable":true,"href":"https:\/\/eloficiodehistoriar.com.mx\/index.php?rest_route=%2Fwp%2Fv2%2Fcategories&post=14465"},{"taxonomy":"post_tag","embeddable":true,"href":"https:\/\/eloficiodehistoriar.com.mx\/index.php?rest_route=%2Fwp%2Fv2%2Ftags&post=14465"}],"curies":[{"name":"wp","href":"https:\/\/api.w.org\/{rel}","templated":true}]}}