{"id":14472,"date":"2019-11-16T11:47:15","date_gmt":"2019-11-16T17:47:15","guid":{"rendered":"https:\/\/eloficiodehistoriar.com.mx\/?p=14472"},"modified":"2019-11-16T11:47:15","modified_gmt":"2019-11-16T17:47:15","slug":"las-mejores-peliculas-del-ano-2019","status":"publish","type":"post","link":"https:\/\/eloficiodehistoriar.com.mx\/?p=14472","title":{"rendered":"Las mejores pel\u00edculas del a\u00f1o 2019"},"content":{"rendered":"<p>La Jornada<\/p>\n<p>l inminente cierre del a\u00f1o nos invita al recuento de las pel\u00edculas que a lo largo de los \u00faltimos meses han recorrido cines del mundo ganado reconocimiento. Por eso, en su versi\u00f3n de oto\u00f1o la Muestra Internacional de Cine siempre nos ayuda a hacer ese c\u00e1lculo. Esta vez en su sexag\u00e9sima s\u00e9ptima edici\u00f3n, de nuevo nos ofrece varios t\u00edtulos recomendables.<\/p>\n<p>Esto no es Berl\u00edn<\/p>\n<p>Lo m\u00e1s reciente del mexicano Hari Sama parte de los recuerdos de una juventud asfixiada en el conservadurismo ochentero, y que encontr\u00f3 en el postpunk y el arte conceptual un oasis liberador para una sexualidad y entusiasmo art\u00edstico reprimidos.<\/p>\n<p>Sama colma su pel\u00edcula de referencias y gui\u00f1os a una \u00e9poca, sin el peso de la nostalgia. En el curso de esta ficci\u00f3n protagonizada por adolescentes de la lejana pero ya no tan perif\u00e9rica colonia Lomas Verdes, pasan por el recuerdo las leyendas de Patti Smith, Daniel Ash, The Sisters of Mercy, Gabriel Orozco, Francis Al\u00ffs o el m\u00edtico bar El Nueve.<\/p>\n<p>Esto no es Berl\u00edn retrata un panorama art\u00edstico-cultural desconocido para generaciones j\u00f3venes, aunque lamento un poco que apenas aluda (y no est\u00e1 mal porque no estuvo en las intenciones del director) el impacto transformador del sida. Entonces, el sida inhibi\u00f3 la sexualidad de muchos adolescentes y molde\u00f3 la cr\u00f3nica de aquellos tiempos. Fue tema parteaguas en muchas cinematograf\u00edas del mundo, aunque no en el nuestro.<\/p>\n<p>Un d\u00eda lluvioso en NY<\/p>\n<p>Con lo m\u00e1s reciente de Woddy Allen, estamos de nuevo en el traspatio seguro y conocido de la Muestra. El cineasta extranjero hist\u00f3ricamente m\u00e1s frecuente en este tradicional ciclo regresa con un relato que gira sobre sus conocidas obsesiones y reconocidas f\u00f3rmulas. Aunque no por ello deja de ser entretenido.<\/p>\n<p>Gatsby es un universitario neur\u00f3tico de inclinaciones intelectuales que ve frustrado su planeado fin de semana en la Gran Manzana con su c\u00e1ndida novia y periodista novata Ashleigh. As\u00ed, Allen de nuevo nos gu\u00eda por el mundillo de la clase adinerada y culturosa neoyorquina, y no agota, como siempre, las referencias locales y las postales de su querida ciudad, favorecidas por la cinefoto del maestro Vittorio Storaro.<\/p>\n<p>Por la gracia de Dios<\/p>\n<p>El tono fr\u00edo no deja de llamar mi atenci\u00f3n en el cine de Francois Ozon, que vuelve tambi\u00e9n a la Muestra con esta pel\u00edcula que se suma al cine que denuncia las atrocidades perpetradas por curas, con el cobijo y disimulo de la Iglesia cat\u00f3lica. De hecho, los observadores notar\u00e1n el gui\u00f1o a Spotlight de Tom McCarthy.<\/p>\n<p>Por la gracia de Dios se basa en el caso real del padre franc\u00e9s Bernard Preynat, acusado en 2016 de abusar sexualmente de alrededor de 70 ni\u00f1os y j\u00f3venes en los a\u00f1os ochenta. Ozon mantiene el rigor al que nos tiene acostumbrados: un lenguaje directo, sobrio y a veces crudo en los di\u00e1logos, escenas como partituras bien ejecutadas y silencios espesos de tensi\u00f3n.<\/p>\n<p>El despertar de la fiera: Dogman<\/p>\n<p>El modesto Marcello se gana la vida en su peque\u00f1a peluquer\u00eda y guarder\u00eda canina, un local parte de lo que parece alguna vez fue un balneario. En ese pedazo de costa todo transcurre tranquilo salvo cuando se aparece Simone, un camorrista ex boxeador y problema para todos. Una de sus gandalladas ser\u00e1 lo que ponga a prueba el car\u00e1cter del sonriente Marcello, hasta ese momento querido por todos.<\/p>\n<p>La historia se basa en los hechos sangrientos protagonizados por Pietro De Negri \u201cEr Canaro\u201d (el cuida perros) quien en 1988 se hart\u00f3 de los abusos madreadores de su amigo, un ex boxeador llamado Giancarlo Ricci.<\/p>\n<p>Con Dogman (2018), Matteo Garrone retoma el sello realista que le vimos en Gomorra (2008). El actor Marcello Fonte se qued\u00f3 con la Palma de Oro en el Festival de Cannes, por encarnar brillantemente a un personaje del que consigue exponer lo m\u00e1s rec\u00f3ndito de su naturaleza y que es pivote de una historia con un cierre algo inesperado.<\/p>\n<p>G\u00e9nesis 2.0<\/p>\n<p>En su libro Home Deus, breve historia del ma\u00f1ana, Yuval Noah Harari sostiene que como civilizaci\u00f3n buscamos poder remodelar nuestro cuerpo y nuestra mente para escapar de la vejez, la muerte y la desgracia. Un proyecto que nos pondr\u00eda a la par de los dioses. Este filme de Christian Frei y Maxim Arbugaev deja ver que hemos alcanzado ese prop\u00f3sito, y a la vez observa la paradoja de este ideal en relaci\u00f3n con quienes escarban el pasado para apenas sobrevivir.<\/p>\n<p>El documental nos lleva a las islas de Nueva Siberia, en el punto m\u00e1s boreal de Rusia, donde rastreadores de colmillos de mamut requieren de una voluntad extraordinaria para triunfar en su b\u00fasqueda. Al la vez, revela el panorama actual de la revoluci\u00f3n tecnol\u00f3gica en el campo de la gen\u00e9tica y nos describe el periplo de Semyon Grigoriev quien desde 2013 busca que por primera vez un mamut sea clonado.<\/p>\n<p>Entre momentos de aut\u00e9ntico drama y pasmo, Genesis 2.0 se desarrolla entre dos realidades con aparente conflicto moral. La de los rastreadores, que se define entre la necesidad econ\u00f3mica y la superstici\u00f3n; y la de los cient\u00edficos que avanzan en sus experimentos de clonaci\u00f3n y la capacidad de dise\u00f1ar especies y cuerpos, cual creadores divinos.<\/p>\n<p>Varda por Agn\u00e8s<\/p>\n<p>Inspiraci\u00f3n, creaci\u00f3n y compartir, fueron los ejes que guiaron a Agn\u00e8s Varda a hacer un cine que no acepta comparaciones. Su ejercicio como realizadora se explica aqu\u00ed a trav\u00e9s de las palabras de la propia autora, de forma generosa y humilde, aguda y profunda.<\/p>\n<p>\u201cNada es banal si grabas con empat\u00eda y amor\u201d, la escuchamos decir mientras repasa parte de su influyente obra y los caminos que decidi\u00f3 tomar para hacer pel\u00edculas siempre con la misma devoci\u00f3n. No deja de sorprender su capacidad de descifrar su propia obra y explicar los procesos con los que organiza su mirada. Se trata de un filme recomendable para quienes tambi\u00e9n quieren hacer pel\u00edculas, porque resulta inspirador por las luces que arroja y nos recuerda que el cine no es m\u00e1s que \u201cuna forma de acompa\u00f1ar el tiempo\u201d.<\/p>\n<p>@kromafilm<\/p>\n<p>alan.rdz16@gmail.com<\/p>\n","protected":false},"excerpt":{"rendered":"<p>La Jornada l inminente cierre del a\u00f1o nos invita al recuento de las pel\u00edculas que a lo largo de los \u00faltimos meses han recorrido cines del mundo ganado reconocimiento. Por eso, en su versi\u00f3n de oto\u00f1o la Muestra Internacional de Cine siempre nos ayuda a hacer ese c\u00e1lculo. Esta vez en su sexag\u00e9sima s\u00e9ptima edici\u00f3n, [&hellip;]<\/p>\n","protected":false},"author":249,"featured_media":14474,"comment_status":"open","ping_status":"closed","sticky":false,"template":"","format":"standard","meta":{"footnotes":""},"categories":[26],"tags":[],"class_list":["post-14472","post","type-post","status-publish","format-standard","has-post-thumbnail","hentry","category-mundo"],"_links":{"self":[{"href":"https:\/\/eloficiodehistoriar.com.mx\/index.php?rest_route=\/wp\/v2\/posts\/14472","targetHints":{"allow":["GET"]}}],"collection":[{"href":"https:\/\/eloficiodehistoriar.com.mx\/index.php?rest_route=\/wp\/v2\/posts"}],"about":[{"href":"https:\/\/eloficiodehistoriar.com.mx\/index.php?rest_route=\/wp\/v2\/types\/post"}],"author":[{"embeddable":true,"href":"https:\/\/eloficiodehistoriar.com.mx\/index.php?rest_route=\/wp\/v2\/users\/249"}],"replies":[{"embeddable":true,"href":"https:\/\/eloficiodehistoriar.com.mx\/index.php?rest_route=%2Fwp%2Fv2%2Fcomments&post=14472"}],"version-history":[{"count":1,"href":"https:\/\/eloficiodehistoriar.com.mx\/index.php?rest_route=\/wp\/v2\/posts\/14472\/revisions"}],"predecessor-version":[{"id":14475,"href":"https:\/\/eloficiodehistoriar.com.mx\/index.php?rest_route=\/wp\/v2\/posts\/14472\/revisions\/14475"}],"wp:featuredmedia":[{"embeddable":true,"href":"https:\/\/eloficiodehistoriar.com.mx\/index.php?rest_route=\/wp\/v2\/media\/14474"}],"wp:attachment":[{"href":"https:\/\/eloficiodehistoriar.com.mx\/index.php?rest_route=%2Fwp%2Fv2%2Fmedia&parent=14472"}],"wp:term":[{"taxonomy":"category","embeddable":true,"href":"https:\/\/eloficiodehistoriar.com.mx\/index.php?rest_route=%2Fwp%2Fv2%2Fcategories&post=14472"},{"taxonomy":"post_tag","embeddable":true,"href":"https:\/\/eloficiodehistoriar.com.mx\/index.php?rest_route=%2Fwp%2Fv2%2Ftags&post=14472"}],"curies":[{"name":"wp","href":"https:\/\/api.w.org\/{rel}","templated":true}]}}