{"id":14479,"date":"2019-11-16T14:09:58","date_gmt":"2019-11-16T20:09:58","guid":{"rendered":"https:\/\/eloficiodehistoriar.com.mx\/?p=14479"},"modified":"2019-11-16T14:09:58","modified_gmt":"2019-11-16T20:09:58","slug":"quien-no-conoce-el-salon-los-angeles-no-se-conoce-asi-mismo","status":"publish","type":"post","link":"https:\/\/eloficiodehistoriar.com.mx\/?p=14479","title":{"rendered":"Qui\u00e9n no conoce el sal\u00f3n \u00abLos Angeles\u00bb no se conoce as\u00ed mismo"},"content":{"rendered":"<p>Despu\u00e9s de dictar c\u00e1tedra de direcci\u00f3n de orquesta en el Auditorio Nacional la noche del jueves, Gustavo Dudamel recibi\u00f3 con su esposa, Mar\u00eda Valverde, lecciones de danz\u00f3n del reinventor de ese arte, Arturo M\u00e1rquez, y su esposa, Laura Calder\u00f3n, en el Sal\u00f3n Los \u00c1ngeles, recinto convertido ya en un nuevo foro cultural de trascendencia, pues all\u00ed ocurren sucesos que conmover\u00e1n al mundo, en una renovaci\u00f3n ejemplo para espacios independientes, insurreccionales. Por lo pronto, ver bailar danz\u00f3n a Gustavo Dudamel, Mar\u00eda Valverde, Arturo M\u00e1rquez y Laura Calder\u00f3n, queda para la posteridad.<\/p>\n<p>En el Sal\u00f3n Los \u00c1ngeles naci\u00f3 el ahora legendario Danz\u00f3n n\u00famero 2 de Arturo M\u00e1rquez. En la visita anterior a M\u00e9xico de Gustavo Dudamel, cuando dirigi\u00f3 a la Filarm\u00f3nica de Viena en Bellas Artes, Arturo M\u00e1rquez lo llev\u00f3 al Sal\u00f3n Los \u00c1ngeles y Gustavo qued\u00f3 fascinado de por vida: \u2018\u2018quiero aprender danz\u00f3n\u201d, dijo.<\/p>\n<p>Sue\u00f1o hecho realidad ante la mirada de Miguel Nieto<\/p>\n<p>Y antenoche se hizo realidad el sue\u00f1o: ante la mirada c\u00f3mplice de Miguel Nieto, art\u00edfice del Sal\u00f3n Los \u00c1ngeles, la Danzonera de Felipe Urb\u00e1n elev\u00f3 la noche a la condici\u00f3n de ensue\u00f1o y Arturo M\u00e1rquez comenz\u00f3 a sobar la duela en los brazos de su maestra de baile y esposa, Laura Calder\u00f3n.<\/p>\n<p>Acto seguido, Gustavo Dudamel tom\u00f3 de la mano a Mar\u00eda Valverde, su esposa, y se encaminaron al entarimado para recibir las instrucciones de la pareja M\u00e1rquez-Calder\u00f3n. Como buen m\u00fasico, Dudamel bail\u00f3 de o\u00eddo, como se dice popularmente entre autodidactas. Al principio sus pasos deambulaban y en cuanto el golpe de timbales marc\u00f3 cambio de cadencia, Mar\u00eda Valverde lo elev\u00f3 al infinito en su nueva forma de virtuosismo art\u00edstico: bailar danz\u00f3n. Ya era maestro en el arte de dirigir el Danz\u00f3n n\u00famero 2 de Arturo M\u00e1rquez en el podio, ahora es un aprendiz de brujo del arte del baile de alta estirpe, de elegancia y donosura: el danz\u00f3n.<\/p>\n<p>A la Danzonera de Felipe Urb\u00e1n le sigui\u00f3 en el foro de los m\u00fasicos el grupo Nueva Nostalgia. Fue el momento en que Gustavo demostr\u00f3 su condici\u00f3n venezolana en cuerpo entero, pues la rumba ya era de su total dominio corporal. Y as\u00ed hasta casi el amanecer.<\/p>\n<p>El proyecto cultural del Sal\u00f3n Los \u00c1ngeles continuar\u00e1 el 28 de noviembre, cuando por primera vez en la historia una orquesta sinf\u00f3nica se presentar\u00e1 en un sal\u00f3n de baile, y ser\u00e1 con m\u00fasica de Gabriela Ortiz, Arturo M\u00e1rquez, H\u00e9ctor Infanz\u00f3n, Eugenio Toussaint y D\u00e1maso P\u00e9rez Prado. Es decir, compositores de danz\u00f3n. De eso seguiremos informando.<\/p>\n<p>Por lo pronto, Gustavo Dudamel coron\u00f3 su gira mexicana bailando danz\u00f3n luego de hacer un manifiesto pol\u00edtico en el Auditorio Nacional, al frente de una de las mejores orquestas del planeta, la Filarm\u00f3nica de Los \u00c1ngeles: subi\u00f3 al escenario a m\u00fasicos venezolanos e hizo callar a la orquesta para que sonaran solamente los instrumentos de su pa\u00eds: arpa llanera, cuatro venezolano, maracas y contrabajo.<\/p>\n<p>Otro elemento del manifiesto pol\u00edtico que hizo Dudamel: puso a dirigir a la Filarm\u00f3nica de Los \u00c1ngeles, en condici\u00f3n de concertino, a un ni\u00f1o de un barrio de Los \u00c1ngeles, integrante de la YOLA, la orquesta con la cual Gustavo Dudamel contin\u00faa la labor revolucionaria \u2018\u2018de nuestro amad\u00edsimo Jos\u00e9 Antonio Abreu\u201d: el Sistema de Coros y Orquestas Juveniles e Infantiles Sim\u00f3n Bol\u00edvar, y al micr\u00f3fono mencion\u00f3 a Eduardo Mata como uno de los art\u00edfices de esa revoluci\u00f3n.<\/p>\n<p>Manifiesto final y contundente: \u2018\u2018el arte sirve para romper muros y tender puentes\u201d.<\/p>\n<p>Acto seguido, dirigi\u00f3 dos partituras venezolanas con la Filarm\u00f3nica de Los \u00c1ngeles, el Huapango de Moncayo y luego se convirti\u00f3 en yedai: al final del tema central de Star Wars, cambi\u00f3 la batuta por una espada l\u00e1ser. Y la fuerza estuvo con \u00e9l.<\/p>\n<p>Ya despu\u00e9s nos fuimos todos a bailar danz\u00f3n al Sal\u00f3n Los \u00c1ngeles.<\/p>\n<p>Porque quien no conoce el Sal\u00f3n Los \u00c1ngeles, no se conoce a s\u00ed mismo.<\/p>\n<p>Ya dije.<\/p>\n","protected":false},"excerpt":{"rendered":"<p>Despu\u00e9s de dictar c\u00e1tedra de direcci\u00f3n de orquesta en el Auditorio Nacional la noche del jueves, Gustavo Dudamel recibi\u00f3 con su esposa, Mar\u00eda Valverde, lecciones de danz\u00f3n del reinventor de ese arte, Arturo M\u00e1rquez, y su esposa, Laura Calder\u00f3n, en el Sal\u00f3n Los \u00c1ngeles, recinto convertido ya en un nuevo foro cultural de trascendencia, pues [&hellip;]<\/p>\n","protected":false},"author":249,"featured_media":14480,"comment_status":"open","ping_status":"closed","sticky":false,"template":"","format":"standard","meta":{"footnotes":""},"categories":[26],"tags":[],"class_list":["post-14479","post","type-post","status-publish","format-standard","has-post-thumbnail","hentry","category-mundo"],"_links":{"self":[{"href":"https:\/\/eloficiodehistoriar.com.mx\/index.php?rest_route=\/wp\/v2\/posts\/14479","targetHints":{"allow":["GET"]}}],"collection":[{"href":"https:\/\/eloficiodehistoriar.com.mx\/index.php?rest_route=\/wp\/v2\/posts"}],"about":[{"href":"https:\/\/eloficiodehistoriar.com.mx\/index.php?rest_route=\/wp\/v2\/types\/post"}],"author":[{"embeddable":true,"href":"https:\/\/eloficiodehistoriar.com.mx\/index.php?rest_route=\/wp\/v2\/users\/249"}],"replies":[{"embeddable":true,"href":"https:\/\/eloficiodehistoriar.com.mx\/index.php?rest_route=%2Fwp%2Fv2%2Fcomments&post=14479"}],"version-history":[{"count":1,"href":"https:\/\/eloficiodehistoriar.com.mx\/index.php?rest_route=\/wp\/v2\/posts\/14479\/revisions"}],"predecessor-version":[{"id":14481,"href":"https:\/\/eloficiodehistoriar.com.mx\/index.php?rest_route=\/wp\/v2\/posts\/14479\/revisions\/14481"}],"wp:featuredmedia":[{"embeddable":true,"href":"https:\/\/eloficiodehistoriar.com.mx\/index.php?rest_route=\/wp\/v2\/media\/14480"}],"wp:attachment":[{"href":"https:\/\/eloficiodehistoriar.com.mx\/index.php?rest_route=%2Fwp%2Fv2%2Fmedia&parent=14479"}],"wp:term":[{"taxonomy":"category","embeddable":true,"href":"https:\/\/eloficiodehistoriar.com.mx\/index.php?rest_route=%2Fwp%2Fv2%2Fcategories&post=14479"},{"taxonomy":"post_tag","embeddable":true,"href":"https:\/\/eloficiodehistoriar.com.mx\/index.php?rest_route=%2Fwp%2Fv2%2Ftags&post=14479"}],"curies":[{"name":"wp","href":"https:\/\/api.w.org\/{rel}","templated":true}]}}