{"id":14484,"date":"2019-11-17T13:01:43","date_gmt":"2019-11-17T19:01:43","guid":{"rendered":"https:\/\/eloficiodehistoriar.com.mx\/?p=14484"},"modified":"2019-11-17T13:01:43","modified_gmt":"2019-11-17T19:01:43","slug":"festival-de-cine-de-terror","status":"publish","type":"post","link":"https:\/\/eloficiodehistoriar.com.mx\/?p=14484","title":{"rendered":"Festival de cine de terror"},"content":{"rendered":"<p>La Jornada<\/p>\n<p>Festival de cine de terror Espanto debutar\u00e1 en Hidalgo<\/p>\n<p>Redacci\u00f3n<\/p>\n<p>El pr\u00f3ximo 20 de noviembre se llevar\u00e1 a cabo la primera edici\u00f3n del festival de cine de terror Espanto. Tendr\u00e1 lugar en el pueblo m\u00e1gico Real del Monte, ciudad peque\u00f1a, del estado de Hidalgo, de pinceladas muy inglesas, aunque sin alg\u00fan espacio para apreciar el cine.<\/p>\n<p>El objetivo de dicho festival, seg\u00fan su director, Enrique Montoya, es abrir espacios que permitan a la poblaci\u00f3n acercarse al s\u00e9ptimo arte, sobre todo voltear a las comunidades olvidadas por actividades cinematogr\u00e1ficas de mayor tama\u00f1o.<\/p>\n<p>Las proyecciones tendr\u00e1n lugar en sitios representativos de la ciudad como el famoso Pante\u00f3n Ingl\u00e9s, construido en 1851.<\/p>\n<p>La inauguraci\u00f3n quedar\u00e1 a cargo de la banda Agrupaci\u00f3n Cari\u00f1o.<\/p>\n<p>En conferencia de prensa, el vocalista del grupo, Marco Olivera, se refiri\u00f3 a la importancia de estos espacios para acercar el cine a la poblaci\u00f3n; asimismo, manifest\u00f3 empat\u00eda hacia este arte y la participaci\u00f3n que su agrupaci\u00f3n ha tenido en filmes mexicanos.<\/p>\n<p>Entre el jurado y los invitados especiales, se encuentra el director mexicano de la cinta El Incidente, Isaac Ezban.<\/p>\n<p>Durante la conferencia de prensa, se present\u00f3 al cr\u00edtico y analista cinematogr\u00e1fico Jes\u00fas Chavarr\u00eda \u2013 jurado de la categor\u00eda de largometraje\u2013, quien habl\u00f3 sobre la falta de mecanismos para exhibir cortometrajes y aludi\u00f3 a los festivales existentes por ser el puente para hacer posible que los peque\u00f1os filmes puedan darse a conocer.<\/p>\n<p>El certamen, que se llevar\u00e1 a cabo del 20 al 24 de noviembre, proyectar\u00e1 cinco largometrajes internacionales procedentes de Venezuela, Chile, Argentina, Nueva Zelanda y Francia; tambi\u00e9n exhibir\u00e1 ocho largometrajes mexicanos, as\u00ed como m\u00e1s de 25 cortometrajes en competencia.<\/p>\n","protected":false},"excerpt":{"rendered":"<p>La Jornada Festival de cine de terror Espanto debutar\u00e1 en Hidalgo Redacci\u00f3n El pr\u00f3ximo 20 de noviembre se llevar\u00e1 a cabo la primera edici\u00f3n del festival de cine de terror Espanto. Tendr\u00e1 lugar en el pueblo m\u00e1gico Real del Monte, ciudad peque\u00f1a, del estado de Hidalgo, de pinceladas muy inglesas, aunque sin alg\u00fan espacio para [&hellip;]<\/p>\n","protected":false},"author":249,"featured_media":14486,"comment_status":"open","ping_status":"closed","sticky":false,"template":"","format":"standard","meta":{"footnotes":""},"categories":[26],"tags":[],"class_list":["post-14484","post","type-post","status-publish","format-standard","has-post-thumbnail","hentry","category-mundo"],"_links":{"self":[{"href":"https:\/\/eloficiodehistoriar.com.mx\/index.php?rest_route=\/wp\/v2\/posts\/14484","targetHints":{"allow":["GET"]}}],"collection":[{"href":"https:\/\/eloficiodehistoriar.com.mx\/index.php?rest_route=\/wp\/v2\/posts"}],"about":[{"href":"https:\/\/eloficiodehistoriar.com.mx\/index.php?rest_route=\/wp\/v2\/types\/post"}],"author":[{"embeddable":true,"href":"https:\/\/eloficiodehistoriar.com.mx\/index.php?rest_route=\/wp\/v2\/users\/249"}],"replies":[{"embeddable":true,"href":"https:\/\/eloficiodehistoriar.com.mx\/index.php?rest_route=%2Fwp%2Fv2%2Fcomments&post=14484"}],"version-history":[{"count":2,"href":"https:\/\/eloficiodehistoriar.com.mx\/index.php?rest_route=\/wp\/v2\/posts\/14484\/revisions"}],"predecessor-version":[{"id":14487,"href":"https:\/\/eloficiodehistoriar.com.mx\/index.php?rest_route=\/wp\/v2\/posts\/14484\/revisions\/14487"}],"wp:featuredmedia":[{"embeddable":true,"href":"https:\/\/eloficiodehistoriar.com.mx\/index.php?rest_route=\/wp\/v2\/media\/14486"}],"wp:attachment":[{"href":"https:\/\/eloficiodehistoriar.com.mx\/index.php?rest_route=%2Fwp%2Fv2%2Fmedia&parent=14484"}],"wp:term":[{"taxonomy":"category","embeddable":true,"href":"https:\/\/eloficiodehistoriar.com.mx\/index.php?rest_route=%2Fwp%2Fv2%2Fcategories&post=14484"},{"taxonomy":"post_tag","embeddable":true,"href":"https:\/\/eloficiodehistoriar.com.mx\/index.php?rest_route=%2Fwp%2Fv2%2Ftags&post=14484"}],"curies":[{"name":"wp","href":"https:\/\/api.w.org\/{rel}","templated":true}]}}