{"id":14498,"date":"2019-11-18T12:42:18","date_gmt":"2019-11-18T18:42:18","guid":{"rendered":"https:\/\/eloficiodehistoriar.com.mx\/?p=14498"},"modified":"2019-11-18T12:42:18","modified_gmt":"2019-11-18T18:42:18","slug":"antonieta-rivas-mercado","status":"publish","type":"post","link":"https:\/\/eloficiodehistoriar.com.mx\/?p=14498","title":{"rendered":"Antonieta Rivas Mercado"},"content":{"rendered":"<p>La Jornada Semanal<\/p>\n<div class=\"row\">\n<div class=\"col-md-8\">\n<div class=\"sem-pl-des\">Antonieta Rivas Mercado. Obras, Tayde Acosta Gamas (recopilaci\u00f3n, presentaci\u00f3n, cronolog\u00eda, notas y ap\u00e9ndices)&#8217;, Secretar\u00eda de Cultura\/ Siglo XXI Editores, M\u00e9xico, 2018<\/div>\n<div class=\"sem-autor\">Redacci\u00f3n<\/div>\n<\/div>\n<\/div>\n<div class=\"ljs-nota-descripcion\">\n<p>Dividida en dos\u00a0tomos, el primero dedicado a cuento, teatro, ensayo, prosa varia, traducci\u00f3n, novela y cr\u00f3nica, mientras al segundo corresponden el diario, el epistolario y los ap\u00e9ndices, esta recopilaci\u00f3n le hace justicia \u2013nunca tard\u00eda\u2014 a esa autora multifac\u00e9tica, prol\u00edfica y, como bien dice Tayde Acosta, \u201cfascinante y de extraordinaria personalidad\u201d que fue Antonieta Rivas Mercado, soslayada por muchos y desconocida por much\u00edsimos, pero fundamental para comprender a cabalidad qu\u00e9 y c\u00f3mo fue una \u00e9poca entera del pensamiento y la literatura en M\u00e9xico. Integrante del c\u00e9lebre grupo Contempor\u00e1neos lo mismo que del menos sonado grupo Ulises, Rivas Mercado era poseedora de talento e inteligencia de verdad sobresalientes pero, para infortunio tanto de su memoria y sobre todo de los lectores de las generaciones posteriores a ella, siempre se ha hablado m\u00e1s de su tr\u00e1gica muerte que de su obra, rica y diversa como pocas. Bien dice Acosta Gamas, cuya labor merece un gran elogio, que finalmente, \u201cdespu\u00e9s de tres d\u00e9cadas [contadas a partir de la edici\u00f3n, en 1987, de las\u00a0<i>Obras completas de Antonieta Rivas Mercado<\/i>], reconocemos su verdadero valor, su verdadera trayectoria, hoy comprendemos su importancia en diversas facetas, pero sobre todo en la literaria\u201d. Esta edici\u00f3n, enriquecida ampliamente con la cronolog\u00eda, el cuerpo de notas y los ap\u00e9ndices a cargo de Acosta Gamas, es una oportunidad magn\u00edfica para acercarse a la que sin duda es una de las personalidades de la cultura mexicana m\u00e1s injustamente reducidas a una an\u00e9cdota tr\u00e1gica.<\/p>\n<\/div>\n","protected":false},"excerpt":{"rendered":"<p>La Jornada Semanal Antonieta Rivas Mercado. Obras, Tayde Acosta Gamas (recopilaci\u00f3n, presentaci\u00f3n, cronolog\u00eda, notas y ap\u00e9ndices)&#8217;, Secretar\u00eda de Cultura\/ Siglo XXI Editores, M\u00e9xico, 2018 Redacci\u00f3n Dividida en dos\u00a0tomos, el primero dedicado a cuento, teatro, ensayo, prosa varia, traducci\u00f3n, novela y cr\u00f3nica, mientras al segundo corresponden el diario, el epistolario y los ap\u00e9ndices, esta recopilaci\u00f3n le [&hellip;]<\/p>\n","protected":false},"author":249,"featured_media":14499,"comment_status":"open","ping_status":"closed","sticky":false,"template":"","format":"standard","meta":{"footnotes":""},"categories":[26],"tags":[],"class_list":["post-14498","post","type-post","status-publish","format-standard","has-post-thumbnail","hentry","category-mundo"],"_links":{"self":[{"href":"https:\/\/eloficiodehistoriar.com.mx\/index.php?rest_route=\/wp\/v2\/posts\/14498","targetHints":{"allow":["GET"]}}],"collection":[{"href":"https:\/\/eloficiodehistoriar.com.mx\/index.php?rest_route=\/wp\/v2\/posts"}],"about":[{"href":"https:\/\/eloficiodehistoriar.com.mx\/index.php?rest_route=\/wp\/v2\/types\/post"}],"author":[{"embeddable":true,"href":"https:\/\/eloficiodehistoriar.com.mx\/index.php?rest_route=\/wp\/v2\/users\/249"}],"replies":[{"embeddable":true,"href":"https:\/\/eloficiodehistoriar.com.mx\/index.php?rest_route=%2Fwp%2Fv2%2Fcomments&post=14498"}],"version-history":[{"count":1,"href":"https:\/\/eloficiodehistoriar.com.mx\/index.php?rest_route=\/wp\/v2\/posts\/14498\/revisions"}],"predecessor-version":[{"id":14500,"href":"https:\/\/eloficiodehistoriar.com.mx\/index.php?rest_route=\/wp\/v2\/posts\/14498\/revisions\/14500"}],"wp:featuredmedia":[{"embeddable":true,"href":"https:\/\/eloficiodehistoriar.com.mx\/index.php?rest_route=\/wp\/v2\/media\/14499"}],"wp:attachment":[{"href":"https:\/\/eloficiodehistoriar.com.mx\/index.php?rest_route=%2Fwp%2Fv2%2Fmedia&parent=14498"}],"wp:term":[{"taxonomy":"category","embeddable":true,"href":"https:\/\/eloficiodehistoriar.com.mx\/index.php?rest_route=%2Fwp%2Fv2%2Fcategories&post=14498"},{"taxonomy":"post_tag","embeddable":true,"href":"https:\/\/eloficiodehistoriar.com.mx\/index.php?rest_route=%2Fwp%2Fv2%2Ftags&post=14498"}],"curies":[{"name":"wp","href":"https:\/\/api.w.org\/{rel}","templated":true}]}}