{"id":145,"date":"2008-05-27T20:15:05","date_gmt":"2008-05-28T01:15:05","guid":{"rendered":"https:\/\/eloficiodehistoriar.com.mx\/?p=145"},"modified":"2008-05-27T20:18:09","modified_gmt":"2008-05-28T01:18:09","slug":"el-oficio-de-historiar-de-luis-gonzalez-y-gonzalez","status":"publish","type":"post","link":"https:\/\/eloficiodehistoriar.com.mx\/?p=145","title":{"rendered":"El Oficio de Historiar de Luis Gonz\u00e1lez y Gonz\u00e1lez"},"content":{"rendered":"<p><span style=\"font-size: 20pt; font-family: Arial\"><span style=\"font-weight: normal; font-size: 11pt; font-family: Arial\" lang=\"ES-MX\"><a href=\"https:\/\/eloficiodehistoriar.com.mx\/wp-content\/uploads\/2008\/05\/lgg.JPG\" title=\"Luis Gonz\u00e1lez\"><img decoding=\"async\" src=\"https:\/\/eloficiodehistoriar.com.mx\/wp-content\/uploads\/2008\/05\/lgg.thumbnail.JPG\" alt=\"Luis Gonz\u00e1lez\" \/><\/a><\/span><\/span><\/p>\n<p><span style=\"font-size: 20pt; font-family: Arial\"><span style=\"font-weight: normal; font-size: 11pt; font-family: Arial\" lang=\"ES-MX\"><\/span><\/span><\/p>\n<p><span style=\"font-size: 20pt; font-family: Arial\"><span style=\"font-weight: normal; font-size: 11pt; font-family: Arial\" lang=\"ES-MX\"><span style=\"font-weight: normal; font-size: 11pt; font-family: Arial\" lang=\"ES-MX\">La \u00fanica venida a Quer\u00e9taro de Luis Gonz\u00e1lez y Gonz\u00e1lez a disertar sobre su teor\u00eda, fue al taller \u201cEl Oficio de Historiar\u201d coordinado por qui\u00e9n esto escribe, un siete de noviembre del 2001, siendo recibido tumultuariamente por los talleristas y la comunidad intelectual local y sin la presencia de autoridad local alguna.<o:p><\/o:p><\/span><\/span><\/span><span style=\"font-size: 20pt; font-family: Arial\"><span style=\"font-weight: normal; font-size: 11pt; font-family: Arial\" lang=\"ES-MX\"><span style=\"font-weight: normal; font-size: 11pt; font-family: Arial\" lang=\"ES-MX\"><o:p>\u00a0<\/o:p><\/span><\/span><\/span><span style=\"font-size: 20pt; font-family: Arial\"><span style=\"font-weight: normal; font-size: 11pt; font-family: Arial\" lang=\"ES-MX\"><\/p>\n<p style=\"margin: 0cm 0cm 0pt; text-align: justify\" class=\"MsoBodyText\"><span style=\"font-weight: normal; font-size: 11pt; font-family: Arial\" lang=\"ES-MX\"><\/span><\/p>\n<p style=\"margin: 0cm 0cm 0pt; text-align: justify\" class=\"MsoBodyText\"><span style=\"font-weight: normal; font-size: 11pt; font-family: Arial\" lang=\"ES-MX\"><\/span><\/p>\n<p><span style=\"font-weight: normal; font-size: 11pt; font-family: Arial\" lang=\"ES-MX\">El Maestro dijo: \u201cQuer\u00e9taro es una de las ciudades a las que hay que visitar constantemente\u201d<o:p><\/o:p><\/span><span style=\"font-weight: normal; font-size: 11pt; font-family: Arial\" lang=\"ES-MX\">Luis Gonz\u00e1lez y Gonz\u00e1lez, el humanista de la historia, el mejor historiador de M\u00e9xico, El renovador de la concepci\u00f3n de entender y estudiar la<span>\u00a0 <\/span>historia, revolucionario de cepa,<span>\u00a0 <\/span>muri\u00f3 en el pueblo de San Jos\u00e9 de Gracia.<o:p><\/o:p><\/span><span style=\"font-weight: normal; font-size: 11pt; font-family: Arial\" lang=\"ES-MX\"><o:p>\u00a0<\/o:p><\/span><\/p>\n<p style=\"margin: 0cm 0cm 0pt\" class=\"MsoBodyText2\"><span style=\"font-size: 11pt; font-family: Arial\" lang=\"ES-MX\"><\/span><\/p>\n<p style=\"margin: 0cm 0cm 0pt\" class=\"MsoBodyText2\"><span style=\"font-size: 11pt; font-family: Arial\" lang=\"ES-MX\"><\/span><\/p>\n<p><span style=\"font-size: 11pt; font-family: Arial\" lang=\"ES-MX\">Cuando en San Jos\u00e9 de Gracia todo el mundo comentaba lo abundante de la cosecha que se ven\u00eda gracias a la buena temporada de lluvias, el II de octubre de 1925, lleg\u00f3 al mundo Luis Gonz\u00e1lez y Gonz\u00e1lez y el 14 de diciembre del 2003, cerca de las ocho de la ma\u00f1ana, ante un M\u00e9xico convulso e imprevisto, se nos fue.<o:p><\/o:p><\/span><span style=\"font-size: 11pt; font-family: Arial\" lang=\"ES-MX\"><o:p>\u00a0<\/o:p><\/span><\/p>\n<p style=\"margin: 0cm 0cm 0pt; text-align: justify\" class=\"MsoNormal\"><span style=\"font-size: 11pt; font-family: Arial\" lang=\"ES-MX\"><\/span><\/p>\n<p style=\"margin: 0cm 0cm 0pt; text-align: justify\" class=\"MsoNormal\"><span style=\"font-size: 11pt; font-family: Arial\" lang=\"ES-MX\"><\/span><\/p>\n<p><span style=\"font-size: 11pt; font-family: Arial\" lang=\"ES-MX\">Aprendi\u00f3 desde su infancia el desaf\u00edo de conservar<span>\u00a0 <\/span>la memoria como forma de preservar la vida a fuerza de contar y recontar las historias de los hombres. Se alej\u00f3 de la historia de bronce y se acerc\u00f3<span>\u00a0 <\/span>al quehacer cotidiano, a los m\u00e1s elementales e insignificantes acontecimientos y de esta manera naci\u00f3 la historia universal, llamada PUEBLO EN VILO.<o:p><\/o:p><\/span><span style=\"font-size: 11pt; font-family: Arial\" lang=\"ES-MX\"><o:p>\u00a0<\/o:p><\/span><\/p>\n<p style=\"margin: 0cm 0cm 0pt; text-align: justify\" class=\"MsoNormal\"><span style=\"font-size: 11pt; font-family: Arial\" lang=\"ES-MX\"><\/span><\/p>\n<p style=\"margin: 0cm 0cm 0pt; text-align: justify\" class=\"MsoNormal\"><span style=\"font-size: 11pt; font-family: Arial\" lang=\"ES-MX\"><\/span><\/p>\n<p><span style=\"font-size: 11pt; font-family: Arial\" lang=\"ES-MX\">El Maestro dijo: \u201c Hay una historia pol\u00edtica que se desparrama ante el gran p\u00fablico, no porque le guste mucho a los ni\u00f1os y adolescentes, lo que les cuentan, o porque aprendan eso por su voluntad, sino porque los obligan a que acepten eso como la historia\u201d.<o:p><\/o:p><\/span><span style=\"font-size: 11pt; font-family: Arial\" lang=\"ES-MX\"><o:p>\u00a0<\/o:p><\/span><\/p>\n<p style=\"margin: 0cm 0cm 0pt; text-align: justify\" class=\"MsoNormal\"><span style=\"font-size: 11pt; font-family: Arial\" lang=\"ES-MX\"><\/span><\/p>\n<p style=\"margin: 0cm 0cm 0pt; text-align: justify\" class=\"MsoNormal\"><span style=\"font-size: 11pt; font-family: Arial\" lang=\"ES-MX\"><\/span><\/p>\n<p><span style=\"font-size: 11pt; font-family: Arial\" lang=\"ES-MX\">Nieto de abuelos indios, conserv\u00f3 siempre el gusto por su MATRIA, por sus or\u00edgenes, el gusto por el habla sencilla y sabrosa, que lo llevara a hacer un profesor tan claro como ameno, un historiador convencido de<span>\u00a0 <\/span>que la historia no tiene porque ser de dif\u00edcil acceso y que los historiadores no tienen porque volverse pedantes.<o:p><\/o:p><\/span><span style=\"font-size: 11pt; font-family: Arial\" lang=\"ES-MX\"><o:p>\u00a0<\/o:p><\/span><\/p>\n<p style=\"margin: 0cm 0cm 0pt; text-align: justify\" class=\"MsoNormal\"><span style=\"font-size: 11pt; font-family: Arial\" lang=\"ES-MX\"><\/span><\/p>\n<p style=\"margin: 0cm 0cm 0pt; text-align: justify\" class=\"MsoNormal\"><span style=\"font-size: 11pt; font-family: Arial\" lang=\"ES-MX\"><\/span><\/p>\n<p><span style=\"font-size: 11pt; font-family: Arial\" lang=\"ES-MX\">Luis Gonz\u00e1lez y Gonz\u00e1lez no olvid\u00f3 nunca la pesada herencia que para bien o para mal marca el nacionalismo mexicano, traducido en odios hacia fuera, hacia los que le son diferentes y odios hacia dentro, hacia los que no lo son tanto.<o:p><\/o:p><\/span><span style=\"font-size: 11pt; font-family: Arial\" lang=\"ES-MX\"><o:p>\u00a0<\/o:p><\/span><\/p>\n<p style=\"margin: 0cm 0cm 0pt; text-align: justify\" class=\"MsoNormal\"><span style=\"font-size: 11pt; font-family: Arial\" lang=\"ES-MX\"><\/span><\/p>\n<p style=\"margin: 0cm 0cm 0pt; text-align: justify\" class=\"MsoNormal\"><span style=\"font-size: 11pt; font-family: Arial\" lang=\"ES-MX\"><\/span><\/p>\n<p><span style=\"font-size: 11pt; font-family: Arial\" lang=\"ES-MX\">El Maestro dijo: \u201cS\u00ed se puede uno liberarse de las mitolog\u00edas, de los mitos nacionales, \u00e9tnicos, religiosos o de cualquier otro tipo, sin dejar de ser solidario con su pa\u00eds y con los suyos\u201d.<o:p><\/o:p><\/span><span style=\"font-size: 11pt; font-family: Arial\" lang=\"ES-MX\"><o:p>\u00a0<\/o:p><\/span><\/p>\n<p style=\"margin: 0cm 0cm 0pt; text-align: justify\" class=\"MsoNormal\"><span style=\"font-size: 11pt; font-family: Arial\" lang=\"ES-MX\"><\/span><\/p>\n<p style=\"margin: 0cm 0cm 0pt; text-align: justify\" class=\"MsoNormal\"><span style=\"font-size: 11pt; font-family: Arial\" lang=\"ES-MX\"><\/span><\/p>\n<p><span style=\"font-size: 11pt; font-family: Arial\" lang=\"ES-MX\">Luis Gonz\u00e1lez y Gonz\u00e1lez ha luchado contra la historia oficial para rescatar la historia humilde y cotidiana de los pueblos y de las provincias y ha sido reconocido como el padre de <st1:personname ProductID=\"LA MICROHISTORIA\" w:st=\"on\">LA MICROHISTORIA<\/st1:personname>, de la historia regional, de la historia MATRIA.<o:p><\/o:p><\/span><span style=\"font-size: 11pt; font-family: Arial\" lang=\"ES-MX\"><o:p>\u00a0<\/o:p><\/span><\/p>\n<p style=\"margin: 0cm 0cm 0pt; text-align: justify\" class=\"MsoNormal\"><span style=\"font-size: 11pt; font-family: Arial\" lang=\"ES-MX\"><\/span><\/p>\n<p style=\"margin: 0cm 0cm 0pt; text-align: justify\" class=\"MsoNormal\"><span style=\"font-size: 11pt; font-family: Arial\" lang=\"ES-MX\"><\/span><\/p>\n<p><span style=\"font-size: 11pt; font-family: Arial\" lang=\"ES-MX\">Luis Gonz\u00e1lez y Gonz\u00e1lez, hombre de su familia, de su pueblo, de su regi\u00f3n, de su naci\u00f3n y de su gremio, es liberal en pol\u00edtica, porque sabe de la necesidad de la variedad, de la pluralidad, de la vitalidad de las diferencias, que no pueden, ni deben ser aniquiladas.<o:p><\/o:p><\/span><span style=\"font-size: 11pt; font-family: Arial\" lang=\"ES-MX\"><o:p>\u00a0<\/o:p><\/span><\/p>\n<p style=\"margin: 0cm 0cm 0pt; text-align: justify\" class=\"MsoNormal\"><span style=\"font-size: 11pt; font-family: Arial\" lang=\"ES-MX\"><\/span><\/p>\n<p style=\"margin: 0cm 0cm 0pt; text-align: justify\" class=\"MsoNormal\"><span style=\"font-size: 11pt; font-family: Arial\" lang=\"ES-MX\"><\/span><\/p>\n<p><span style=\"font-size: 11pt; font-family: Arial\" lang=\"ES-MX\">El maestro dijo; \u201c Es necesario recordar, pero tambi\u00e9n es necesario olvidar, un exceso de memoria enferma a veces hasta la locura\u201d.<o:p><\/o:p><\/span><span style=\"font-size: 11pt; font-family: Arial\" lang=\"ES-MX\"><o:p>\u00a0<\/o:p><\/span><\/p>\n<p style=\"margin: 0cm 0cm 0pt; text-align: justify\" class=\"MsoNormal\"><span style=\"font-size: 11pt; font-family: Arial\" lang=\"ES-MX\"><\/span><\/p>\n<p style=\"margin: 0cm 0cm 0pt; text-align: justify\" class=\"MsoNormal\"><span style=\"font-size: 11pt; font-family: Arial\" lang=\"ES-MX\"><\/span><\/p>\n<p><span style=\"font-size: 11pt; font-family: Arial\" lang=\"ES-MX\">Padre de la microhistoria, Luis Gonz\u00e1lez y Gonz\u00e1lez, fue un intelectual humilde, que nunca dud\u00f3 en compartir sus conocimientos con otros, fue el historiador m\u00e1s completo del siglo XX mexicano.<o:p><\/o:p><\/span><span style=\"font-size: 11pt; font-family: Arial\" lang=\"ES-MX\"><o:p>\u00a0<\/o:p><\/span><\/p>\n<p style=\"margin: 0cm 0cm 0pt; text-align: justify\" class=\"MsoNormal\"><span style=\"font-size: 11pt; font-family: Arial\" lang=\"ES-MX\"><\/span><\/p>\n<p style=\"margin: 0cm 0cm 0pt; text-align: justify\" class=\"MsoNormal\"><span style=\"font-size: 11pt; font-family: Arial\" lang=\"ES-MX\"><\/span><\/p>\n<p><span style=\"font-size: 11pt; font-family: Arial\" lang=\"ES-MX\">Su obra es inmensa, muy legible y muy original. De tal suerte que los historiadores deben de pensar seriamente<span>\u00a0 <\/span>formarse un criterio propio, al margen de modas o colegas.<o:p><\/o:p><\/span><span style=\"font-size: 11pt; font-family: Arial\" lang=\"ES-MX\"><o:p>\u00a0<\/o:p><\/span><span style=\"font-size: 11pt; font-family: Arial\" lang=\"ES-MX\"><span>\u00a0<\/span><o:p><\/o:p><\/span><span style=\"font-size: 11pt; font-family: Arial\" lang=\"ES-MX\"><o:p>\u00a0<\/o:p><\/span><span style=\"font-size: 11pt; font-family: Arial\" lang=\"ES-MX\"><o:p>\u00a0<\/o:p><\/span><span style=\"font-size: 11pt; font-family: Arial\" lang=\"ES-MX\"><o:p>\u00a0<\/o:p><\/span><span style=\"font-size: 11pt; font-family: Arial\" lang=\"ES-MX\"><o:p>\u00a0<\/o:p><\/span><span style=\"font-size: 11pt; font-family: Arial\" lang=\"ES-MX\"><o:p>\u00a0<\/o:p><\/span><\/span><\/span><\/p>\n","protected":false},"excerpt":{"rendered":"<p>La \u00fanica venida a Quer\u00e9taro de Luis Gonz\u00e1lez y Gonz\u00e1lez a disertar sobre su teor\u00eda, fue al taller \u201cEl Oficio de Historiar\u201d coordinado por qui\u00e9n esto escribe, un siete de noviembre del 2001, siendo recibido tumultuariamente por los talleristas y la comunidad intelectual local y sin la presencia de autoridad local alguna.\u00a0 El Maestro dijo: [&hellip;]<\/p>\n","protected":false},"author":249,"featured_media":0,"comment_status":"open","ping_status":"closed","sticky":false,"template":"","format":"standard","meta":{"footnotes":""},"categories":[8,10],"tags":[],"class_list":["post-145","post","type-post","status-publish","format-standard","hentry","category-ciudad-de-queretaro","category-historia"],"_links":{"self":[{"href":"https:\/\/eloficiodehistoriar.com.mx\/index.php?rest_route=\/wp\/v2\/posts\/145","targetHints":{"allow":["GET"]}}],"collection":[{"href":"https:\/\/eloficiodehistoriar.com.mx\/index.php?rest_route=\/wp\/v2\/posts"}],"about":[{"href":"https:\/\/eloficiodehistoriar.com.mx\/index.php?rest_route=\/wp\/v2\/types\/post"}],"author":[{"embeddable":true,"href":"https:\/\/eloficiodehistoriar.com.mx\/index.php?rest_route=\/wp\/v2\/users\/249"}],"replies":[{"embeddable":true,"href":"https:\/\/eloficiodehistoriar.com.mx\/index.php?rest_route=%2Fwp%2Fv2%2Fcomments&post=145"}],"version-history":[{"count":0,"href":"https:\/\/eloficiodehistoriar.com.mx\/index.php?rest_route=\/wp\/v2\/posts\/145\/revisions"}],"wp:attachment":[{"href":"https:\/\/eloficiodehistoriar.com.mx\/index.php?rest_route=%2Fwp%2Fv2%2Fmedia&parent=145"}],"wp:term":[{"taxonomy":"category","embeddable":true,"href":"https:\/\/eloficiodehistoriar.com.mx\/index.php?rest_route=%2Fwp%2Fv2%2Fcategories&post=145"},{"taxonomy":"post_tag","embeddable":true,"href":"https:\/\/eloficiodehistoriar.com.mx\/index.php?rest_route=%2Fwp%2Fv2%2Ftags&post=145"}],"curies":[{"name":"wp","href":"https:\/\/api.w.org\/{rel}","templated":true}]}}