{"id":14505,"date":"2019-11-19T13:27:49","date_gmt":"2019-11-19T19:27:49","guid":{"rendered":"https:\/\/eloficiodehistoriar.com.mx\/?p=14505"},"modified":"2019-11-19T13:27:49","modified_gmt":"2019-11-19T19:27:49","slug":"billie-eilish-en-mexico","status":"publish","type":"post","link":"https:\/\/eloficiodehistoriar.com.mx\/?p=14505","title":{"rendered":"Billie Eilish en M\u00e9xico"},"content":{"rendered":"<p>La Jornada<\/p>\n<p>Tras haber debutado el fin de semana ante el p\u00fablico mexicano en el festival de m\u00fasica Corona Capital, Billie Eilish se prepara para saber si ser\u00e1 nominada al Grammy el mi\u00e9rcoles.<\/p>\n<p>\u201c\u00a1Oh por Dios! Los Grammy, eso es enorme. \u00a1Crec\u00ed viendo los Grammy! Todos los a\u00f1os ve\u00edamos los Grammy en familia\u201d, dijo la cantautora californiana el lunes a un grupo de periodistas en la Ciudad de M\u00e9xico. \u201cMe gusta ser juez de los vestidos que llevan las chicas. Esa era mi parte favorita de los Grammy\u201d.<\/p>\n<p>La sensaci\u00f3n de 17 a\u00f1os considera que \u201cno hay premio m\u00e1s grande\u201d que ese, y seg\u00fan los expertos es casi un hecho que ser\u00e1 nominada a mejor nuevo artista por su segundo \u00e1lbum, When we all fall asleep, where do we go?, adem\u00e1s de \u00e1lbum del a\u00f1o y canci\u00f3n del a\u00f1o, por \u201cBad guy\u201d.<\/p>\n<p>\u201cNo creo que gane. Ya veremos. \u00bfQui\u00e9n sabe?\u201d, dijo Eilish. \u201cDe todas formas es emocionante\u201d.<\/p>\n<p>El anuncio de las nominaciones llegar\u00e1 a menos de una semana de que otra joven sensaci\u00f3n de la m\u00fasica, la espa\u00f1ola Rosal\u00eda, se alzara con tres Latin Grammy, incluyendo \u00e1lbum del a\u00f1o por El mal querer. Eilish revel\u00f3 que ambas est\u00e1n en proceso de una colaboraci\u00f3n, y calific\u00f3 a la int\u00e9rprete de \u201cMalamente\u201d y \u201cCon altura\u201d de \u201cincre\u00edble\u201d.<\/p>\n<p>\u201cRealmente no me gustan las ideas de las colaboraciones por alg\u00fan motivo&#8230; pero Rosal\u00eda y otra chica que me encanta, Jessie Reyez, son personas que me gustan mucho\u201d, dijo Eilish. \u201cLa (canci\u00f3n) de Rosal\u00eda la escribimos en enero y regresamos a ella hace unos meses, pero despu\u00e9s salimos las dos de gira. Ella ha estado muy ocupada y yo he estado muy ocupada&#8230; espero que salga alg\u00fan d\u00eda\u201d.<\/p>\n<p>Su concierto del domingo en el Corona ante miles de personas fue su primero en M\u00e9xico, donde aprovech\u00f3 para interpretar por primera vez en vivo la canci\u00f3n \u201cEverything I wanted\u201d, adem\u00e1s de sus \u00e9xitos \u201cBad guy\u201d, \u201cBury a friend\u201d y \u201cAll the good girls go to hell\u201d.<\/p>\n<p>\u201cFue muy divertido, hab\u00eda una gran energ\u00eda ah\u00ed\u201d, dijo Eilish, quien en todo momento mantuvo bailando y coreando al p\u00fablico.<\/p>\n<p>Ser tan famosa a su corta edad es algo con lo que est\u00e1 aprendiendo a lidiar, en especial porque su ascenso ha sido mete\u00f3rico. Apenas en 2017 lanz\u00f3 su \u00e1lbum debut, \u201cDon\u2019t smile at me\u201d, y tras millones de reproducciones en internet When we all fall asleep, where do we go? redobl\u00f3 su popularidad.<\/p>\n<p>\u201cPor un tiempo fue bastante dif\u00edcil y no lo disfrutaba, no estaba feliz, pero hace muy poco empec\u00e9 a ver lo incre\u00edble que es lo que hago y me he sentido agradecida por ello\u201d, dijo Eilish.<\/p>\n<p>Algo que agradece es haber crecido en una \u00e9poca con mayor libertad para j\u00f3venes artistas como ella, en la que \u201cest\u00e1 bien hacer lo que quieras\u201d sin tener que vestir de cierta manera, ser una ni\u00f1a femenina o que los ni\u00f1os tengan que ser muy masculinos. En su caso, transita con fluidez entre ambos g\u00e9neros con su estilo de vestimenta, que incluye pantalones holgados, camisetas extragrandes, sudaderas, cadenas, tenis as\u00ed como una actitud desenfada e irreverente (en sus entrevistas suele hablar de todo sin tapujos, hasta de su amor por ir al ba\u00f1o).<\/p>\n<p>\u201cHablo con mucha gente que se volvi\u00f3 artista en una \u00e9poca en la que no pod\u00edan salirse del molde: ten\u00edan que ser de un g\u00e9nero y hacer un tipo de m\u00fasica y ser un tipo de artista. Eso debi\u00f3 ser bastante inc\u00f3modo, eso me habr\u00eda vuelto loca\u201d, dijo Eilish. \u201cSoy muy afortunada de haber crecido en mi \u00e9poca y poder sacar provecho de ella. Y si tengo alg\u00fan impacto en alguna chica o chico para que sean m\u00e1s como quieren ser y menos como quienes creen que tienen que ser, eso es todo lo que quiero. Estoy muy agradecida orgullosa, creo\u201d.<\/p>\n<p>Eilish, quien trabaja con su hermano mayor Finneas O&#8217;Connell como coautor y productor de sus \u00e1lbumes, est\u00e1 feliz de ver hoy en la m\u00fasica a mujeres empoderadas.<\/p>\n<p>\u201cCreo que las artistas m\u00e1s importantes del momento son mujeres y eso es incre\u00edble\u201d, dijo. \u201cCreo que estamos en un momento en el que el que es tan fuerte lo empoderadoras y poderosas que son las mujeres en la m\u00fasica, que es una locura. Es una locura pensar que en el pasado las mujeres no pod\u00edan ni votar y ahora son las artistas m\u00e1s grandes en el mundo\u201d.<\/p>\n<p>El l\u00edder de Radiohead, Thom Yorke, la ha calificado como una de las artistas m\u00e1s interesantes del momento.<\/p>\n<p>\u201cEs una locura. Thom Yorke, lo mismo con Dave Grohl (de los Foo Fighters) y Billy Joe Armstrong (de Green Day), gente con la que mi hermano y yo crecimos. Incluso mis padres crecieron con ellos&#8230; Cuando tus padres est\u00e1n impresionados por la gente que te admira, eso nos hace a m\u00ed y a mi hermano decir \u00a1guau!\u201d, dijo Eilish. \u201cMe hace sentir que no le gusto s\u00f3lo a un tipo de persona y esa es una gran meta, ser atractiva para todos\u201d.<\/p>\n<p>Sin embargo, no vive por los \u201clikes\u201d (me gusta) en redes sociales y le pidi\u00f3 a los j\u00f3venes que no lo hagan tampoco: \u201cSi te alejas un poco de eso ves que no importa para nada a largo plazo. Puedes tirar tu tel\u00e9fono celular y tu vida ser\u00eda probablemente mejor\u201d, se\u00f1al\u00f3. \u201cMi vida ser\u00eda mejor si tirara mi celular\u201d.<\/p>\n<p>Eilish regresar\u00e1 en mayo a M\u00e9xico para dar dos conciertos, en Guadalajara y la Ciudad de M\u00e9xico.<\/p>\n","protected":false},"excerpt":{"rendered":"<p>La Jornada Tras haber debutado el fin de semana ante el p\u00fablico mexicano en el festival de m\u00fasica Corona Capital, Billie Eilish se prepara para saber si ser\u00e1 nominada al Grammy el mi\u00e9rcoles. \u201c\u00a1Oh por Dios! Los Grammy, eso es enorme. \u00a1Crec\u00ed viendo los Grammy! Todos los a\u00f1os ve\u00edamos los Grammy en familia\u201d, dijo la [&hellip;]<\/p>\n","protected":false},"author":249,"featured_media":14506,"comment_status":"open","ping_status":"closed","sticky":false,"template":"","format":"standard","meta":{"footnotes":""},"categories":[26],"tags":[],"class_list":["post-14505","post","type-post","status-publish","format-standard","has-post-thumbnail","hentry","category-mundo"],"_links":{"self":[{"href":"https:\/\/eloficiodehistoriar.com.mx\/index.php?rest_route=\/wp\/v2\/posts\/14505","targetHints":{"allow":["GET"]}}],"collection":[{"href":"https:\/\/eloficiodehistoriar.com.mx\/index.php?rest_route=\/wp\/v2\/posts"}],"about":[{"href":"https:\/\/eloficiodehistoriar.com.mx\/index.php?rest_route=\/wp\/v2\/types\/post"}],"author":[{"embeddable":true,"href":"https:\/\/eloficiodehistoriar.com.mx\/index.php?rest_route=\/wp\/v2\/users\/249"}],"replies":[{"embeddable":true,"href":"https:\/\/eloficiodehistoriar.com.mx\/index.php?rest_route=%2Fwp%2Fv2%2Fcomments&post=14505"}],"version-history":[{"count":1,"href":"https:\/\/eloficiodehistoriar.com.mx\/index.php?rest_route=\/wp\/v2\/posts\/14505\/revisions"}],"predecessor-version":[{"id":14507,"href":"https:\/\/eloficiodehistoriar.com.mx\/index.php?rest_route=\/wp\/v2\/posts\/14505\/revisions\/14507"}],"wp:featuredmedia":[{"embeddable":true,"href":"https:\/\/eloficiodehistoriar.com.mx\/index.php?rest_route=\/wp\/v2\/media\/14506"}],"wp:attachment":[{"href":"https:\/\/eloficiodehistoriar.com.mx\/index.php?rest_route=%2Fwp%2Fv2%2Fmedia&parent=14505"}],"wp:term":[{"taxonomy":"category","embeddable":true,"href":"https:\/\/eloficiodehistoriar.com.mx\/index.php?rest_route=%2Fwp%2Fv2%2Fcategories&post=14505"},{"taxonomy":"post_tag","embeddable":true,"href":"https:\/\/eloficiodehistoriar.com.mx\/index.php?rest_route=%2Fwp%2Fv2%2Ftags&post=14505"}],"curies":[{"name":"wp","href":"https:\/\/api.w.org\/{rel}","templated":true}]}}