{"id":14508,"date":"2019-11-19T13:38:30","date_gmt":"2019-11-19T19:38:30","guid":{"rendered":"https:\/\/eloficiodehistoriar.com.mx\/?p=14508"},"modified":"2019-11-19T13:38:30","modified_gmt":"2019-11-19T19:38:30","slug":"200-anos-del-museo-del-prado","status":"publish","type":"post","link":"https:\/\/eloficiodehistoriar.com.mx\/?p=14508","title":{"rendered":"200 a\u00f1os del Museo del Prado"},"content":{"rendered":"<p>MADRID<\/p>\n<p>apro<\/p>\n<p>Hoy hace 200 a\u00f1os abri\u00f3 sus puertas el Museo del Prado, entonces bajo el nombre de Museo Real, primer bicentenario que celebra con la muestra Solo la voluntad me sobra, la mayor reuni\u00f3n de obras de Goya, sin duda, el artista con el que tiene m\u00e1s estrecho v\u00ednculo esta pinacoteca.<\/p>\n<p>En sus paredes, durante su inauguraci\u00f3n, colgaron obras del pintor, como los retratos del rey Carlos IV y de la reina Mar\u00eda Luisa de Parma.<\/p>\n<p>Y hoy, dos siglos despu\u00e9s cuelgan en sus paredes 150 pinturas, 500 dibujos y la correspondencia con su amigo Mart\u00edn Zapater. En las piezas sobre papel de Goya reflejan los temas que pueden resultar m\u00e1s que contempor\u00e1neos.<\/p>\n<p>\u201c\u00bfEl arte contempor\u00e1neo es el arte que se hace hoy o el arte que tiene algo que decirnos hoy?\u201d, se pregunta Miguel Falomir, el director del Museo del Prado.<\/p>\n<p>Y se responde que es clar\u00edsimo en caso de Goya:<\/p>\n<p>\u201cSuelen preguntarme sobre la conveniencia de exponer arte contempor\u00e1neo en estas salas. Pero creo que no hay nada m\u00e1s contempor\u00e1neo que la obra sobre papel de Goya. No hay ning\u00fan artista actual que haya sabido denunciar nuestras pesadillas con ese rigor y acierto\u201d.<\/p>\n<blockquote class=\"twitter-tweet\" data-width=\"550\" data-dnt=\"true\">\n<p lang=\"es\" dir=\"ltr\">Hoy, 200 a\u00f1os despu\u00e9s de la inauguraci\u00f3n del Museo del Prado, Goya culmina la conmemoraci\u00f3n del centenario. La BNE se une a la exposici\u00f3n &quot;Solo la voluntad me sobra&quot; con una serie de dibujos del maestro.<\/p>\n<p>Por muchos siglos m\u00e1s, \u00a1feliz centenario, <a href=\"https:\/\/twitter.com\/museodelprado?ref_src=twsrc%5Etfw\">@museodelprado<\/a>! <a href=\"https:\/\/twitter.com\/hashtag\/Prado200?src=hash&amp;ref_src=twsrc%5Etfw\">#Prado200<\/a> <a href=\"https:\/\/t.co\/ecn6hLhdtO\">pic.twitter.com\/ecn6hLhdtO<\/a><\/p>\n<p>&mdash; Biblioteca Nacional de Espa\u00f1a (@BNE_biblioteca) <a href=\"https:\/\/twitter.com\/BNE_biblioteca\/status\/1196770510362812417?ref_src=twsrc%5Etfw\">November 19, 2019<\/a><\/p><\/blockquote>\n<p><script async src=\"https:\/\/platform.twitter.com\/widgets.js\" charset=\"utf-8\"><\/script><\/p>\n<p>Es no solo la importancia del artista en la fundaci\u00f3n del Museo del Prado y su poderosa actualidad lo que llevaron a sus directivos al hecho de que ten\u00edan que \u201cculminar con Goya\u201d estas celebraciones del bicentenario.<\/p>\n<p>En sus dibujos, m\u00e1s que en sus pinturas, el artista reflej\u00f3 sus principales preocupaciones, que eran m\u00e1s un reflejo de su introspecci\u00f3n. Sin embargo, hoy se pueden admirar y asomarse a sus ideas.<\/p>\n<p>Es \u201cuna de las mejores exposiciones que se pueden ver ahora mismo en el mundo\u201d, en opini\u00f3n del director del museo.<\/p>\n<p>Es, sin duda, la mayor muestra que se puede ver de un trabajo tan personal del artista.<\/p>\n<p>Dos de las personas que mejor conocen la obra del artista, son los comisarios de la muestra: Jos\u00e9 Manuel Matilla y Manuela Mena, quienes han dimensionado la obra de los estereotipos, como el de haber sido machista o defender las corridas de toros.<\/p>\n<p>Para Manuela Mena, Goya fue m\u00e1s un creador que pertenece al mundo de las ideas. \u201cNo es el primer reportero de guerra como tantas veces se ha repetido ni tampoco un pintor costumbrista\u201d, se\u00f1ala.<\/p>\n<p>Considera que Goya muestra en sus dibujos una profunda angustia existencial, y una desesperaci\u00f3n ante el odio y la crueldad<\/p>\n<p>Muestran tambi\u00e9n gran empat\u00eda hacia la mujer, como se aprecia en su dibujo titulado Lucha conyugal en una pelea desigual con su marido, una mujer golpeada, el dormitorio desordenado y el orinal volcado en primer plano.<\/p>\n<p>\u201cHay temas centrales en sus dibujos que todav\u00eda siguen siendo de una deslumbrante contemporaneidad, como es el control ideol\u00f3gico de las multitudes por parte de las \u00e9lites, la violencia innata, el miedo a la vejez\u201d, sugiere Matilla, para quien Goya fue un antitaurino que acentuaba su visi\u00f3n cr\u00edtica mediante la violencia de unas luchas desiguales que a menudo terminaban con la tr\u00e1gica muerte del torero y los caballos.<\/p>\n","protected":false},"excerpt":{"rendered":"<p>MADRID apro Hoy hace 200 a\u00f1os abri\u00f3 sus puertas el Museo del Prado, entonces bajo el nombre de Museo Real, primer bicentenario que celebra con la muestra Solo la voluntad me sobra, la mayor reuni\u00f3n de obras de Goya, sin duda, el artista con el que tiene m\u00e1s estrecho v\u00ednculo esta pinacoteca. En sus paredes, [&hellip;]<\/p>\n","protected":false},"author":249,"featured_media":14509,"comment_status":"open","ping_status":"closed","sticky":false,"template":"","format":"standard","meta":{"footnotes":""},"categories":[26],"tags":[],"class_list":["post-14508","post","type-post","status-publish","format-standard","has-post-thumbnail","hentry","category-mundo"],"_links":{"self":[{"href":"https:\/\/eloficiodehistoriar.com.mx\/index.php?rest_route=\/wp\/v2\/posts\/14508","targetHints":{"allow":["GET"]}}],"collection":[{"href":"https:\/\/eloficiodehistoriar.com.mx\/index.php?rest_route=\/wp\/v2\/posts"}],"about":[{"href":"https:\/\/eloficiodehistoriar.com.mx\/index.php?rest_route=\/wp\/v2\/types\/post"}],"author":[{"embeddable":true,"href":"https:\/\/eloficiodehistoriar.com.mx\/index.php?rest_route=\/wp\/v2\/users\/249"}],"replies":[{"embeddable":true,"href":"https:\/\/eloficiodehistoriar.com.mx\/index.php?rest_route=%2Fwp%2Fv2%2Fcomments&post=14508"}],"version-history":[{"count":1,"href":"https:\/\/eloficiodehistoriar.com.mx\/index.php?rest_route=\/wp\/v2\/posts\/14508\/revisions"}],"predecessor-version":[{"id":14510,"href":"https:\/\/eloficiodehistoriar.com.mx\/index.php?rest_route=\/wp\/v2\/posts\/14508\/revisions\/14510"}],"wp:featuredmedia":[{"embeddable":true,"href":"https:\/\/eloficiodehistoriar.com.mx\/index.php?rest_route=\/wp\/v2\/media\/14509"}],"wp:attachment":[{"href":"https:\/\/eloficiodehistoriar.com.mx\/index.php?rest_route=%2Fwp%2Fv2%2Fmedia&parent=14508"}],"wp:term":[{"taxonomy":"category","embeddable":true,"href":"https:\/\/eloficiodehistoriar.com.mx\/index.php?rest_route=%2Fwp%2Fv2%2Fcategories&post=14508"},{"taxonomy":"post_tag","embeddable":true,"href":"https:\/\/eloficiodehistoriar.com.mx\/index.php?rest_route=%2Fwp%2Fv2%2Ftags&post=14508"}],"curies":[{"name":"wp","href":"https:\/\/api.w.org\/{rel}","templated":true}]}}