{"id":14578,"date":"2019-11-29T11:09:04","date_gmt":"2019-11-29T17:09:04","guid":{"rendered":"https:\/\/eloficiodehistoriar.com.mx\/?p=14578"},"modified":"2019-11-29T11:09:04","modified_gmt":"2019-11-29T17:09:04","slug":"por-llegar-el-fin-de-los-simpson","status":"publish","type":"post","link":"https:\/\/eloficiodehistoriar.com.mx\/?p=14578","title":{"rendered":"Por llegar el fin de Los Simps\u00f3n"},"content":{"rendered":"<p>&nbsp;<\/p>\n<p>Washington.<\/p>\n<p>Danny Elfman, compositor del tema de apertura de la m\u00edtica serie de animaci\u00f3n &#8216;Los Simpson&#8217;, ha declarado que el final de una de las ficciones m\u00e1s populares de la televisi\u00f3n estadunidense est\u00e1 a punto de llegar, qued\u00e1ndole solo un a\u00f1o m\u00e1s de emisi\u00f3n.<\/p>\n<p>El compositor, habitual de las bandas sonoras de las pel\u00edculas de Tim Burton, tuvo una larga conversaci\u00f3n en podcast con la web Joe.ie, en la que habl\u00f3 de su amplia carrera.<\/p>\n<p>En un momento, se le pregunt\u00f3 sobre el devenir de la popular serie de Fox y qu\u00e9 opinaba acerca de la queja del p\u00fablico y la cr\u00edtica de la p\u00e9rdida de calidad de las \u00faltimas temporadas, su respuesta fue desconcertante.<\/p>\n<p>\u00abBueno, por lo que he o\u00eddo, su final est\u00e1 cerca. Por lo tanto, ese argumento tambi\u00e9n se zanjar\u00e1. [&#8230;] No lo s\u00e9 con certeza, pero he escuchado que la serie est\u00e1 en su \u00faltimo a\u00f1o\u00bb, coment\u00f3 Elfman.<\/p>\n<p>Antes de que las alarmas suenen, toca recodar que la m\u00edtica ficci\u00f3n creada por Matt Groening renov\u00f3 por dos temporadas m\u00e1s en febrero de este a\u00f1o. Con la cual, tras la emisi\u00f3n de la 31\u00aa temporada, que terminar\u00e1 en 2020, vendr\u00e1 una trig\u00e9simo tercera, que concluir\u00e1 en 2021.<\/p>\n<p>Con lo cual, como m\u00ednimo, &#8216;Los Simpson&#8217; tienen dos a\u00f1os m\u00e1s de emisi\u00f3n por contrato. No obstante, no hay que descartar que Elfman acierte, puesto que nada se sabe de una posible renovaci\u00f3n m\u00e1s all\u00e1 de la tanda de episodios n\u00famero 32.<\/p>\n<p>Con Disney como nuevo propietario de la popular familia amarilla procedente de Springfield, no ser\u00eda extra\u00f1o que haya &#8216;Simpson&#8217; para rato. La ficci\u00f3n completa est\u00e1 disponible en su plataforma Disney+.<\/p>\n<p>En la Comic-Con de San Diego, Groening declar\u00f3 que espera que la Casa del Rat\u00f3n haga una secuela de la pel\u00edcula que lleg\u00f3 a los cines en 2007. \u00abNo tengo la menor duda [&#8230;] Creo que Disney quiere algo por su dinero\u00bb, respondi\u00f3.<\/p>\n","protected":false},"excerpt":{"rendered":"<p>&nbsp; Washington. Danny Elfman, compositor del tema de apertura de la m\u00edtica serie de animaci\u00f3n &#8216;Los Simpson&#8217;, ha declarado que el final de una de las ficciones m\u00e1s populares de la televisi\u00f3n estadunidense est\u00e1 a punto de llegar, qued\u00e1ndole solo un a\u00f1o m\u00e1s de emisi\u00f3n. El compositor, habitual de las bandas sonoras de las pel\u00edculas [&hellip;]<\/p>\n","protected":false},"author":249,"featured_media":14579,"comment_status":"open","ping_status":"closed","sticky":false,"template":"","format":"standard","meta":{"footnotes":""},"categories":[26],"tags":[],"class_list":["post-14578","post","type-post","status-publish","format-standard","has-post-thumbnail","hentry","category-mundo"],"_links":{"self":[{"href":"https:\/\/eloficiodehistoriar.com.mx\/index.php?rest_route=\/wp\/v2\/posts\/14578","targetHints":{"allow":["GET"]}}],"collection":[{"href":"https:\/\/eloficiodehistoriar.com.mx\/index.php?rest_route=\/wp\/v2\/posts"}],"about":[{"href":"https:\/\/eloficiodehistoriar.com.mx\/index.php?rest_route=\/wp\/v2\/types\/post"}],"author":[{"embeddable":true,"href":"https:\/\/eloficiodehistoriar.com.mx\/index.php?rest_route=\/wp\/v2\/users\/249"}],"replies":[{"embeddable":true,"href":"https:\/\/eloficiodehistoriar.com.mx\/index.php?rest_route=%2Fwp%2Fv2%2Fcomments&post=14578"}],"version-history":[{"count":1,"href":"https:\/\/eloficiodehistoriar.com.mx\/index.php?rest_route=\/wp\/v2\/posts\/14578\/revisions"}],"predecessor-version":[{"id":14580,"href":"https:\/\/eloficiodehistoriar.com.mx\/index.php?rest_route=\/wp\/v2\/posts\/14578\/revisions\/14580"}],"wp:featuredmedia":[{"embeddable":true,"href":"https:\/\/eloficiodehistoriar.com.mx\/index.php?rest_route=\/wp\/v2\/media\/14579"}],"wp:attachment":[{"href":"https:\/\/eloficiodehistoriar.com.mx\/index.php?rest_route=%2Fwp%2Fv2%2Fmedia&parent=14578"}],"wp:term":[{"taxonomy":"category","embeddable":true,"href":"https:\/\/eloficiodehistoriar.com.mx\/index.php?rest_route=%2Fwp%2Fv2%2Fcategories&post=14578"},{"taxonomy":"post_tag","embeddable":true,"href":"https:\/\/eloficiodehistoriar.com.mx\/index.php?rest_route=%2Fwp%2Fv2%2Ftags&post=14578"}],"curies":[{"name":"wp","href":"https:\/\/api.w.org\/{rel}","templated":true}]}}