{"id":14613,"date":"2019-12-03T11:06:32","date_gmt":"2019-12-03T17:06:32","guid":{"rendered":"https:\/\/eloficiodehistoriar.com.mx\/?p=14613"},"modified":"2019-12-03T11:06:32","modified_gmt":"2019-12-03T17:06:32","slug":"la-verdad-con-mayusculas-a-5-ans-de-vicente-lenero","status":"publish","type":"post","link":"https:\/\/eloficiodehistoriar.com.mx\/?p=14613","title":{"rendered":"La Verdad con may\u00fasculas a 5 a\u00f1s de Vicente Le\u00f1ero"},"content":{"rendered":"<p>Proceso).-<\/p>\n<p>Al abandonar el edificio de Exc\u00e9lsior, en Reforma 18, me sent\u00ed perro sin due\u00f1o. Sin saber qu\u00e9 hacer con mi cuerpo, no hab\u00eda m\u00e1s mundo que el mundo interior. Algo me dec\u00eda que mi comportamiento en la asamblea que nos hab\u00eda puesto en la calle hab\u00eda sido propio de un cobarde, pero algo me dec\u00eda que no, que en el momento extremo me hab\u00eda acompa\u00f1ado la lucidez, tocado el peri\u00f3dico de muerte.<\/p>\n<p>De esto hablaba a solas con Susana. Yo sent\u00eda que se apretaba contra m\u00ed, que nada mejor pod\u00eda hacer en el agobio que era nuestra vida. La miraba a los ojos para mirar atr\u00e1s de su mirada verde y descend\u00eda a los labios que tanto me gustaban. Tem\u00eda lo peor, el despertar en ella de una amorosa compasi\u00f3n, irrepetibles los d\u00edas que no se quieren olvidar.<\/p>\n<p>Sin frontera que separe las palabras del pensamiento, un d\u00eda me dijo Vicente Le\u00f1ero: \u201cQuiz\u00e1s abandonamos la asamblea antes de tiempo. Ya se coreaba tu nombre. En fin, no s\u00e9\u201d.<\/p>\n<p>Un agujero me devor\u00f3. Si nos hab\u00edamos salido antes de tiempo, el miedo me hab\u00eda ganado.<\/p>\n<p>Trabaj\u00e1bamos en Proceso, la revista que ya levantaba vuelo, y volvi\u00f3 Vicente Le\u00f1ero, directo e inesperado. Me dijo que hab\u00eda escrito un libro, Los periodistas, que me dedicaba la obra de la que yo era el eje y que no me mostrar\u00eda una l\u00ednea de su manuscrito. No se expondr\u00eda ni me expondr\u00eda a un punto de vista adverso, a la sugerencia de alguna modificaci\u00f3n significativa o circunstancial.<\/p>\n<p>Vicente se reflejaba en las palabras de Kert\u00e9sz, el Nobel h\u00fangaro: \u201c\u00bfLa Verdad o mi Verdad? La Verdad. \u00bfY si no es la Verdad? Entonces, el error, pero el m\u00edo\u201d.<\/p>\n<p>Fui leyendo Los periodistas como quien camina, hablando y escuchando, observando y sinti\u00e9ndome observado, comprendi\u00e9ndome entre muchos, agradecido en las l\u00e1grimas de las que s\u00f3lo yo puedo dar cuenta.<\/p>\n<p>Las p\u00e1ginas se fueron haciendo una cadencia dolorosa, un andante, y fui sabiendo que, poco a poco, recuperaba el sentido de mi propia dignidad. l<\/p>\n","protected":false},"excerpt":{"rendered":"<p>Proceso).- Al abandonar el edificio de Exc\u00e9lsior, en Reforma 18, me sent\u00ed perro sin due\u00f1o. Sin saber qu\u00e9 hacer con mi cuerpo, no hab\u00eda m\u00e1s mundo que el mundo interior. Algo me dec\u00eda que mi comportamiento en la asamblea que nos hab\u00eda puesto en la calle hab\u00eda sido propio de un cobarde, pero algo me [&hellip;]<\/p>\n","protected":false},"author":249,"featured_media":0,"comment_status":"open","ping_status":"closed","sticky":false,"template":"","format":"standard","meta":{"footnotes":""},"categories":[26],"tags":[],"class_list":["post-14613","post","type-post","status-publish","format-standard","hentry","category-mundo"],"_links":{"self":[{"href":"https:\/\/eloficiodehistoriar.com.mx\/index.php?rest_route=\/wp\/v2\/posts\/14613","targetHints":{"allow":["GET"]}}],"collection":[{"href":"https:\/\/eloficiodehistoriar.com.mx\/index.php?rest_route=\/wp\/v2\/posts"}],"about":[{"href":"https:\/\/eloficiodehistoriar.com.mx\/index.php?rest_route=\/wp\/v2\/types\/post"}],"author":[{"embeddable":true,"href":"https:\/\/eloficiodehistoriar.com.mx\/index.php?rest_route=\/wp\/v2\/users\/249"}],"replies":[{"embeddable":true,"href":"https:\/\/eloficiodehistoriar.com.mx\/index.php?rest_route=%2Fwp%2Fv2%2Fcomments&post=14613"}],"version-history":[{"count":1,"href":"https:\/\/eloficiodehistoriar.com.mx\/index.php?rest_route=\/wp\/v2\/posts\/14613\/revisions"}],"predecessor-version":[{"id":14614,"href":"https:\/\/eloficiodehistoriar.com.mx\/index.php?rest_route=\/wp\/v2\/posts\/14613\/revisions\/14614"}],"wp:attachment":[{"href":"https:\/\/eloficiodehistoriar.com.mx\/index.php?rest_route=%2Fwp%2Fv2%2Fmedia&parent=14613"}],"wp:term":[{"taxonomy":"category","embeddable":true,"href":"https:\/\/eloficiodehistoriar.com.mx\/index.php?rest_route=%2Fwp%2Fv2%2Fcategories&post=14613"},{"taxonomy":"post_tag","embeddable":true,"href":"https:\/\/eloficiodehistoriar.com.mx\/index.php?rest_route=%2Fwp%2Fv2%2Ftags&post=14613"}],"curies":[{"name":"wp","href":"https:\/\/api.w.org\/{rel}","templated":true}]}}