{"id":14868,"date":"2020-02-06T10:10:12","date_gmt":"2020-02-06T16:10:12","guid":{"rendered":"https:\/\/eloficiodehistoriar.com.mx\/?p=14868"},"modified":"2020-02-06T10:10:12","modified_gmt":"2020-02-06T16:10:12","slug":"juan-melchor-bosco-ochienna-don-bosco","status":"publish","type":"post","link":"https:\/\/eloficiodehistoriar.com.mx\/?p=14868","title":{"rendered":"Juan Melchor Bosco Ochienna; Don Bosco"},"content":{"rendered":"<p>Don Bosco:<\/p>\n<p>Juan Melchor Bosco Ochienna<\/p>\n<p>Nuestro fundador naci\u00f3 el 16 de agosto de 1815 en I Becchi, Castelnuovo d&#8217;Asti, sus padres fueron Francisco Bosco (1780-1817) y Margarita Occhiena (1788-1856). Su padre muri\u00f3 de pulmon\u00eda cuando \u00e9l ten\u00eda dos a\u00f1os. Fue educado por su madre en el trabajo cotidiano y la fe, ten\u00eda dos hermanos Antonio el de mayor edad y Jos\u00e9 el menor, Antonio disent\u00eda con \u00e9l casi en todo, el otro era su amigo de juegos.<br \/>\nHijo de campesinos pas\u00f3 sus primeros a\u00f1os trabajando como pastor de ovejas en el campo, recibi\u00f3 su primera educaci\u00f3n del sacerdote de su parroquia don Calasso de quien guardar\u00eda recuerdos como su segundo padre, \u00e9l falleci\u00f3 dejando en Bosco una ense\u00f1anza clara de la fe que se hace caridad manifiesta.<br \/>\nSu af\u00e1n por aprender fue aumentando a medida que crec\u00eda, pero la pobreza de su familia le oblig\u00f3 a abandonar la escuela. A los nueve a\u00f1os intuy\u00f3 a trav\u00e9s de un sue\u00f1o que deb\u00eda dedicarse a la educaci\u00f3n de la juventud. Siendo todav\u00eda un muchacho comienza a entretener a sus coet\u00e1neos con juegos que alternaba con el trabajo, la oraci\u00f3n y la instrucci\u00f3n religiosa. A los diecis\u00e9is a\u00f1os (en 1835) entr\u00f3 en el seminario.<br \/>\nSiendo sacerdote (1841) eligi\u00f3 como programa de vida: \u00abDame las almas ll\u00e9vate lo dem\u00e1s\u00bb. Se traslad\u00f3 a Tur\u00edn, donde con fervor se dedic\u00f3 a su trabajo. Realizaba muchas visitas a las c\u00e1rceles de la ciudad, y viendo la situaci\u00f3n en la que viv\u00edan muchos ni\u00f1os que habitaban en la zona, decidi\u00f3 dedicar su vida al rescate de los j\u00f3venes marginados. Inici\u00f3 su apostolado entre los j\u00f3venes m\u00e1s pobres fundando el Oratorio y poni\u00e9ndolo bajo la protecci\u00f3n de San Francisco de Sales. Con su estilo educativo y su acci\u00f3n pastoral, basadas en la raz\u00f3n, la religi\u00f3n y la amabilidad (Sistema preventivo) conduc\u00eda con amabilidad a los adolescentes y j\u00f3venes a la reflexi\u00f3n, al encuentro con Cristo y con los hermanos, a la educaci\u00f3n de la fe y a su celebraci\u00f3n en los sacramentos, al compromiso apost\u00f3lico, civil y profesional.<br \/>\nDue\u00f1o de una infatigable actividad y eficacia de su acci\u00f3n apost\u00f3lica fue constante en su \u00abuni\u00f3n con Dios\u00bb y pose\u00eda una confianza ilimitada en M\u00aa Auxiliadora que sent\u00eda como inspiradora y sost\u00e9n de toda su obra.<br \/>\nA sus hijos salesianos les dej\u00f3 en herencia una forma de vida religiosa sencilla, pero s\u00f3lidamente fundada en las virtudes cristianas, la contemplaci\u00f3n en la acci\u00f3n y sintetizadas en el binomio \u00abtrabajo y templanza\u00bb y su pedagog\u00eda de Sistema Preventivo. Busc\u00f3 los mejores colaboradores de su obra entre sus j\u00f3venes, dando origen a la Sociedad de San Francisco de Sales.<\/p>\n<p>Imagen de San Juan Bosco en la Bas\u00edlica de San Pedro en Roma<br \/>\nCon trabajadores laicos, hombres y mujeres, cre\u00f3 a los Cooperadores Salesianos para apoyar y sostener la obra de la educaci\u00f3n de la juventud, anticipando as\u00ed nuevas formas de apostolado en la Iglesia. Se encontr\u00f3 con Dios el 31 de enero de 1888 a los 72 a\u00f1os de edad. Les suceder\u00eda como rector mayor Don Migue R\u00faa quien le acompa\u00f1\u00f3 hasta el d\u00eda de su partida.<\/p>\n<p>Se festeja su d\u00eda el 31 de enero. Es venerado en todos los pa\u00edses del mundo salesiano. Es el patr\u00f3n de los J\u00f3venes, del Cine, de los magos e ilusionistas, de los talleres y de las escuelas de artesanos (F.P.), de la Buena Prensa y de los periodistas. En el centenario de su muerte, el 31 de enero de 1888, San Juan Pablo II lo declar\u00f3 y proclam\u00f3 Padre y Maestro de la Juventud. Su cuerpo descansa en la Bas\u00edlica de M\u00aa Auxiliadora en Tur\u00edn, el lugar de peregrinaci\u00f3n salesiano, fue beatificado el 2 de Junio de 1929 y canonizado el 1\u00b0 de Abril de 1934.<\/p>\n<p>\u00abSu fe concreta y existencial fue la base de esa s\u00edntesis que lo hizo vivir constantemente en una profunda uni\u00f3n con Dios e hizo de \u00e9l un verdadero contemplativo en la oraci\u00f3n. Fe&#8230; que lo llev\u00f3 a descubrir a Dios en la realidad cotidiana y lo movi\u00f3 a un constante esfuerzo por liberar, mediante el trabajo, todas las realidades mezcladas frecuentemente con el pecado\u00bb (CG 20, 534). La sorprendente capacidad creativa de Don Bosco, concretizada en obras, escritos, familias religiosas, era la consecuencia de creer contra toda esperanza, \u00abcomo si viera al Invisible\u00bb (Const. 21), \u00abtocando el cielo con la mano\u00bb (E. Ceria).<\/p>\n","protected":false},"excerpt":{"rendered":"<p>Don Bosco: Juan Melchor Bosco Ochienna Nuestro fundador naci\u00f3 el 16 de agosto de 1815 en I Becchi, Castelnuovo d&#8217;Asti, sus padres fueron Francisco Bosco (1780-1817) y Margarita Occhiena (1788-1856). Su padre muri\u00f3 de pulmon\u00eda cuando \u00e9l ten\u00eda dos a\u00f1os. Fue educado por su madre en el trabajo cotidiano y la fe, ten\u00eda dos hermanos [&hellip;]<\/p>\n","protected":false},"author":249,"featured_media":14869,"comment_status":"open","ping_status":"closed","sticky":false,"template":"","format":"standard","meta":{"footnotes":""},"categories":[26],"tags":[],"class_list":["post-14868","post","type-post","status-publish","format-standard","has-post-thumbnail","hentry","category-mundo"],"_links":{"self":[{"href":"https:\/\/eloficiodehistoriar.com.mx\/index.php?rest_route=\/wp\/v2\/posts\/14868","targetHints":{"allow":["GET"]}}],"collection":[{"href":"https:\/\/eloficiodehistoriar.com.mx\/index.php?rest_route=\/wp\/v2\/posts"}],"about":[{"href":"https:\/\/eloficiodehistoriar.com.mx\/index.php?rest_route=\/wp\/v2\/types\/post"}],"author":[{"embeddable":true,"href":"https:\/\/eloficiodehistoriar.com.mx\/index.php?rest_route=\/wp\/v2\/users\/249"}],"replies":[{"embeddable":true,"href":"https:\/\/eloficiodehistoriar.com.mx\/index.php?rest_route=%2Fwp%2Fv2%2Fcomments&post=14868"}],"version-history":[{"count":1,"href":"https:\/\/eloficiodehistoriar.com.mx\/index.php?rest_route=\/wp\/v2\/posts\/14868\/revisions"}],"predecessor-version":[{"id":14870,"href":"https:\/\/eloficiodehistoriar.com.mx\/index.php?rest_route=\/wp\/v2\/posts\/14868\/revisions\/14870"}],"wp:featuredmedia":[{"embeddable":true,"href":"https:\/\/eloficiodehistoriar.com.mx\/index.php?rest_route=\/wp\/v2\/media\/14869"}],"wp:attachment":[{"href":"https:\/\/eloficiodehistoriar.com.mx\/index.php?rest_route=%2Fwp%2Fv2%2Fmedia&parent=14868"}],"wp:term":[{"taxonomy":"category","embeddable":true,"href":"https:\/\/eloficiodehistoriar.com.mx\/index.php?rest_route=%2Fwp%2Fv2%2Fcategories&post=14868"},{"taxonomy":"post_tag","embeddable":true,"href":"https:\/\/eloficiodehistoriar.com.mx\/index.php?rest_route=%2Fwp%2Fv2%2Ftags&post=14868"}],"curies":[{"name":"wp","href":"https:\/\/api.w.org\/{rel}","templated":true}]}}