{"id":14871,"date":"2020-02-07T11:21:01","date_gmt":"2020-02-07T17:21:01","guid":{"rendered":"https:\/\/eloficiodehistoriar.com.mx\/?p=14871"},"modified":"2020-02-07T11:21:01","modified_gmt":"2020-02-07T17:21:01","slug":"uba-el-pais-invitado-al-festival-cervantino","status":"publish","type":"post","link":"https:\/\/eloficiodehistoriar.com.mx\/?p=14871","title":{"rendered":"uba el pa\u00eds invitado al festival Cervantino"},"content":{"rendered":"<p>La Jornada<\/p>\n<p>Cuba y Coahuila son, respectivamente, el pa\u00eds y el estado invitados de honor del 48 Festival Internacional Cervantino (Fic), que se llevar\u00e1 a cabo del 14 de octubre al 1 de noviembre, con el eje tem\u00e1tico de migraci\u00f3n e inclusi\u00f3n, dio a conocer ayer Alejandra Frausto Guerrero, secretaria de Cultura federal. El anuncio sol\u00eda hacerse el \u00faltimo d\u00eda de la edici\u00f3n en turno, sin embargo la funcionaria dijo que apenas hace una semana se hizo la invitaci\u00f3n oficial a Cuba que de inmediato acept\u00f3, aunque la propuesta se ven\u00eda \u201ccocinando\u201d desde hace unos meses.<\/p>\n<p>Tener a Cuba como invitado de honor representa para el gobierno de M\u00e9xico \u201cuna oportunidad para seguir fortaleciendo los lazos culturales. Por supuesto, el Presidente L\u00f3pez Obrador sabe de esta decisi\u00f3n\u201d, apunt\u00f3 Frausto.<\/p>\n<p>En rueda de prensa efectuada en la Sala Ponce del Palacio de Bellas Artes, la secretaria refrend\u00f3 la relevancia del FIC, con un enorme arraigo en la comunidad guanajuatense, que, adem\u00e1s, resulta \u201cuna extraordinaria plataforma para redescubrirnos como seres humanos\u201d. Frausto adelant\u00f3 que el festival cuenta con un presupuesto de 84 millones 127 mil 508 pesos.<\/p>\n<p>Fernando Rojas, viceministro de Cultura de Cuba, se\u00f1al\u00f3 que su pa\u00eds no es una potencia econ\u00f3mica, enfrenta desaf\u00edos propios grandes, pero enfrenta tambi\u00e9n una agresi\u00f3n exterior colosal, un bloqueo econ\u00f3mico que limita el acceso a recursos, por eso \u201ctenemos que presentar lo mejor de nuestra cultura\u201d. Agreg\u00f3 que la clave est\u00e1 en hacer una apuesta tan atractiva que facilitar\u00e1 cualquier tipo de apoyo adicional.<\/p>\n<p>Aunque no se habl\u00f3 de qu\u00e9 actividades traer\u00e1n tanto Cuba como Coahuila, Rojas indic\u00f3 que quieren mostrar mucha diversidad, \u201clo que m\u00e1s se conoce y lo que se conoce menos\u201d, como manifestaciones de artes visuales, cine, teatro de calle y la danza contempor\u00e1nea. Miguel \u00c1ngel Riquelme Sol\u00eds, gobernador de Coahuila, mencion\u00f3 diferentes manifestaciones de su estado desde la cultura popular hasta la m\u00fasica de concierto. Agreg\u00f3 que su entidad siempre ha mantenido un v\u00ednculo estrecho con Cuba, adem\u00e1s en Coahuila hay afrodescendentes.<\/p>\n<p>El gobernador de Guanajuato Diego Sinhu\u00e9 Rodr\u00edguez Vallejo dijo, al ser cuestionado, que en asuntos de seguridad la problem\u00e1tica del estado est\u00e1 focalizada en otros municipios. Frausto acot\u00f3 que se trabaja de la mano de las autoridades de Seguridad P\u00fablica de los tres niveles de gobierno.<\/p>\n<p>Tambi\u00e9n presentes estuvieron Mariana Aymerich, directora general del FIC, Alejandro Navarro, presidente municipal de Guanajuato, y Luis Felipe Guerrero, rector de la Universidad de Guanajuato.<\/p>\n","protected":false},"excerpt":{"rendered":"<p>La Jornada Cuba y Coahuila son, respectivamente, el pa\u00eds y el estado invitados de honor del 48 Festival Internacional Cervantino (Fic), que se llevar\u00e1 a cabo del 14 de octubre al 1 de noviembre, con el eje tem\u00e1tico de migraci\u00f3n e inclusi\u00f3n, dio a conocer ayer Alejandra Frausto Guerrero, secretaria de Cultura federal. El anuncio [&hellip;]<\/p>\n","protected":false},"author":249,"featured_media":14872,"comment_status":"open","ping_status":"closed","sticky":false,"template":"","format":"standard","meta":{"footnotes":""},"categories":[26],"tags":[],"class_list":["post-14871","post","type-post","status-publish","format-standard","has-post-thumbnail","hentry","category-mundo"],"_links":{"self":[{"href":"https:\/\/eloficiodehistoriar.com.mx\/index.php?rest_route=\/wp\/v2\/posts\/14871","targetHints":{"allow":["GET"]}}],"collection":[{"href":"https:\/\/eloficiodehistoriar.com.mx\/index.php?rest_route=\/wp\/v2\/posts"}],"about":[{"href":"https:\/\/eloficiodehistoriar.com.mx\/index.php?rest_route=\/wp\/v2\/types\/post"}],"author":[{"embeddable":true,"href":"https:\/\/eloficiodehistoriar.com.mx\/index.php?rest_route=\/wp\/v2\/users\/249"}],"replies":[{"embeddable":true,"href":"https:\/\/eloficiodehistoriar.com.mx\/index.php?rest_route=%2Fwp%2Fv2%2Fcomments&post=14871"}],"version-history":[{"count":1,"href":"https:\/\/eloficiodehistoriar.com.mx\/index.php?rest_route=\/wp\/v2\/posts\/14871\/revisions"}],"predecessor-version":[{"id":14873,"href":"https:\/\/eloficiodehistoriar.com.mx\/index.php?rest_route=\/wp\/v2\/posts\/14871\/revisions\/14873"}],"wp:featuredmedia":[{"embeddable":true,"href":"https:\/\/eloficiodehistoriar.com.mx\/index.php?rest_route=\/wp\/v2\/media\/14872"}],"wp:attachment":[{"href":"https:\/\/eloficiodehistoriar.com.mx\/index.php?rest_route=%2Fwp%2Fv2%2Fmedia&parent=14871"}],"wp:term":[{"taxonomy":"category","embeddable":true,"href":"https:\/\/eloficiodehistoriar.com.mx\/index.php?rest_route=%2Fwp%2Fv2%2Fcategories&post=14871"},{"taxonomy":"post_tag","embeddable":true,"href":"https:\/\/eloficiodehistoriar.com.mx\/index.php?rest_route=%2Fwp%2Fv2%2Ftags&post=14871"}],"curies":[{"name":"wp","href":"https:\/\/api.w.org\/{rel}","templated":true}]}}