{"id":14896,"date":"2020-02-10T12:01:34","date_gmt":"2020-02-10T18:01:34","guid":{"rendered":"https:\/\/eloficiodehistoriar.com.mx\/?p=14896"},"modified":"2020-02-10T12:01:34","modified_gmt":"2020-02-10T18:01:34","slug":"carlos-montemayor","status":"publish","type":"post","link":"https:\/\/eloficiodehistoriar.com.mx\/?p=14896","title":{"rendered":"Carlos Montemayor"},"content":{"rendered":"<p>La Jornada<\/p>\n<p>A una d\u00e9cada de su fallecimiento, el escritor, traductor, poeta y activista social Carlos Montemayor (1947-2010) fue objeto de un homenaje ayer en la sala Manuel M. Ponce del Palacio de Bellas Artes, acto organizado por la Secretar\u00eda de Cultura de Chihuahua y el Instituto Nacional de Bellas Artes y Literatura (Inbal), por conducto de la Coordinaci\u00f3n Nacional de Literatura.<\/p>\n<p>La mesa de di\u00e1logo estuvo integrada por Victoria Montemayor, hija del homenajeado; los poetas Marco Antonio Campos, Ra\u00fal Manr\u00edquez Moreno, Jos\u00e9 Vicente Anaya, y el escritor Mario S\u00e1nchez Carbajal, y fue moderada por el periodista Pablo Espinosa. Se cont\u00f3 con la asistencia de su viuda, Susana de la Garza, su hija Marta Elena Montemayor, as\u00ed como el diputado federal Porfirio Mu\u00f1oz Ledo y Lucina Jim\u00e9nez, titular del Inbal.<\/p>\n<p>Campos se refiri\u00f3 a su relaci\u00f3n con la obra literaria de Montemayor, quien en los a\u00f1os 80 se convirti\u00f3 en una de nuestras conciencias pol\u00edticas. No olvid\u00f3 la gran cultura, pero se puso al lado de los perseguidos, los ind\u00edgenas, de aquellos que han sufrido la violencia de Estado, de los pobres, y los defendi\u00f3 desde las trincheras que pudo.<\/p>\n<p>Aunque Campos y Montemayor no se ve\u00edan con frecuencia, fue una amistad entra\u00f1able: \u201cSol\u00edamos bromear, haciendo en juego un tour de force verbal, que \u00e9ramos gemelos: P\u00f3lux y C\u00e1stor\u201d.<\/p>\n<p>Una ma\u00f1ana en Coyoac\u00e1n, a finales de los a\u00f1os 80, Montemayor le ley\u00f3 un cap\u00edtulo de una novela que escrib\u00eda sobre la guerrilla de Lucio Caba\u00f1as. Era Guerra en el para\u00edso. \u201cLe dije: \u2018Si as\u00ed es toda la novela, ser\u00e1 lo mejor que hayas escrito\u2019. Cuando la le\u00ed impresa confirm\u00e9 mi suposici\u00f3n. Las p\u00e1ginas de los combates son tan v\u00edvidas que se leen casi sin aliento. Es una de las novelas mayores de los 50 a\u00f1os pasados\u201d.<\/p>\n<p>Intelectual de m\u00faltiples facetas<\/p>\n<p>Victoria Montemayor hizo hincapi\u00e9 en las varias facetas de su padre: la poes\u00eda, la narrativa, la investigaci\u00f3n, el an\u00e1lisis pol\u00edtico mediante las que se le puede acercar a su obra. La catedr\u00e1tica, ensayista y traductora se refiri\u00f3 a cosas logradas en la \u00faltima d\u00e9cada que llevan el nombre de su progenitor, como el Festival de Poes\u00eda Las Lenguas de Am\u00e9rica. Tambi\u00e9n est\u00e1 el Premio Nacional Carlos Montemayor, mientras dos bibliotecas en Chihuahua llevan su nombre. Adem\u00e1s, hay tres piezas musicales dedicadas a su persona, una de las cuales, basada en el poema Finisterra, se estrenar\u00e1 el 27 de febrero en el Polif\u00f3rum de la Universidad Aut\u00f3noma de Chihuahua.<\/p>\n<p>Ra\u00fal Manr\u00edquez enfatiz\u00f3 dos aspectos de la obra de Montemayor: primero, su vocaci\u00f3n social: tuvo la intenci\u00f3n y lo consigui\u00f3, de recuperar, documentar, preservar hechos hist\u00f3ricos que la versi\u00f3n oficial de la historia prefer\u00eda ignorar o incluso ocultar. Hay que abrir sus libros para entender qu\u00e9 nos ha pasado y nos pasa. Tambi\u00e9n se refiri\u00f3 a su obra po\u00e9tica, de la que se habla menos.<\/p>\n<p>Jos\u00e9 Vicente Anaya dijo encontrar en la extensa obra literaria de Montemayor dos periodos claramente diferenciados, aunque el segundo es consecuencia del primero. La obra que marca la l\u00ednea divisoria es su novela m\u00e1s laureada, Guerra en el para\u00edso (1991). El poeta se concentr\u00f3 en el primero cuando el mundo intelectual mexicano ubicaba a Carlos como un exquisito que s\u00f3lo se ocupaba de los cl\u00e1sicos griegos y latinos, pasando por algunos autores con inclinaciones similares.<\/p>\n<p>Mario S\u00e1nchez Carbajal se refiri\u00f3 a las revelaciones que m\u00e1s le han conmovido en la obra de Montemayor, y pidi\u00f3 que cada quien viva su propia odisea en su creaci\u00f3n literaria.<\/p>\n<p>Al final del homenaje, Marco Antonio Campos ley\u00f3 La fiesta, de Los poemas de Tsin Pau, que dice: \u201cMe pregunto si podr\u00e1n presentir que mi amor es el r\u00edo que corre junto a la aldea, que las sostiene en la canoa cuando cruzan la corriente\u2026\u201d<\/p>\n<p>Pablo Espinosa resumi\u00f3: No hay manera m\u00e1s hermosa de cerrar un homenaje si no es con la voz de C\u00e1stor en la de su hermano gemelo P\u00f3lux. \u00a1Larga vida a Carlos Montemayor!<\/p>\n","protected":false},"excerpt":{"rendered":"<p>La Jornada A una d\u00e9cada de su fallecimiento, el escritor, traductor, poeta y activista social Carlos Montemayor (1947-2010) fue objeto de un homenaje ayer en la sala Manuel M. Ponce del Palacio de Bellas Artes, acto organizado por la Secretar\u00eda de Cultura de Chihuahua y el Instituto Nacional de Bellas Artes y Literatura (Inbal), por [&hellip;]<\/p>\n","protected":false},"author":249,"featured_media":14897,"comment_status":"open","ping_status":"closed","sticky":false,"template":"","format":"standard","meta":{"footnotes":""},"categories":[26],"tags":[],"class_list":["post-14896","post","type-post","status-publish","format-standard","has-post-thumbnail","hentry","category-mundo"],"_links":{"self":[{"href":"https:\/\/eloficiodehistoriar.com.mx\/index.php?rest_route=\/wp\/v2\/posts\/14896","targetHints":{"allow":["GET"]}}],"collection":[{"href":"https:\/\/eloficiodehistoriar.com.mx\/index.php?rest_route=\/wp\/v2\/posts"}],"about":[{"href":"https:\/\/eloficiodehistoriar.com.mx\/index.php?rest_route=\/wp\/v2\/types\/post"}],"author":[{"embeddable":true,"href":"https:\/\/eloficiodehistoriar.com.mx\/index.php?rest_route=\/wp\/v2\/users\/249"}],"replies":[{"embeddable":true,"href":"https:\/\/eloficiodehistoriar.com.mx\/index.php?rest_route=%2Fwp%2Fv2%2Fcomments&post=14896"}],"version-history":[{"count":1,"href":"https:\/\/eloficiodehistoriar.com.mx\/index.php?rest_route=\/wp\/v2\/posts\/14896\/revisions"}],"predecessor-version":[{"id":14898,"href":"https:\/\/eloficiodehistoriar.com.mx\/index.php?rest_route=\/wp\/v2\/posts\/14896\/revisions\/14898"}],"wp:featuredmedia":[{"embeddable":true,"href":"https:\/\/eloficiodehistoriar.com.mx\/index.php?rest_route=\/wp\/v2\/media\/14897"}],"wp:attachment":[{"href":"https:\/\/eloficiodehistoriar.com.mx\/index.php?rest_route=%2Fwp%2Fv2%2Fmedia&parent=14896"}],"wp:term":[{"taxonomy":"category","embeddable":true,"href":"https:\/\/eloficiodehistoriar.com.mx\/index.php?rest_route=%2Fwp%2Fv2%2Fcategories&post=14896"},{"taxonomy":"post_tag","embeddable":true,"href":"https:\/\/eloficiodehistoriar.com.mx\/index.php?rest_route=%2Fwp%2Fv2%2Ftags&post=14896"}],"curies":[{"name":"wp","href":"https:\/\/api.w.org\/{rel}","templated":true}]}}