{"id":14906,"date":"2020-02-11T11:56:15","date_gmt":"2020-02-11T17:56:15","guid":{"rendered":"https:\/\/eloficiodehistoriar.com.mx\/?p=14906"},"modified":"2020-02-11T11:56:15","modified_gmt":"2020-02-11T17:56:15","slug":"los-zoe-recorren-aztlan","status":"publish","type":"post","link":"https:\/\/eloficiodehistoriar.com.mx\/?p=14906","title":{"rendered":"Los Zo\u00e9 recorren Aztl\u00e1n"},"content":{"rendered":"<p>proceso.com.mx<\/p>\n<p>Un alucinante viaje de casi dos horas de rock ofreci\u00f3 anoche la banda Zo\u00e9 ante 10 mil seguidores en el Auditorio Nacional, donde present\u00f3 su nuevo material discogr\u00e1fico llamado\u00a0<em>Aztl\u00e1n<\/em>, as\u00ed como un recorrido por sus \u00e9xitos.<\/p>\n<div id=\"stagi-5410e910788c2eaa862d5367c309b8d2\"><\/div>\n<p>Una plataforma que semejaba un barco espacial y de formato \u00edntimo, con personas de pie al frente del escenario, recibieron a la agrupaci\u00f3n mexicana conformada por Le\u00f3n Larregui (voz), Sergio Acosta (guitarra), Jes\u00fas B\u00e1ez (teclados), \u00c1ngel Mosqueda (bajo) y Rodrigo Guardiola (bater\u00eda).<\/p>\n<div id=\"stagi-960259185662f59ad5ee9f6b1ec65d1a\"><\/div>\n<figure id=\"attachment_537750\" class=\"wp-caption alignnone\" aria-describedby=\"caption-attachment-537750\"><img loading=\"lazy\" decoding=\"async\" class=\"size-full wp-image-537750\" src=\"https:\/\/cdn.proceso.com.mx\/media\/2018\/06\/zoe-d.jpg\" sizes=\"auto, (max-width: 1200px) 100vw, 1200px\" srcset=\"https:\/\/cdn.proceso.com.mx\/media\/2018\/06\/zoe-d.jpg 1200w, https:\/\/cdn.proceso.com.mx\/media\/2018\/06\/zoe-d-300x200.jpg 300w, https:\/\/cdn.proceso.com.mx\/media\/2018\/06\/zoe-d-1024x684.jpg 1024w, https:\/\/cdn.proceso.com.mx\/media\/2018\/06\/zoe-d-325x217.jpg 325w, https:\/\/cdn.proceso.com.mx\/media\/2018\/06\/zoe-d-1078x719.jpg 1078w\" alt=\"Foto: Carlos Enciso\" width=\"1200\" height=\"801\" \/><figcaption id=\"caption-attachment-537750\" class=\"wp-caption-text\">Foto: Carlos Enciso<\/figcaption><\/figure>\n<p>En la apertura se fondeaba \u201cCuidadito\u201d a la voz de la entra\u00f1able cantante y actriz Mar\u00eda Victoria (quien, por cierto, recibi\u00f3 el jueves homenaje en la Fonoteca Nacional de Coyoac\u00e1n), apareciendo a eso de las 21:40 la figura espigada de Larregui en paralelo al griter\u00edo de sus fans y escuch\u00e1ndose inmediatamente la rola \u201cVenus\u201d que forma parte de su nueva producci\u00f3n.<\/p>\n<div id=\"stagi-69d8e2ed34258f31ce9a3b60558e0e05\"><\/div>\n<figure id=\"attachment_537784\" class=\"wp-caption alignnone\" aria-describedby=\"caption-attachment-537784\"><img loading=\"lazy\" decoding=\"async\" class=\"size-large wp-image-537784\" src=\"https:\/\/cdn.proceso.com.mx\/media\/2018\/06\/Zoe%CC%81-Auditorio-Nacional-23-819x1024.jpg\" sizes=\"auto, (max-width: 702px) 100vw, 702px\" srcset=\"https:\/\/cdn.proceso.com.mx\/media\/2018\/06\/Zoe?-Auditorio-Nacional-23-819x1024.jpg 819w, https:\/\/cdn.proceso.com.mx\/media\/2018\/06\/Zoe?-Auditorio-Nacional-23-240x300.jpg 240w, https:\/\/cdn.proceso.com.mx\/media\/2018\/06\/Zoe?-Auditorio-Nacional-23-325x406.jpg 325w\" alt=\"Producci\u00f3n impecable. Foto: Carlos Enciso\" width=\"702\" height=\"878\" \/><figcaption id=\"caption-attachment-537784\" class=\"wp-caption-text\">Producci\u00f3n impecable. Foto: Carlos Enciso<\/figcaption><\/figure>\n<p>Vestido de pantal\u00f3n de piel negro, abrig\u00e1ndose con su tradicional poncho jipi y portando llamativas gafas, el l\u00edder de Zo\u00e9 siempre se mostr\u00f3 cari\u00f1oso con su p\u00fablico.<\/p>\n<p>Cabe recordar que el pasado 23 de mayo Larregui public\u00f3 en su cuenta de Twitter \u201cvota por el amor\u201d, con una imagen que enuncia las tres palabras de la coalici\u00f3n pol\u00edtica armada con Morena-PT-PES, Juntos Haremos Historia, en sugerencia para unirse el pr\u00f3ximo 1 de julio al sufragio a favor del candidato presidencial Andr\u00e9s Manuel L\u00f3pez Obrador (AMLO). Zo\u00e9 es una de las bandas anunciadas para el cierre de campa\u00f1a del popular\u00a0<em>Peje<\/em>\u00a0de Macuspana, el mi\u00e9rcoles 27 de junio en el Estadio Azteca, a partir de las 17:00 horas.<\/p>\n<figure id=\"attachment_537751\" class=\"wp-caption alignnone\" aria-describedby=\"caption-attachment-537751\"><img loading=\"lazy\" decoding=\"async\" class=\"size-full wp-image-537751\" src=\"https:\/\/cdn.proceso.com.mx\/media\/2018\/06\/Zo%C3%A9-Auditorio-Nacional-6.jpg\" sizes=\"auto, (max-width: 1200px) 100vw, 1200px\" srcset=\"https:\/\/cdn.proceso.com.mx\/media\/2018\/06\/Zo\u00e9-Auditorio-Nacional-6.jpg 1200w, https:\/\/cdn.proceso.com.mx\/media\/2018\/06\/Zo\u00e9-Auditorio-Nacional-6-200x300.jpg 200w, https:\/\/cdn.proceso.com.mx\/media\/2018\/06\/Zo\u00e9-Auditorio-Nacional-6-683x1024.jpg 683w, https:\/\/cdn.proceso.com.mx\/media\/2018\/06\/Zo\u00e9-Auditorio-Nacional-6-325x488.jpg 325w\" alt=\"Foto: Carlos Enciso\" width=\"1200\" height=\"1800\" \/><figcaption id=\"caption-attachment-537751\" class=\"wp-caption-text\">Foto: Carlos Enciso<\/figcaption><\/figure>\n<div id=\"stagi-4f3f1e36092af30c25176dfaa8eabfb7\"><\/div>\n<p>Continuaron en su periplo del Auditorio Nacional con la nueva \u201cAzul\u201d y una revisi\u00f3n del pasado con \u201c10 A.M.\u201d, \u201cNada\u201d y \u201cPoli\u201d. Hicieron gala de una extravagante producci\u00f3n que ten\u00eda una pantalla en forma de tri\u00e1ngulo invertido, desplegando im\u00e1genes de arte digital y trazos cin\u00e9ticos, del mismo modo que un paseo por el cosmos en expansi\u00f3n y momentos megastrales, psicod\u00e9licos incluso, con los rostros casi fantasmag\u00f3ricos de los m\u00fasicos reptilianos.<\/p>\n<div id=\"stagi-fec109432b0d46b8e001de62f97e0d83\"><\/div>\n<p><iframe loading=\"lazy\" src=\"https:\/\/www.youtube.com\/embed\/zZ50vMCEcY8\" width=\"560\" height=\"315\" frameborder=\"0\" allowfullscreen=\"allowfullscreen\" data-mce-fragment=\"1\"><\/iframe><\/p>\n<p>De lo reciente se sinti\u00f3 \u201cAl Final\u201d y de las anteriores placas \u201cPaula\u201d, \u201cArrullo de estrellas\u201d, \u201cAndr\u00f3meda\u201d y \u201cFin de semana\u201d.<\/p>\n<p>En el \u00e9xtasis, Larregui se baj\u00f3 del escenario para recibir una r\u00e1faga de fotos a trav\u00e9s de cientos de tel\u00e9fonos celulares que se levantaban, junto a intentos de estrechar sus manos aunque fuera por un instante. Luego de darle con la actual \u201cRenacer\u201d, recapitularon temas de su carrera que arranc\u00f3 en 1997 como \u201cV\u00eda l\u00e1ctea\u201d, \u201cMiel\u201d y \u201cLabios rotos\u201d.<\/p>\n<figure id=\"attachment_537783\" class=\"wp-caption alignnone\" aria-describedby=\"caption-attachment-537783\"><img loading=\"lazy\" decoding=\"async\" class=\"size-large wp-image-537783\" src=\"https:\/\/cdn.proceso.com.mx\/media\/2018\/06\/Zoe%CC%81-Auditorio-Nacional-8-1024x576.jpg\" sizes=\"auto, (max-width: 702px) 100vw, 702px\" srcset=\"https:\/\/cdn.proceso.com.mx\/media\/2018\/06\/Zoe?-Auditorio-Nacional-8-1024x576.jpg 1024w, https:\/\/cdn.proceso.com.mx\/media\/2018\/06\/Zoe?-Auditorio-Nacional-8-300x169.jpg 300w, https:\/\/cdn.proceso.com.mx\/media\/2018\/06\/Zoe?-Auditorio-Nacional-8-325x183.jpg 325w, https:\/\/cdn.proceso.com.mx\/media\/2018\/06\/Zoe?-Auditorio-Nacional-8-1078x606.jpg 1078w\" alt=\"Lleno total en el Auditorio Nacional. Foto: Carlos Enciso\" width=\"702\" height=\"395\" \/><figcaption id=\"caption-attachment-537783\" class=\"wp-caption-text\">Lleno total en el Auditorio Nacional. Foto: Carlos Enciso<\/figcaption><\/figure>\n<p>Con \u201cHielo\u201d del disco\u00a0<em>Aztl\u00e1n<\/em>, los Zo\u00e9 daban despedida y desaparecieron sin m\u00e1s; sin embargo, una cortina de rayos l\u00e1ser cubr\u00eda todo el entarimado y detr\u00e1s de ese espejo de nubes de tonalidades verdosas, la banda regres\u00f3 para complacer con algunos cortes extras. Llegaron as\u00ed canciones que los llevaron a la fama:<\/p>\n<div id=\"stagi-19d97bd9e79f553db4212d23183f4408\"><\/div>\n<div id=\"stagi-b1fffb039ef16b8ccf55b4e588b4bfb9\"><\/div>\n<figure id=\"attachment_537753\" class=\"wp-caption alignnone\" aria-describedby=\"caption-attachment-537753\"><img loading=\"lazy\" decoding=\"async\" class=\"size-full wp-image-537753\" src=\"https:\/\/cdn.proceso.com.mx\/media\/2018\/06\/Zo%C3%A9-Auditorio-Nacional-10.jpg\" sizes=\"auto, (max-width: 1200px) 100vw, 1200px\" srcset=\"https:\/\/cdn.proceso.com.mx\/media\/2018\/06\/Zo\u00e9-Auditorio-Nacional-10.jpg 1200w, https:\/\/cdn.proceso.com.mx\/media\/2018\/06\/Zo\u00e9-Auditorio-Nacional-10-300x200.jpg 300w, https:\/\/cdn.proceso.com.mx\/media\/2018\/06\/Zo\u00e9-Auditorio-Nacional-10-1024x683.jpg 1024w, https:\/\/cdn.proceso.com.mx\/media\/2018\/06\/Zo\u00e9-Auditorio-Nacional-10-325x217.jpg 325w, https:\/\/cdn.proceso.com.mx\/media\/2018\/06\/Zo\u00e9-Auditorio-Nacional-10-1078x719.jpg 1078w\" alt=\"Fans de Zo\u00e9 en el Auditorio Nacional. Foto: Carlos Enciso\" width=\"1200\" height=\"800\" \/><figcaption id=\"caption-attachment-537753\" class=\"wp-caption-text\">Fans de Zo\u00e9 en el Auditorio Nacional. Foto: Carlos Enciso<\/figcaption><\/figure>\n<p>\u201cReptilectric\u201d, \u201cLuna\u201d, \u201cNo me destruyas\u201d y \u201cSo\u00f1\u00e9\u201d, mientras Le\u00f3n Larregui surcaba el foro pasando entre las multitudes. Zo\u00e9 dio cierre contundente con \u201cLove\u201d, pasando al frente todos los integrantes en agradecimiento para rendirse en aplausos y berridos, poco antes del filo de la medianoche. Cuando todos se fund\u00edan en amorosa comuni\u00f3n, r\u00e1pidamente emprendieron huida con ardiente euforia e hipnotizados con un alucinante rock de tintes rom\u00e1nticos. La banda hab\u00eda regresado al m\u00edtico\u00a0<em>Aztl\u00e1n<\/em>.<\/p>\n","protected":false},"excerpt":{"rendered":"<p>proceso.com.mx Un alucinante viaje de casi dos horas de rock ofreci\u00f3 anoche la banda Zo\u00e9 ante 10 mil seguidores en el Auditorio Nacional, donde present\u00f3 su nuevo material discogr\u00e1fico llamado\u00a0Aztl\u00e1n, as\u00ed como un recorrido por sus \u00e9xitos. Una plataforma que semejaba un barco espacial y de formato \u00edntimo, con personas de pie al frente del [&hellip;]<\/p>\n","protected":false},"author":249,"featured_media":14907,"comment_status":"open","ping_status":"closed","sticky":false,"template":"","format":"standard","meta":{"footnotes":""},"categories":[26],"tags":[],"class_list":["post-14906","post","type-post","status-publish","format-standard","has-post-thumbnail","hentry","category-mundo"],"_links":{"self":[{"href":"https:\/\/eloficiodehistoriar.com.mx\/index.php?rest_route=\/wp\/v2\/posts\/14906","targetHints":{"allow":["GET"]}}],"collection":[{"href":"https:\/\/eloficiodehistoriar.com.mx\/index.php?rest_route=\/wp\/v2\/posts"}],"about":[{"href":"https:\/\/eloficiodehistoriar.com.mx\/index.php?rest_route=\/wp\/v2\/types\/post"}],"author":[{"embeddable":true,"href":"https:\/\/eloficiodehistoriar.com.mx\/index.php?rest_route=\/wp\/v2\/users\/249"}],"replies":[{"embeddable":true,"href":"https:\/\/eloficiodehistoriar.com.mx\/index.php?rest_route=%2Fwp%2Fv2%2Fcomments&post=14906"}],"version-history":[{"count":1,"href":"https:\/\/eloficiodehistoriar.com.mx\/index.php?rest_route=\/wp\/v2\/posts\/14906\/revisions"}],"predecessor-version":[{"id":14908,"href":"https:\/\/eloficiodehistoriar.com.mx\/index.php?rest_route=\/wp\/v2\/posts\/14906\/revisions\/14908"}],"wp:featuredmedia":[{"embeddable":true,"href":"https:\/\/eloficiodehistoriar.com.mx\/index.php?rest_route=\/wp\/v2\/media\/14907"}],"wp:attachment":[{"href":"https:\/\/eloficiodehistoriar.com.mx\/index.php?rest_route=%2Fwp%2Fv2%2Fmedia&parent=14906"}],"wp:term":[{"taxonomy":"category","embeddable":true,"href":"https:\/\/eloficiodehistoriar.com.mx\/index.php?rest_route=%2Fwp%2Fv2%2Fcategories&post=14906"},{"taxonomy":"post_tag","embeddable":true,"href":"https:\/\/eloficiodehistoriar.com.mx\/index.php?rest_route=%2Fwp%2Fv2%2Ftags&post=14906"}],"curies":[{"name":"wp","href":"https:\/\/api.w.org\/{rel}","templated":true}]}}