{"id":14912,"date":"2020-02-12T12:28:44","date_gmt":"2020-02-12T18:28:44","guid":{"rendered":"https:\/\/eloficiodehistoriar.com.mx\/?p=14912"},"modified":"2020-02-12T12:28:44","modified_gmt":"2020-02-12T18:28:44","slug":"contra-la-discriminacion","status":"publish","type":"post","link":"https:\/\/eloficiodehistoriar.com.mx\/?p=14912","title":{"rendered":"Contra la discriminaci\u00f3n"},"content":{"rendered":"<p>Letra S<\/p>\n<p>&nbsp;<\/p>\n<p>Notiese. A partir de este mes de febrero, la Convenci\u00f3n Interamericana contra toda forma de Discriminaci\u00f3n e Intolerancia entr\u00f3 en vigor en M\u00e9xico. Esto sucede despu\u00e9s de que fue ratificada por el gobierno fedral y depositada ante la Organizaci\u00f3n de Estados Americanos (OEA), a un a\u00f1o y medio de su firma y aprobaci\u00f3n por parte del Senado de la Rep\u00fablica, como indican los procedimientos en este tipo de casos.<\/p>\n<p>Esta Convenci\u00f3n consta de cinco cap\u00edtulos y 22 art\u00edculos. En ella, se define a la discriminaci\u00f3n como \u201ccualquier distinci\u00f3n, exclusi\u00f3n, restricci\u00f3n o preferencia, en cualquier \u00e1mbito p\u00fablico o privado, que tenga el objetivo o el efecto de anular o limitar el reconocimiento, goce o ejercicio, en condiciones de igualdad, de uno o m\u00e1s derechos humanos o libertades fundamentales consagrados en los instrumentos internacionales aplicables a los Estados Partes\u201d. Se estipula que se considera presente la discriminaci\u00f3n cuando estas acciones sean motivadas, entre otros factores, por la orientaci\u00f3n sexual y la identidad y expresi\u00f3n de g\u00e9nero, adem\u00e1s de la nacionalidad, la edad, el sexo, el idioma, la religi\u00f3n, la identidad cultural, las opiniones pol\u00edticas o de cualquier otra naturaleza, el origen social, la posici\u00f3n socioecon\u00f3mica, el nivel de educaci\u00f3n, la condici\u00f3n migratoria o de refugiado, repatriado, ap\u00e1trida o desplazado interno, la discapacidad, las caracter\u00edsticas gen\u00e9ticas, la condici\u00f3n de salud mental o f\u00edsica, incluyendo la infectocontagiosa, ps\u00edquica incapacitante o cualquier otra.<\/p>\n<p>Al respecto, Laura Hern\u00e1ndez Garc\u00eda, integrante de la organizaci\u00f3n civil Letra S, la cual forma parte de la Coalici\u00f3n Latinoamericana LGBTI, instancia que dio seguimiento al proceso, se\u00f1al\u00f3 que la entrada en vigor de la Convenci\u00f3n representa un gran avance debido a que es el primer instrumento internacional vinculante que reconoce el derecho a la no discriminaci\u00f3n de las poblaciones de la diversidad sexual.<\/p>\n<p>Adem\u00e1s, la defensora de derechos humanos indic\u00f3 que al ser un instrumento vinculante, las poblaciones pueden invocarlo en caso de ser v\u00edctimas de discriminaci\u00f3n que vulnere sus derechos fundamentales en el sistema jurisdiccional y el gobierno mexicano se compromete a respetar y hacer respetar los derechos humanos de las poblaciones LGBTI.<br \/>\nDe igual manera, nuestro pa\u00eds ratific\u00f3 y deposit\u00f3 la Convenci\u00f3n Interamericana Contra el Racismo, la Discriminaci\u00f3n Racial y Formas Conexas de Intolerancia, cuya finalidad \u201ces anular cualquier distinci\u00f3n, exclusi\u00f3n, restricci\u00f3n o preferencia, en cualquier \u00e1mbito p\u00fablico o privado, que tenga el objetivo o el efecto de anular o limitar el reconocimiento, goce o ejercicio, en condiciones de igualdad, de uno o m\u00e1s derechos humanos o libertades fundamentales\u201d.<\/p>\n","protected":false},"excerpt":{"rendered":"<p>Letra S &nbsp; Notiese. A partir de este mes de febrero, la Convenci\u00f3n Interamericana contra toda forma de Discriminaci\u00f3n e Intolerancia entr\u00f3 en vigor en M\u00e9xico. Esto sucede despu\u00e9s de que fue ratificada por el gobierno fedral y depositada ante la Organizaci\u00f3n de Estados Americanos (OEA), a un a\u00f1o y medio de su firma y [&hellip;]<\/p>\n","protected":false},"author":249,"featured_media":14913,"comment_status":"open","ping_status":"closed","sticky":false,"template":"","format":"standard","meta":{"footnotes":""},"categories":[26],"tags":[],"class_list":["post-14912","post","type-post","status-publish","format-standard","has-post-thumbnail","hentry","category-mundo"],"_links":{"self":[{"href":"https:\/\/eloficiodehistoriar.com.mx\/index.php?rest_route=\/wp\/v2\/posts\/14912","targetHints":{"allow":["GET"]}}],"collection":[{"href":"https:\/\/eloficiodehistoriar.com.mx\/index.php?rest_route=\/wp\/v2\/posts"}],"about":[{"href":"https:\/\/eloficiodehistoriar.com.mx\/index.php?rest_route=\/wp\/v2\/types\/post"}],"author":[{"embeddable":true,"href":"https:\/\/eloficiodehistoriar.com.mx\/index.php?rest_route=\/wp\/v2\/users\/249"}],"replies":[{"embeddable":true,"href":"https:\/\/eloficiodehistoriar.com.mx\/index.php?rest_route=%2Fwp%2Fv2%2Fcomments&post=14912"}],"version-history":[{"count":1,"href":"https:\/\/eloficiodehistoriar.com.mx\/index.php?rest_route=\/wp\/v2\/posts\/14912\/revisions"}],"predecessor-version":[{"id":14914,"href":"https:\/\/eloficiodehistoriar.com.mx\/index.php?rest_route=\/wp\/v2\/posts\/14912\/revisions\/14914"}],"wp:featuredmedia":[{"embeddable":true,"href":"https:\/\/eloficiodehistoriar.com.mx\/index.php?rest_route=\/wp\/v2\/media\/14913"}],"wp:attachment":[{"href":"https:\/\/eloficiodehistoriar.com.mx\/index.php?rest_route=%2Fwp%2Fv2%2Fmedia&parent=14912"}],"wp:term":[{"taxonomy":"category","embeddable":true,"href":"https:\/\/eloficiodehistoriar.com.mx\/index.php?rest_route=%2Fwp%2Fv2%2Fcategories&post=14912"},{"taxonomy":"post_tag","embeddable":true,"href":"https:\/\/eloficiodehistoriar.com.mx\/index.php?rest_route=%2Fwp%2Fv2%2Ftags&post=14912"}],"curies":[{"name":"wp","href":"https:\/\/api.w.org\/{rel}","templated":true}]}}