{"id":15707,"date":"2020-05-15T12:51:28","date_gmt":"2020-05-15T18:51:28","guid":{"rendered":"https:\/\/eloficiodehistoriar.com.mx\/?p=15707"},"modified":"2020-05-15T12:51:28","modified_gmt":"2020-05-15T18:51:28","slug":"el-rock-sigue-vivo-el-vampiro","status":"publish","type":"post","link":"https:\/\/eloficiodehistoriar.com.mx\/?p=15707","title":{"rendered":"El rock sigue vivo: El Vampiro"},"content":{"rendered":"<p>Ana M\u00f3nica Rodr\u00edguez<\/p>\n<p>La Jornada<\/p>\n<p>Hace m\u00e1s de 30 a\u00f1os, C\u00e9sar L\u00f3pez, El Vampiro, fue testigo del auge del rock en espa\u00f1ol y, pese al tiempo transcurrido y los cambios en la escena musical, est\u00e1 convencido de que este g\u00e9nero sigue vivo, aunque lo han querido matar.<\/p>\n<p>L\u00f3pez es un personaje recurrente en esta historia, porque ha formado parte de bandas ic\u00f3nicas como Azul Violeta, Rostros Ocultos, Man\u00e1 y Jaguares; adem\u00e1s de que su inter\u00e9s por la m\u00fasica surgi\u00f3 desde que era muy peque\u00f1o.<\/p>\n<p>Ahora integra, junto con otros colegas, la gira Lo Mejor del Rock en Espa\u00f1ol de los a\u00f1os 80 y 90. Recordar\u00e1n una gran \u00e9poca y revivir\u00e1n \u00e9xitos de Caifanes, Coda, Jaguares, Soda Stereo, Man\u00e1, La Ley, Elefante, Botellita de Jerez, Kenny y los El\u00e9ctricos, Rostros Ocultos y La Lupita. La premisa de esta reuni\u00f3n roquera es reinterpretar rolas emblem\u00e1ticas y presentarlas en un mismo escenario.<\/p>\n<p>El Vampiro cont\u00f3 a La Jornada, detalles de esa inolvidable \u00e9poca del rock, cuando desde adolescente se lanzaba a escuchar conciertos, aunque desde los cinco a\u00f1os aprendi\u00f3 el oficio de su pap\u00e1, quien era guitarrista.<\/p>\n<p>\u201cDe hecho todav\u00eda me toc\u00f3 parte de la larga noche de la prohibici\u00f3n, la cual \u2013quiz\u00e1\u2013 las nuevas generaciones no la tienen clara, pero a ra\u00edz del movimiento del 68, el gobierno ve\u00eda a los j\u00f3venes como una amenaza porque exig\u00edan democracia y no quer\u00eda que se congregaran de manera multitudinaria.\u201d<\/p>\n<p>En 1971, el Festival de Av\u00e1ndaro desbord\u00f3 las expectativas de esa convocatoria, lo cual tampoco le gust\u00f3 al gobierno, que decidi\u00f3 prohibir el rock; por esta raz\u00f3n las disqueras, estaciones de radio y televisoras estuvieron cerradas para este g\u00e9nero. Entonces, \u201cel rock se volvi\u00f3 un movimiento underground, clandestino, que se tocaba en lugares escondidos, pero a\u00fan as\u00ed sobrevivi\u00f3\u201d.<\/p>\n<p>Ya en la d\u00e9cada de los a\u00f1os 80, prosigui\u00f3, comenz\u00f3 la apertura de promoci\u00f3n con agrupaciones extranjeras; pero las disqueras consideraron que era m\u00e1s favorable integrar a bandas mexicanas y algunas estuvimos en el momento y el tiempo indicado.<\/p>\n<p>Movimiento que explot\u00f3 como olla de presi\u00f3n<\/p>\n<p>El Vampiro subray\u00f3: tal vez fue la suerte, pero sucedi\u00f3 ese auge, que como olla de presi\u00f3n explot\u00f3 este movimiento, el cual ha sido muy importante en la historia del rock en espa\u00f1ol. Es muy dif\u00edcil que esto se repita, porque habr\u00eda que tener las mismas condiciones y circunstancias de esa \u00e9poca.<\/p>\n<p>En realidad, siempre he ligado la pol\u00edtica mexicana con el movimiento del rock, porque \u00e9ste ha estado vinculado con una posici\u00f3n pol\u00edtica, contestataria, de ir a contracorriente.<\/p>\n<p>Para Lo Mejor del Rock en Espa\u00f1ol se unieron adem\u00e1s de C\u00e9sar L\u00f3pez, Kenny Avil\u00e9s, Mauricio Claver\u00eda (La Ley), Xava Drago (Coda), Jorge Guevara (Caos y Elefante), Agust\u00edn Villa Cala (Rostros Ocultos), Sergio Arau (Botellita de Jerez), Ismael Salcedo (Los Daniels), Ernesto Bola Domene (Rostros Ocultos), \u00c9dgar Carrum (Kenny y Los El\u00e9ctricos), David L\u00f3pez Chirino El Rasta (Las V\u00edctimas del Dr. Cerebro, La Ley), Claudio P\u00e9rez (Radio Kaos) y H\u00e9ctor Ger\u00f3nimo (Monoplasma).<\/p>\n<p>Esto es lo bonito de Lo Mejor del Rock en Espa\u00f1ol: somos integrantes de diferentes grupos, reinterpretamos las canciones de otras bandas en las que no estuvimos, pero de una forma diferente y con nuestro sonido, lo que resulta interesante para el p\u00fablico, pues escuchar\u00e1 temas conocidos con otros artistas; incluso \u00e9sto tambi\u00e9n a nosotros nos obliga a salir de la zona de confort, se\u00f1al\u00f3 el guitarrista.<\/p>\n<p>El 13 de mayo pasado fue lanzado el sencillo A\u00fan, grabado en vivo en un concierto en Zacatecas, el cual es un tema ic\u00f3nico del grupo Coda, interpretado por Xava Drago, fundador y vocalista de dicha agrupaci\u00f3n, quien en esta ocasi\u00f3n es acompa\u00f1ado por El Vampiro en la guitarra el\u00e9ctrica, adem\u00e1s de Mauricio Claver\u00eda en la bater\u00eda, David Chirino en el bajo y H\u00e9ctor Ger\u00f3nimo en los coros.<\/p>\n<p>El ced\u00e9 m\u00e1s deved\u00e9 de la gira Lo Mejor del Rock en Espa\u00f1ol: En vivo desde Zacatecas est\u00e1 disponible en todas las plataformas digitales y en las principales tiendas de conveniencia. Las presentaciones han recorrido estados como Jalisco, Baja California, Zacatecas, San Luis Potos\u00ed, Aguascalientes, Sinaloa, Oaxaca y Veracruz. Luego de que pase la contingencia sanitaria el plan es continuar la gira por Estados Unidos, Centro y Sudam\u00e9rica.<\/p>\n","protected":false},"excerpt":{"rendered":"<p>Ana M\u00f3nica Rodr\u00edguez La Jornada Hace m\u00e1s de 30 a\u00f1os, C\u00e9sar L\u00f3pez, El Vampiro, fue testigo del auge del rock en espa\u00f1ol y, pese al tiempo transcurrido y los cambios en la escena musical, est\u00e1 convencido de que este g\u00e9nero sigue vivo, aunque lo han querido matar. L\u00f3pez es un personaje recurrente en esta historia, [&hellip;]<\/p>\n","protected":false},"author":249,"featured_media":15708,"comment_status":"open","ping_status":"closed","sticky":false,"template":"","format":"standard","meta":{"footnotes":""},"categories":[26],"tags":[],"class_list":["post-15707","post","type-post","status-publish","format-standard","has-post-thumbnail","hentry","category-mundo"],"_links":{"self":[{"href":"https:\/\/eloficiodehistoriar.com.mx\/index.php?rest_route=\/wp\/v2\/posts\/15707","targetHints":{"allow":["GET"]}}],"collection":[{"href":"https:\/\/eloficiodehistoriar.com.mx\/index.php?rest_route=\/wp\/v2\/posts"}],"about":[{"href":"https:\/\/eloficiodehistoriar.com.mx\/index.php?rest_route=\/wp\/v2\/types\/post"}],"author":[{"embeddable":true,"href":"https:\/\/eloficiodehistoriar.com.mx\/index.php?rest_route=\/wp\/v2\/users\/249"}],"replies":[{"embeddable":true,"href":"https:\/\/eloficiodehistoriar.com.mx\/index.php?rest_route=%2Fwp%2Fv2%2Fcomments&post=15707"}],"version-history":[{"count":1,"href":"https:\/\/eloficiodehistoriar.com.mx\/index.php?rest_route=\/wp\/v2\/posts\/15707\/revisions"}],"predecessor-version":[{"id":15709,"href":"https:\/\/eloficiodehistoriar.com.mx\/index.php?rest_route=\/wp\/v2\/posts\/15707\/revisions\/15709"}],"wp:featuredmedia":[{"embeddable":true,"href":"https:\/\/eloficiodehistoriar.com.mx\/index.php?rest_route=\/wp\/v2\/media\/15708"}],"wp:attachment":[{"href":"https:\/\/eloficiodehistoriar.com.mx\/index.php?rest_route=%2Fwp%2Fv2%2Fmedia&parent=15707"}],"wp:term":[{"taxonomy":"category","embeddable":true,"href":"https:\/\/eloficiodehistoriar.com.mx\/index.php?rest_route=%2Fwp%2Fv2%2Fcategories&post=15707"},{"taxonomy":"post_tag","embeddable":true,"href":"https:\/\/eloficiodehistoriar.com.mx\/index.php?rest_route=%2Fwp%2Fv2%2Ftags&post=15707"}],"curies":[{"name":"wp","href":"https:\/\/api.w.org\/{rel}","templated":true}]}}