{"id":15710,"date":"2020-05-15T13:03:25","date_gmt":"2020-05-15T19:03:25","guid":{"rendered":"https:\/\/eloficiodehistoriar.com.mx\/?p=15710"},"modified":"2020-05-15T13:03:25","modified_gmt":"2020-05-15T19:03:25","slug":"padre-de-la-sana-distancia-e-higiene-adrien-proust","status":"publish","type":"post","link":"https:\/\/eloficiodehistoriar.com.mx\/?p=15710","title":{"rendered":"Padre de la sana distancia e higiene: Adri\u00e9n Proust"},"content":{"rendered":"<p>&nbsp;<\/p>\n<p>Afp<\/p>\n<p>La Jornada<\/p>\n<p>Par\u00eds.<\/p>\n<p>El genio literario de su hijo opac\u00f3 los m\u00e9ritos cient\u00edficos del higienista franc\u00e9s Adrien Proust, gran pensador del distanciamiento social y del confinamiento, figura que sin duda ahora habr\u00eda ocupado un papel central en la lucha contra la pandemia de Covid-19.<\/p>\n<p>La obra de Adrien Proust (1834-1903), consistente en una veintena de vol\u00famenes sobre los circuitos de las epidemias, incluido su ensayo sobre la higiene internacional (1873), yace a la sombra de la celebridad p\u00f3stuma de su hijo Marcel, autor de En busca del tiempo perdido.<\/p>\n<p>Este higienista fue uno de los mayores pensadores europeos del siglo XIX del distanciamiento social, la cuarentena, el cord\u00f3n sanitario moderno y el confinamiento \u2013que llamaba secuestro\u2013, en una \u00e9poca de grandes epidemias mortales, como el c\u00f3lera asi\u00e1tico, la peste y la fiebre amarilla.<\/p>\n<p>Este ge\u00f3grafo de las epidemias, como lo describe el bi\u00f3grafo y especialista de Marcel Proust, Jean-Yves Tadi\u00e9, traz\u00f3 las nuevas rutas de las grandes enfermedades infecciosas, viajando de Persia a Egipto y estudiando, por ejemplo, su propagaci\u00f3n durante el peregrinaje a La Meca. Analiz\u00f3 tambi\u00e9n la higiene en el transporte, sobre todo mar\u00edtimo.<\/p>\n<p>Si no invent\u00f3 el cord\u00f3n sanitario, al menos lo reactiv\u00f3, explica Tadi\u00e9. Teoriz\u00f3 en particular sobre el confinamiento sistem\u00e1tico.<\/p>\n<p>Un secuestro riguroso y la interrupci\u00f3n de las comunicaciones terrestres y mar\u00edtimas logran preservar varias zonas y varios pa\u00edses de las epidemias, escribi\u00f3 Adrien Proust, antes de convertirse en 1884 en el inspector general de los servicios sanitarios de Francia.<\/p>\n<p>Lavarse manos y cara<\/p>\n<p>Este higienista se jactaba de no haber enfermado nunca, gracias a que manten\u00eda su distancia con los enfermos que visitaba. Bastaba con lavarse las manos y la cara con frecuencia, aseguraba.<\/p>\n<p>Seg\u00fan Tadi\u00e9, ten\u00eda una visi\u00f3n europea de las cosas y saltan a la vista algunas similitudes con la crisis actual: La defensa de Europa frente al c\u00f3lera se hac\u00eda como hoy d\u00eda, en orden disperso.<\/p>\n<p>Proust particip\u00f3 en todas las conferencias internacionales sobre epidemias. En ellas, abog\u00f3 por la creaci\u00f3n de una oficina internacional de higiene p\u00fablica, que vio la luz en 1907, cuatro a\u00f1os despu\u00e9s de su muerte.<\/p>\n<p>Batall\u00f3 adem\u00e1s por imponer a los brit\u00e1nicos y otomanos un verdadero control sanitario, un dilema tambi\u00e9n con ecos actuales, cuando se debate privilegiar la salud o la econom\u00eda globalizada.<\/p>\n<p>En nombre de la divisa dejar hacer y dejar pasar, los brit\u00e1nicos no quer\u00edan frenar el comercio que se basaba en gran medida en la ruta de las Indias. Vimos c\u00f3mo se produc\u00eda lo mismo con Boris Johnson, que al principio (de la epidemia) no quer\u00eda imponer controles, seg\u00fan el profesor Tadi\u00e9.<\/p>\n<p>Nacido en Illiers-Combray, al oeste de Par\u00eds, hijo de peque\u00f1os comerciantes, se doctor\u00f3 a los 28 a\u00f1os, m\u00e9dico y neur\u00f3logo a la vez, y se especializ\u00f3 en la higiene en su cuarentena.<\/p>\n<p>Miembro de la Academia de Medicina de Francia, se convirti\u00f3 en un prototipo del positivista laico, republicano, ateo, interesado en las cuestiones sociales y convencido de que la ciencia aportar\u00eda bienestar a la humanidad.<\/p>\n<p>Dos visiones del aislamiento<\/p>\n<p>Como padre de familia era aterrador e infiel, y su envergadura aplastaba al joven Marcel, asm\u00e1tico, al que llamaba mi pobre Marcel, explica Tadi\u00e9. Trab\u00f3 una mejor relaci\u00f3n con su hijo mayor, Robert, m\u00e9dico de renombre durante la Primera Guerra Mundial.<\/p>\n<p>Si bien compart\u00edan una gran capacidad de trabajo, muchas cosas separaban a Adrien y Marcel. Mientras su padre aseguraba en su tratado de higiene que hab\u00eda que imponerse al polvo y airear, su hijo, que vivi\u00f3 confinado en sus \u00faltimos a\u00f1os, nunca aplic\u00f3 la regla.<\/p>\n<p>El escritor empleaba los m\u00e9todos de su madre para luchar contra el asma: se cubr\u00eda y se encerraba en su habitaci\u00f3n, mientras su padre le dec\u00eda que hiciera ejercicio, saliera, abriera la ventana, seg\u00fan Tadi\u00e9.<\/p>\n<p>Y mientras Adrien le dec\u00eda que dejara las ventanas abiertas, Marcel, aterrorizado con la idea de contagiarse de alg\u00fan mal, hac\u00eda desinfectar con formol las cartas que recib\u00eda.<\/p>\n","protected":false},"excerpt":{"rendered":"<p>&nbsp; Afp La Jornada Par\u00eds. El genio literario de su hijo opac\u00f3 los m\u00e9ritos cient\u00edficos del higienista franc\u00e9s Adrien Proust, gran pensador del distanciamiento social y del confinamiento, figura que sin duda ahora habr\u00eda ocupado un papel central en la lucha contra la pandemia de Covid-19. La obra de Adrien Proust (1834-1903), consistente en una [&hellip;]<\/p>\n","protected":false},"author":249,"featured_media":15712,"comment_status":"open","ping_status":"closed","sticky":false,"template":"","format":"standard","meta":{"footnotes":""},"categories":[26],"tags":[],"class_list":["post-15710","post","type-post","status-publish","format-standard","has-post-thumbnail","hentry","category-mundo"],"_links":{"self":[{"href":"https:\/\/eloficiodehistoriar.com.mx\/index.php?rest_route=\/wp\/v2\/posts\/15710","targetHints":{"allow":["GET"]}}],"collection":[{"href":"https:\/\/eloficiodehistoriar.com.mx\/index.php?rest_route=\/wp\/v2\/posts"}],"about":[{"href":"https:\/\/eloficiodehistoriar.com.mx\/index.php?rest_route=\/wp\/v2\/types\/post"}],"author":[{"embeddable":true,"href":"https:\/\/eloficiodehistoriar.com.mx\/index.php?rest_route=\/wp\/v2\/users\/249"}],"replies":[{"embeddable":true,"href":"https:\/\/eloficiodehistoriar.com.mx\/index.php?rest_route=%2Fwp%2Fv2%2Fcomments&post=15710"}],"version-history":[{"count":1,"href":"https:\/\/eloficiodehistoriar.com.mx\/index.php?rest_route=\/wp\/v2\/posts\/15710\/revisions"}],"predecessor-version":[{"id":15713,"href":"https:\/\/eloficiodehistoriar.com.mx\/index.php?rest_route=\/wp\/v2\/posts\/15710\/revisions\/15713"}],"wp:featuredmedia":[{"embeddable":true,"href":"https:\/\/eloficiodehistoriar.com.mx\/index.php?rest_route=\/wp\/v2\/media\/15712"}],"wp:attachment":[{"href":"https:\/\/eloficiodehistoriar.com.mx\/index.php?rest_route=%2Fwp%2Fv2%2Fmedia&parent=15710"}],"wp:term":[{"taxonomy":"category","embeddable":true,"href":"https:\/\/eloficiodehistoriar.com.mx\/index.php?rest_route=%2Fwp%2Fv2%2Fcategories&post=15710"},{"taxonomy":"post_tag","embeddable":true,"href":"https:\/\/eloficiodehistoriar.com.mx\/index.php?rest_route=%2Fwp%2Fv2%2Ftags&post=15710"}],"curies":[{"name":"wp","href":"https:\/\/api.w.org\/{rel}","templated":true}]}}