{"id":15718,"date":"2020-05-16T11:40:27","date_gmt":"2020-05-16T17:40:27","guid":{"rendered":"https:\/\/eloficiodehistoriar.com.mx\/?p=15718"},"modified":"2020-05-16T11:40:27","modified_gmt":"2020-05-16T17:40:27","slug":"la-pluralidad-en-el-dialogo-necesaria-en-la-nueva-economia-mundial","status":"publish","type":"post","link":"https:\/\/eloficiodehistoriar.com.mx\/?p=15718","title":{"rendered":"La pluralidad en el di\u00e1logo necesaria en la nueva econom\u00eda mundial"},"content":{"rendered":"<p>&nbsp;<\/p>\n<p>Una voz imprescindible<\/p>\n<p>Miguel Concha<\/p>\n<p>La incertidumbre por la que atravesamos hace imprescindible reflexionar sobre el futuro del sistema econ\u00f3mico y social con el que la humanidad ha venido caminando desde hace d\u00e9cadas. La reflexi\u00f3n sobre el futuro da diversos resultados debido a las diferentes ideolog\u00edas, intereses y valores de las personas y los grupos sociales. Nunca en la historia el resultado ha sido totalmente el de una sola posici\u00f3n. La que avanza lo hace a condici\u00f3n de dialogar y acordar con otras. No puede o\u00edrse una sola voz.<\/p>\n<p>Es la pluralidad del di\u00e1logo lo que lograr\u00e1 que la salida acordada tenga mayores probabilidades de \u00e9xito, y que sus resultados se alcancen con el menor tiempo y sufrimiento posibles. Diversas voces se han manifestado para proponer acuerdos nacionales. Entre ellas las de los sindicatos, acad\u00e9micos y organizaciones empresariales.<\/p>\n<p>Desafortunadamente una parte fundamental del necesario di\u00e1logo, el gobierno, no ha manifestado inter\u00e9s, hasta ahora, por o\u00edr las propuestas. Digo hasta ahora porque la experiencia dice que tarde o temprano el di\u00e1logo tendr\u00e1 lugar, pero para ello faltan voces. Una que se echa de menos es la de la izquierda social. De esa multiplicidad de organizaciones que, sin estar en un partido pol\u00edtico, han luchado por los derechos humanos, la democracia, la distribuci\u00f3n del ingreso.<\/p>\n<p>Hay algunos espacios que han tomado la iniciativa, pero urge que aceleren el paso, porque su entrada en la escena contribuir\u00e1 a superar la polarizaci\u00f3n actual. Los planteamientos que hoy ocupan el espacio p\u00fablico son principalmente del gobierno y de los empresarios. El primero no podr\u00e1 solo ylos segundos pueden hablar por sus intereses, pero no por toda la sociedad.<\/p>\n<p>Por ejemplo, el gobierno federal afirma que sus programas benefician a muchas personas en situaci\u00f3n de pobreza, lo que es cierto y necesario. Pero ser\u00e1 insuficiente si se queda s\u00f3lo en eso. \u00bfQu\u00e9 pasar\u00e1 con los cientos de miles de empleos que calculan organismos internacionales, como la Cepal, que se perder\u00e1n e ir\u00e1n a engrosar las ya abultadas cifras de la pobreza? Como ha dicho sobre las transferencias la secretaria ejecutiva de ese organismo: son medidas importantes, pero debemos hacer un esfuerzo adicional.<\/p>\n<p>Lo adicional ser\u00e1 evitar la p\u00e9rdida de empleos e incluso aumentarlos para quienes antes de la crisis no gozaban del derecho al trabajo. Se requiere tambi\u00e9n mejorar el sistema de salud, llevarlo a los muchos que no lo tienen, mejorar la calidad de la educaci\u00f3n, etc\u00e9tera. Pero, \u00bfcon qu\u00e9 recursos se har\u00e1 todo eso? Por m\u00e1s que el gobierno se apriete el cintur\u00f3n, se necesita mucho m\u00e1s, y ello sin descontar que con cada apret\u00f3n se ha llevado en medio a muchos ciudadanos con salarios muy bajos.<\/p>\n<p>Se ha propuesto el endeudamiento externo. Ciertamente en el pasado eso ha servido para favorecer a los poderosos, pero esto no niega que ahora pueda utilizarse para favorecer al pueblo. Datos de la Cepal dicen que a\u00fan hay margen de maniobra, pues la situaci\u00f3n de deuda de M\u00e9xico es mejor que la de la mayor\u00eda de los pa\u00edses latinoamericanos. La deuda total del gobierno como proporci\u00f3n del PIB est\u00e1 en una media para la regi\u00f3n de 41 por ciento, y M\u00e9xico se ubica en 35 por ciento. Para pagarla hay alternativas.<\/p>\n<p>En un documento firmado por organismos empresariales se presentaron los acuerdos del encuentro convocado por el Consejo Coordinador Empresarial. Proponen que el gobierno se endeude para dar facilidades crediticias para que las empresas peque\u00f1as y medianas mantengan los empleos. Esto es necesario, pero lo que no dicen es c\u00f3mo se pagar\u00e1 esa deuda. Se podr\u00eda decir que se puede hacer con el aporte proporcional al ingreso de cada ciudadano.<\/p>\n<p>Que haya una verdadera reforma fiscal que grave m\u00e1s a quien tenga m\u00e1s. Una reforma progresiva, redistributiva de la riqueza, que empiece por revertir la profunda desigualdad econ\u00f3mica y social, que entre sus consecuencias trae consigo la penuria econ\u00f3mica de la seguridad social de los trabajadores, dado que para pagar menos contribuciones es com\u00fan que los empresarios declaren un salario menor de sus empleados. Sin modificar el porcentaje de las cuotas, pagando lo que es legal, en funci\u00f3n de los ingresos reales, se podr\u00eda hacer mucho por mejorar la seguridad social. No es previsible que tales propuestas las hagan los grupos empresariales. Pero abrir\u00edan un campo de negociaci\u00f3n en donde el necesario apoyo financiero se puede dar a cambio de aceptar la a\u00fan m\u00e1s necesaria reforma fiscal. Hace falta qui\u00e9n lo diga.<\/p>\n<p>De aqu\u00ed la importancia de la voz de la sociedad civil. No se trata de contraponerse con las posiciones que hasta ahora se han manifestado, sino de llegar a acuerdos que respondan al inter\u00e9s de todos. No es posible que M\u00e9xico salga adelante s\u00f3lo con las acciones del gobierno, ni s\u00f3lo con las propuestas empresariales. M\u00e9xico no tiene futuro sin su sociedad. Ya es tiempo de o\u00edr la voz y tambi\u00e9n las propuestas de la sociedad civil.<\/p>\n<p>El cubrebocas con alto nivel de protecci\u00f3n ante fase 3<br \/>\nClaroshop<br \/>\n|<br \/>\nPatrocinado<\/p>\n","protected":false},"excerpt":{"rendered":"<p>&nbsp; Una voz imprescindible Miguel Concha La incertidumbre por la que atravesamos hace imprescindible reflexionar sobre el futuro del sistema econ\u00f3mico y social con el que la humanidad ha venido caminando desde hace d\u00e9cadas. La reflexi\u00f3n sobre el futuro da diversos resultados debido a las diferentes ideolog\u00edas, intereses y valores de las personas y los [&hellip;]<\/p>\n","protected":false},"author":249,"featured_media":15719,"comment_status":"open","ping_status":"closed","sticky":false,"template":"","format":"standard","meta":{"footnotes":""},"categories":[26],"tags":[],"class_list":["post-15718","post","type-post","status-publish","format-standard","has-post-thumbnail","hentry","category-mundo"],"_links":{"self":[{"href":"https:\/\/eloficiodehistoriar.com.mx\/index.php?rest_route=\/wp\/v2\/posts\/15718","targetHints":{"allow":["GET"]}}],"collection":[{"href":"https:\/\/eloficiodehistoriar.com.mx\/index.php?rest_route=\/wp\/v2\/posts"}],"about":[{"href":"https:\/\/eloficiodehistoriar.com.mx\/index.php?rest_route=\/wp\/v2\/types\/post"}],"author":[{"embeddable":true,"href":"https:\/\/eloficiodehistoriar.com.mx\/index.php?rest_route=\/wp\/v2\/users\/249"}],"replies":[{"embeddable":true,"href":"https:\/\/eloficiodehistoriar.com.mx\/index.php?rest_route=%2Fwp%2Fv2%2Fcomments&post=15718"}],"version-history":[{"count":1,"href":"https:\/\/eloficiodehistoriar.com.mx\/index.php?rest_route=\/wp\/v2\/posts\/15718\/revisions"}],"predecessor-version":[{"id":15720,"href":"https:\/\/eloficiodehistoriar.com.mx\/index.php?rest_route=\/wp\/v2\/posts\/15718\/revisions\/15720"}],"wp:featuredmedia":[{"embeddable":true,"href":"https:\/\/eloficiodehistoriar.com.mx\/index.php?rest_route=\/wp\/v2\/media\/15719"}],"wp:attachment":[{"href":"https:\/\/eloficiodehistoriar.com.mx\/index.php?rest_route=%2Fwp%2Fv2%2Fmedia&parent=15718"}],"wp:term":[{"taxonomy":"category","embeddable":true,"href":"https:\/\/eloficiodehistoriar.com.mx\/index.php?rest_route=%2Fwp%2Fv2%2Fcategories&post=15718"},{"taxonomy":"post_tag","embeddable":true,"href":"https:\/\/eloficiodehistoriar.com.mx\/index.php?rest_route=%2Fwp%2Fv2%2Ftags&post=15718"}],"curies":[{"name":"wp","href":"https:\/\/api.w.org\/{rel}","templated":true}]}}