{"id":15793,"date":"2020-05-26T11:15:29","date_gmt":"2020-05-26T17:15:29","guid":{"rendered":"https:\/\/eloficiodehistoriar.com.mx\/?p=15793"},"modified":"2020-05-26T11:15:29","modified_gmt":"2020-05-26T17:15:29","slug":"pompeya-vuelve-a-ser-visitada","status":"publish","type":"post","link":"https:\/\/eloficiodehistoriar.com.mx\/?p=15793","title":{"rendered":"Pompeya vuelve a ser visitada"},"content":{"rendered":"<p>El sitio arqueol\u00f3gico de Pompeya, patrimonio de la humanidad y segundo monumento m\u00e1s visitado de Italia, reabri\u00f3 este martes sus puertas a los visitantes, seg\u00fan constat\u00f3 un reportero de la AFP.<\/p>\n<p>Para el primer d\u00eda de apertura, despu\u00e9s de dos meses y medio de confinamiento y el cierre de todos los lugares p\u00fablicos, periodistas y gu\u00edas pudieron ingresar al inmenso parque arqueol\u00f3gico, valioso por la informaci\u00f3n que aporta sobre la vida de los romanos hace 2.000 a\u00f1os.<\/p>\n<p>A los pocos turistas que ingresaron les fue tomada la temperatura con un dispositivo y exigido desinfectar las manos con gel.<\/p>\n<p>Para esta primera fase, que durar\u00e1 unas dos semanas, han fijado un \u00fanico recorrido, que incluye las principales calles de la ciudad, sepultada por la erupci\u00f3n del Vesubio en el a\u00f1o 79.<\/p>\n","protected":false},"excerpt":{"rendered":"<p>El sitio arqueol\u00f3gico de Pompeya, patrimonio de la humanidad y segundo monumento m\u00e1s visitado de Italia, reabri\u00f3 este martes sus puertas a los visitantes, seg\u00fan constat\u00f3 un reportero de la AFP. Para el primer d\u00eda de apertura, despu\u00e9s de dos meses y medio de confinamiento y el cierre de todos los lugares p\u00fablicos, periodistas y [&hellip;]<\/p>\n","protected":false},"author":249,"featured_media":15794,"comment_status":"open","ping_status":"closed","sticky":false,"template":"","format":"standard","meta":{"footnotes":""},"categories":[26],"tags":[],"class_list":["post-15793","post","type-post","status-publish","format-standard","has-post-thumbnail","hentry","category-mundo"],"_links":{"self":[{"href":"https:\/\/eloficiodehistoriar.com.mx\/index.php?rest_route=\/wp\/v2\/posts\/15793","targetHints":{"allow":["GET"]}}],"collection":[{"href":"https:\/\/eloficiodehistoriar.com.mx\/index.php?rest_route=\/wp\/v2\/posts"}],"about":[{"href":"https:\/\/eloficiodehistoriar.com.mx\/index.php?rest_route=\/wp\/v2\/types\/post"}],"author":[{"embeddable":true,"href":"https:\/\/eloficiodehistoriar.com.mx\/index.php?rest_route=\/wp\/v2\/users\/249"}],"replies":[{"embeddable":true,"href":"https:\/\/eloficiodehistoriar.com.mx\/index.php?rest_route=%2Fwp%2Fv2%2Fcomments&post=15793"}],"version-history":[{"count":1,"href":"https:\/\/eloficiodehistoriar.com.mx\/index.php?rest_route=\/wp\/v2\/posts\/15793\/revisions"}],"predecessor-version":[{"id":15795,"href":"https:\/\/eloficiodehistoriar.com.mx\/index.php?rest_route=\/wp\/v2\/posts\/15793\/revisions\/15795"}],"wp:featuredmedia":[{"embeddable":true,"href":"https:\/\/eloficiodehistoriar.com.mx\/index.php?rest_route=\/wp\/v2\/media\/15794"}],"wp:attachment":[{"href":"https:\/\/eloficiodehistoriar.com.mx\/index.php?rest_route=%2Fwp%2Fv2%2Fmedia&parent=15793"}],"wp:term":[{"taxonomy":"category","embeddable":true,"href":"https:\/\/eloficiodehistoriar.com.mx\/index.php?rest_route=%2Fwp%2Fv2%2Fcategories&post=15793"},{"taxonomy":"post_tag","embeddable":true,"href":"https:\/\/eloficiodehistoriar.com.mx\/index.php?rest_route=%2Fwp%2Fv2%2Ftags&post=15793"}],"curies":[{"name":"wp","href":"https:\/\/api.w.org\/{rel}","templated":true}]}}