{"id":16354,"date":"2020-07-31T06:58:07","date_gmt":"2020-07-31T12:58:07","guid":{"rendered":"https:\/\/eloficiodehistoriar.com.mx\/?p=16354"},"modified":"2020-07-31T06:58:07","modified_gmt":"2020-07-31T12:58:07","slug":"la-actualidad-de-la-fabula-cervantina","status":"publish","type":"post","link":"https:\/\/eloficiodehistoriar.com.mx\/?p=16354","title":{"rendered":"La actualidad de la f\u00e1bula cervantina"},"content":{"rendered":"<p>&nbsp;<\/p>\n<p>La actualidad de la f\u00e1bula cervantina<\/p>\n<p>Jos\u00e9 Cueli<\/p>\n<p>La obra cervantina, en especial El Quijote de la Mancha tiene un misterioso encanto. Un dejar en el cuerpo una huella, un trazo, un abrirse paso infinito, una escritura no fon\u00e9tica inolvidable. Trazos que al abrirse no tienen final, letras que mudan su propio trazo, las abiertas se cierran y las cerradas se abren y vuelven a mudarse de sitio, se trasponen con disfraces; colores, visajes y gestos diferentes, generan nuevas im\u00e1genes maravillosas, secretas y misteriosas, acerca de algo que se nos va.<\/p>\n<p>La situaci\u00f3n actual en M\u00e9xico confusa si las hay, me conecta con la obra cervantina. Cuenta una f\u00e1bula cervantina del encuentro de Don Quijote con el Maese Pedro y su retablo. Asisten entonces lector y protagonistas a una escenificaci\u00f3n dram\u00e1tica. Los t\u00edteres movidos por hilos y la voz del Maese Pedro, que va explicando de manera prolija y torpe lo que acontece ante los ojos del espectador: pretende recrear la leyenda de Melisendra, cautiva de los moros y su marido, Gaiferos, que finalmente acude a salvarla y pretende sacarla de su cautiverio en aparentemente arriesgada y peligrosa aventura. La acci\u00f3n dram\u00e1tica se ve interrumpida una y otra vez en un complejo movimiento de vaiv\u00e9n, en una lanzadera de acciones y discursos en los que interviene de manera cada vez m\u00e1s violenta Don Quijote, quien reclama, en forma airada, la falta de veracidad en la narraci\u00f3n y en los efectos sonoros.<\/p>\n<p>Presa del enojo ante el enga\u00f1o, arremete contra el retablo. Parece indignarle que pretendan nublar su raz\u00f3n con un grosero espejismo representado por t\u00edteres movidos por hilos misteriosos, manipulados por individuos de dudosa reputaci\u00f3n que, ocult\u00e1ndose tras bambalinas, s\u00f3lo se sabe de ellos por los matices ominosos que le imprimen las marionetas.<\/p>\n<p>El retablo parece ilustrar el af\u00e1n cervantino de delatar el recurso de explotar la irracionalidad con fines ocultos empujando a los sujetos como marionetas a los m\u00e1rgenes de la conciencia; donde aparecen la hostilidad, el miedo y el odio reprimidos.<\/p>\n<p>Como consecuencia el comienzo aparente del di\u00e1logo se interrumpe, y experimentamos el dolor e impotencia agregados a la sensaci\u00f3n de falta de sentido con marcado sentimiento de indefensi\u00f3n ante la irracionalidad.<\/p>\n<p>Ante la desesperanza se hablan preguntas de dif\u00edcil respuesta: \u00bfHabr\u00e1 qu\u00e9 aceptar sin reservas que haya acuerdos en el di\u00e1logo que no han de mezclarse con los azares del discurso mismo y los hechos?<\/p>\n<p>\u00bfC\u00f3mo hacer compatible la raz\u00f3n y la experiencia de lo plural?<\/p>\n","protected":false},"excerpt":{"rendered":"<p>&nbsp; La actualidad de la f\u00e1bula cervantina Jos\u00e9 Cueli La obra cervantina, en especial El Quijote de la Mancha tiene un misterioso encanto. Un dejar en el cuerpo una huella, un trazo, un abrirse paso infinito, una escritura no fon\u00e9tica inolvidable. Trazos que al abrirse no tienen final, letras que mudan su propio trazo, las [&hellip;]<\/p>\n","protected":false},"author":249,"featured_media":16355,"comment_status":"open","ping_status":"closed","sticky":false,"template":"","format":"standard","meta":{"footnotes":""},"categories":[26],"tags":[],"class_list":["post-16354","post","type-post","status-publish","format-standard","has-post-thumbnail","hentry","category-mundo"],"_links":{"self":[{"href":"https:\/\/eloficiodehistoriar.com.mx\/index.php?rest_route=\/wp\/v2\/posts\/16354","targetHints":{"allow":["GET"]}}],"collection":[{"href":"https:\/\/eloficiodehistoriar.com.mx\/index.php?rest_route=\/wp\/v2\/posts"}],"about":[{"href":"https:\/\/eloficiodehistoriar.com.mx\/index.php?rest_route=\/wp\/v2\/types\/post"}],"author":[{"embeddable":true,"href":"https:\/\/eloficiodehistoriar.com.mx\/index.php?rest_route=\/wp\/v2\/users\/249"}],"replies":[{"embeddable":true,"href":"https:\/\/eloficiodehistoriar.com.mx\/index.php?rest_route=%2Fwp%2Fv2%2Fcomments&post=16354"}],"version-history":[{"count":1,"href":"https:\/\/eloficiodehistoriar.com.mx\/index.php?rest_route=\/wp\/v2\/posts\/16354\/revisions"}],"predecessor-version":[{"id":16356,"href":"https:\/\/eloficiodehistoriar.com.mx\/index.php?rest_route=\/wp\/v2\/posts\/16354\/revisions\/16356"}],"wp:featuredmedia":[{"embeddable":true,"href":"https:\/\/eloficiodehistoriar.com.mx\/index.php?rest_route=\/wp\/v2\/media\/16355"}],"wp:attachment":[{"href":"https:\/\/eloficiodehistoriar.com.mx\/index.php?rest_route=%2Fwp%2Fv2%2Fmedia&parent=16354"}],"wp:term":[{"taxonomy":"category","embeddable":true,"href":"https:\/\/eloficiodehistoriar.com.mx\/index.php?rest_route=%2Fwp%2Fv2%2Fcategories&post=16354"},{"taxonomy":"post_tag","embeddable":true,"href":"https:\/\/eloficiodehistoriar.com.mx\/index.php?rest_route=%2Fwp%2Fv2%2Ftags&post=16354"}],"curies":[{"name":"wp","href":"https:\/\/api.w.org\/{rel}","templated":true}]}}