{"id":16360,"date":"2020-08-01T10:52:22","date_gmt":"2020-08-01T16:52:22","guid":{"rendered":"https:\/\/eloficiodehistoriar.com.mx\/?p=16360"},"modified":"2020-08-01T10:52:22","modified_gmt":"2020-08-01T16:52:22","slug":"el-historiador-que-fue-a-las-raices-de-su-pueblo","status":"publish","type":"post","link":"https:\/\/eloficiodehistoriar.com.mx\/?p=16360","title":{"rendered":"El historiador que fue a las ra\u00edces de su pueblo"},"content":{"rendered":"<p>Exaltan el trabajo del acad\u00e9mico: Fue a las ra\u00edces de la historia para hallar los valores de la nueva sociedad<\/p>\n<p>Fabiola Palapa, Carlos Paul,<\/p>\n<p>Prensa Latina,<\/p>\n<p>Agencias<\/p>\n<p>La Jornada<\/p>\n<p>Intelectuales, pol\u00edticos, colegas, periodistas e instituciones lamentaron a trav\u00e9s de diferentes medios el fallecimiento, la ma\u00f1ana de ayer, del historiador cubano Eusebio Leal Spengler.<\/p>\n<p>\u00c1ngel Guerra, analista pol\u00edtico y periodista, se\u00f1al\u00f3: \u201cEusebio puso en pr\u00e1ctica la idea martiana y fidelista de ir a las ra\u00edces de la historia cubana y latinoamericana para buscar los nuevos valores, ideas y dise\u00f1o de la nueva sociedad.<\/p>\n<p>\u201cRealiz\u00f3 una labor inconmensurable de lo que era un amasijo de ruinas; revivi\u00f3 a una Habana vieja que muchos no sab\u00edamos que ten\u00edamos all\u00ed, a unos kil\u00f3metros, y que la especulaci\u00f3n inmobiliaria capitalista hab\u00eda desde\u00f1ado, e incluso hubiera destruido si no hubiera triunfado la revoluci\u00f3n.<\/p>\n<p>Eusebio nos ense\u00f1\u00f3 a amar y a conocer La Habana; nos cont\u00f3 su historia, que muchos no conoc\u00edamos. Fue un enorme promotor cultural, investigador e impulsor de la restauraci\u00f3n de toda esa inmensa ciudad hist\u00f3rica. Hoy es un d\u00eda de luto en La Habana. Hizo gran labor social con los comedores para las personas de la tercera edad y las escuelas primarias, que una vez cada cierto tiempo pasaban por los museos y hac\u00edan sus trabajos en esos recintos. Su obra es incalculable.<\/p>\n<p>El gobierno mexicano expres\u00f3 el viernes, por conducto de la canciller\u00eda, sus condolencias por la p\u00e9rdida del intelectual e historiador cubano Eusebio Leal Spengler.<\/p>\n<p>Al darse a conocer oficialmente el fallecimiento del tambi\u00e9n reconocido restaurador, numerosas voces en M\u00e9xico se expresaron consternadas por la p\u00e9rdida.<\/p>\n<p>El titular de Relaciones Exteriores, Marcelo Ebrard, public\u00f3 en su cuenta de Twitter: Lamento el fallecimiento de Eusebio Leal Spengler. Historiador. Gran amigo de M\u00e9xico. Su enorme labor para la rehabilitaci\u00f3n del Centro Hist\u00f3rico de La Habana ha sido reconocido mundialmente. Condolencias a sus familiares, amigos y al pueblo cubano con todo afecto.<\/p>\n<p>Como un homenaje al historiador cubano Eusebio Leal Spengler, la Red en Defensa de la Humanidad (REDH) comparti\u00f3 que hay personas que se siembran de manera tan profunda en la vida de los pueblos y en la memoria de su gente que para ellas nunca ser\u00e1 verdad la muerte, como bien dijo Mart\u00ed. Una de ellas es Eusebio Leal.<\/p>\n<p>En un mensaje difundido en sus redes sociales, la REDH expres\u00f3 que el historiador de La Habana, se hizo uno con esa hermosa ciudad, a la que no s\u00f3lo restaur\u00f3 materialmente, sino que supo dar dignidad a todos sus espacios. Fue tambi\u00e9n un gran martiano y, como tal, gran defensor del derecho de nuestros pueblos a decidir soberanamente su destino.<\/p>\n<p>As\u00ed, la REDH se sum\u00f3 al dolor del pueblo cubano, de su gobierno revolucionario y de sus familiares, declar\u00e1ndose en deuda permanente con este gran hombre.<\/p>\n<p>Hombre del renacimiento<\/p>\n<p>El ministro de Cultura de Venezuela, Ernesto Villegas, envi\u00f3 un mensaje de condolencias a las autoridades y el pueblo cubanos por el fallecimiento del tambi\u00e9n presidente de la Red de Oficinas del Historiador y Conservador de las Ciudades Patrimoniales de Cuba.<\/p>\n<p>Vaya nuestra solidaridad al pueblo, al gobierno, a intelectuales y artistas de Cuba ante la partida f\u00edsica de Eusebio Leal, historiador de La Habana y art\u00edfice de su recuperaci\u00f3n patrimonial, digna de admiraci\u00f3n mundial, escribi\u00f3 Villegas en Twitter.<\/p>\n<p>Por su parte, el fot\u00f3grafo espa\u00f1ol C\u00e9sar Russ refiri\u00f3 a Prensa Latina que conoci\u00f3 a Eusebio Leal hace dos a\u00f1os en Cuba.<\/p>\n<p>Coment\u00f3 que bajo la tutela del historiador qued\u00f3 pendiente un libro fotogr\u00e1fico que sintetizar\u00eda la obra de Alejo Carpentier.<\/p>\n<p>La periodista y escritora argentina Stella Calloni destac\u00f3 la lealtad y el amor infinito que Leal profes\u00f3 hasta el \u00faltimo d\u00eda de su vida por Cuba y su revoluci\u00f3n. Eusebio, apunt\u00f3 Calloni, ten\u00eda gran calidad humana; era culto y un orador brillante. El \u00fanico que respet\u00f3 verdaderamente la reconstrucci\u00f3n y restauraci\u00f3n de la ciudad, que le vali\u00f3 el t\u00edtulo de patrimonio cultural de la humanidad en 1982.<\/p>\n<p>Para el polit\u00f3logo argentino Atilio Bor\u00f3n, el legado de Leal es maravilloso. Eusebio dej\u00f3 un patrimonio que trasciende. Nos glorifica a todos, como regi\u00f3n, haber tenido la honra de que en nuestra tierra y en Cuba hubiera nacido un verdadero hombre del renacimiento.<\/p>\n<p>El periodista cubano Santiago Masetti, nieto del fundador y primer director de la Agencia Informativa Latinoamericana Prensa Latina, Jorge Ricardo Masetti, destac\u00f3 que con la muerte de Leal, Cuba y el mundo despiden a un imprescindible. Eusebio nos deja una extensa y maravillosa obra. Fue un intelectual comprometido con las causas m\u00e1s justas de su pueblo y de la humanidad, escribi\u00f3 Masetti en su cuenta de Twitter.<\/p>\n<p>Para el investigador Eugenio Su\u00e1rez, director de la Oficina de Asuntos Hist\u00f3ricos de Cuba, Leal es el alma de La Habana, un hombre que ha dedicado su vida a rescatar los valores de 500 a\u00f1os atr\u00e1s, la persona que todo lo que toca lo convierte en oro; ejemplo en la cultura del detalle, que no s\u00f3lo piensa en La Habana sino en todo el pa\u00eds.<\/p>\n<p>Instituciones como la Casa de las Am\u00e9ricas, la Uni\u00f3n de Escritores de Cuba, el Instituto Cubano de la M\u00fasica y el Consejo Nacional de Artes Esc\u00e9nicas cubano, as\u00ed como el Movimiento de Amistad y Solidaridad Mutua Venezuela-Cuba tambi\u00e9n lamentaron el fallecimiento del historiador y expresaron sus condolencias.<\/p>\n<p>El presidente cubano Miguel D\u00edaz-Canel escribi\u00f3 en Twitter: Celebremos su maravilloso paso por la vida, demasiado breve para quienes le quisimos por su obra y por s\u00ed mismo. Hay que seguir por sobre sus huellas la paciente e infinita labor de salvar el patrimonio de nuestra Cuba, a la que tanto am\u00f3 y consagr\u00f3 su vida. Eusebio Leal por siempre.<\/p>\n","protected":false},"excerpt":{"rendered":"<p>Exaltan el trabajo del acad\u00e9mico: Fue a las ra\u00edces de la historia para hallar los valores de la nueva sociedad Fabiola Palapa, Carlos Paul, Prensa Latina, Agencias La Jornada Intelectuales, pol\u00edticos, colegas, periodistas e instituciones lamentaron a trav\u00e9s de diferentes medios el fallecimiento, la ma\u00f1ana de ayer, del historiador cubano Eusebio Leal Spengler. \u00c1ngel Guerra, [&hellip;]<\/p>\n","protected":false},"author":249,"featured_media":16361,"comment_status":"open","ping_status":"closed","sticky":false,"template":"","format":"standard","meta":{"footnotes":""},"categories":[26],"tags":[],"class_list":["post-16360","post","type-post","status-publish","format-standard","has-post-thumbnail","hentry","category-mundo"],"_links":{"self":[{"href":"https:\/\/eloficiodehistoriar.com.mx\/index.php?rest_route=\/wp\/v2\/posts\/16360","targetHints":{"allow":["GET"]}}],"collection":[{"href":"https:\/\/eloficiodehistoriar.com.mx\/index.php?rest_route=\/wp\/v2\/posts"}],"about":[{"href":"https:\/\/eloficiodehistoriar.com.mx\/index.php?rest_route=\/wp\/v2\/types\/post"}],"author":[{"embeddable":true,"href":"https:\/\/eloficiodehistoriar.com.mx\/index.php?rest_route=\/wp\/v2\/users\/249"}],"replies":[{"embeddable":true,"href":"https:\/\/eloficiodehistoriar.com.mx\/index.php?rest_route=%2Fwp%2Fv2%2Fcomments&post=16360"}],"version-history":[{"count":1,"href":"https:\/\/eloficiodehistoriar.com.mx\/index.php?rest_route=\/wp\/v2\/posts\/16360\/revisions"}],"predecessor-version":[{"id":16362,"href":"https:\/\/eloficiodehistoriar.com.mx\/index.php?rest_route=\/wp\/v2\/posts\/16360\/revisions\/16362"}],"wp:featuredmedia":[{"embeddable":true,"href":"https:\/\/eloficiodehistoriar.com.mx\/index.php?rest_route=\/wp\/v2\/media\/16361"}],"wp:attachment":[{"href":"https:\/\/eloficiodehistoriar.com.mx\/index.php?rest_route=%2Fwp%2Fv2%2Fmedia&parent=16360"}],"wp:term":[{"taxonomy":"category","embeddable":true,"href":"https:\/\/eloficiodehistoriar.com.mx\/index.php?rest_route=%2Fwp%2Fv2%2Fcategories&post=16360"},{"taxonomy":"post_tag","embeddable":true,"href":"https:\/\/eloficiodehistoriar.com.mx\/index.php?rest_route=%2Fwp%2Fv2%2Ftags&post=16360"}],"curies":[{"name":"wp","href":"https:\/\/api.w.org\/{rel}","templated":true}]}}