{"id":16369,"date":"2020-08-02T10:04:56","date_gmt":"2020-08-02T16:04:56","guid":{"rendered":"https:\/\/eloficiodehistoriar.com.mx\/?p=16369"},"modified":"2020-08-02T10:04:56","modified_gmt":"2020-08-02T16:04:56","slug":"salomo-22-de-evodio-escalante","status":"publish","type":"post","link":"https:\/\/eloficiodehistoriar.com.mx\/?p=16369","title":{"rendered":"Salomo 22 de Evodio Escalante"},"content":{"rendered":"<p>Lejos te fuiste; adonde est\u00e1s no alcanzan Mis gemidos.<br \/>\nLejos te fuiste; adonde est\u00e1s no alcanzan<\/p>\n<p>Mis gemidos. Las s\u00faplicas del pecho<\/p>\n<p>Se ahogan sin respuesta en pozo estrecho<\/p>\n<p>Y no hay cortina oscura<\/p>\n<p>Que sirva de refugio a mi tristeza.<\/p>\n<p>La luz del d\u00eda me escalda<\/p>\n<p>Pues tu ausencia triunfal agarra vuelo<\/p>\n<p>Y el blancor de la luz quema los velos<\/p>\n<p>Y calienta la arena<\/p>\n<p>Y deja escoriaciones en mi espalda.<\/p>\n<p>Poco sirven mis manos de visera<\/p>\n<p>Que yo quisiera verte con mis manos<\/p>\n<p>Y tocarte con ojos aunque fuera<\/p>\n<p>Y no clamar en vano<\/p>\n<p>Rodeado del desierto y de sus fieras.<\/p>\n<p>Un toro se avecina,<\/p>\n<p>Un jabal\u00ed espinoso merodea,<\/p>\n<p>Una jaur\u00eda de perros alardea<\/p>\n<p>De tener en sus fauces mis costillas,<\/p>\n<p>Y muy pronto mis huesos desvalidos<\/p>\n<p>Habr\u00e1n de ser astillas.<\/p>\n<p>No acudes en mi auxilio,<\/p>\n<p>Eres sordo a mis gritos<\/p>\n<p>Y no s\u00e9 si en la altura te sonr\u00edes<\/p>\n<p>De mi penoso exilio.<\/p>\n<p>Subes tan alto a tus mansiones,<\/p>\n<p>Est\u00e1s tan abundante en tus espacios<\/p>\n<p>Que se aguza el dolor y toda queja<\/p>\n<p>\u2013No importan sus humanas dimensiones\u2013<\/p>\n<p>Se guardar\u00e1 min\u00fascula en la reja.<\/p>\n<p>T\u00fa levantas la c\u00e1rcel, Se\u00f1or m\u00edo.<\/p>\n<p>Aqu\u00ed mis d\u00edas acabo y sin sentido.<\/p>\n<p>Soy cuervo y soy corneja.<\/p>\n<p>Mis alas vuelan poco.<\/p>\n<p>Si ostento mis heridas cual blasones<\/p>\n<p>Es que ellas son mis m\u00e1ximas razones.<\/p>\n<p>Se\u00f1or, yo acepto lo que venga;<\/p>\n<p>T\u00fa dispones.<\/p>\n","protected":false},"excerpt":{"rendered":"<p>Lejos te fuiste; adonde est\u00e1s no alcanzan Mis gemidos. Lejos te fuiste; adonde est\u00e1s no alcanzan Mis gemidos. Las s\u00faplicas del pecho Se ahogan sin respuesta en pozo estrecho Y no hay cortina oscura Que sirva de refugio a mi tristeza. La luz del d\u00eda me escalda Pues tu ausencia triunfal agarra vuelo Y el [&hellip;]<\/p>\n","protected":false},"author":249,"featured_media":16370,"comment_status":"open","ping_status":"closed","sticky":false,"template":"","format":"standard","meta":{"footnotes":""},"categories":[26],"tags":[],"class_list":["post-16369","post","type-post","status-publish","format-standard","has-post-thumbnail","hentry","category-mundo"],"_links":{"self":[{"href":"https:\/\/eloficiodehistoriar.com.mx\/index.php?rest_route=\/wp\/v2\/posts\/16369","targetHints":{"allow":["GET"]}}],"collection":[{"href":"https:\/\/eloficiodehistoriar.com.mx\/index.php?rest_route=\/wp\/v2\/posts"}],"about":[{"href":"https:\/\/eloficiodehistoriar.com.mx\/index.php?rest_route=\/wp\/v2\/types\/post"}],"author":[{"embeddable":true,"href":"https:\/\/eloficiodehistoriar.com.mx\/index.php?rest_route=\/wp\/v2\/users\/249"}],"replies":[{"embeddable":true,"href":"https:\/\/eloficiodehistoriar.com.mx\/index.php?rest_route=%2Fwp%2Fv2%2Fcomments&post=16369"}],"version-history":[{"count":1,"href":"https:\/\/eloficiodehistoriar.com.mx\/index.php?rest_route=\/wp\/v2\/posts\/16369\/revisions"}],"predecessor-version":[{"id":16371,"href":"https:\/\/eloficiodehistoriar.com.mx\/index.php?rest_route=\/wp\/v2\/posts\/16369\/revisions\/16371"}],"wp:featuredmedia":[{"embeddable":true,"href":"https:\/\/eloficiodehistoriar.com.mx\/index.php?rest_route=\/wp\/v2\/media\/16370"}],"wp:attachment":[{"href":"https:\/\/eloficiodehistoriar.com.mx\/index.php?rest_route=%2Fwp%2Fv2%2Fmedia&parent=16369"}],"wp:term":[{"taxonomy":"category","embeddable":true,"href":"https:\/\/eloficiodehistoriar.com.mx\/index.php?rest_route=%2Fwp%2Fv2%2Fcategories&post=16369"},{"taxonomy":"post_tag","embeddable":true,"href":"https:\/\/eloficiodehistoriar.com.mx\/index.php?rest_route=%2Fwp%2Fv2%2Ftags&post=16369"}],"curies":[{"name":"wp","href":"https:\/\/api.w.org\/{rel}","templated":true}]}}