{"id":16406,"date":"2020-08-23T18:28:00","date_gmt":"2020-08-24T00:28:00","guid":{"rendered":"https:\/\/eloficiodehistoriar.com.mx\/?p=16406"},"modified":"2020-08-23T18:28:00","modified_gmt":"2020-08-24T00:28:00","slug":"miguel-leon-portilla","status":"publish","type":"post","link":"https:\/\/eloficiodehistoriar.com.mx\/?p=16406","title":{"rendered":"Miguel Le\u00f3n Portilla"},"content":{"rendered":"<p>&nbsp;<\/p>\n<p>Miguel Le\u00f3n Portilla<br \/>\n(M\u00e9xico, 1926) Historiador y antrop\u00f3logo mexicano.<\/p>\n<p>Miguel Le\u00f3n Portilla estudi\u00f3 en la Universidad de Loyola, en Los \u00c1ngeles, California, donde obtuvo un grado en artes en 1951.<\/p>\n<p>En 1956 recibi\u00f3 el doctorado en filosof\u00eda por la Universidad Nacional Aut\u00f3noma de M\u00e9xico (UNAM).<\/p>\n<p>Miguel Le\u00f3n Portilla<\/p>\n<p>Entre 1955 y 1963 desempe\u00f1\u00f3 los cargos de subdirector y director del Instituto Nacional Indigenista Interamericano. Desde 1963 y durante m\u00e1s de una d\u00e9cada fue director del Instituto de Investigaciones Hist\u00f3ricas de la UNAM y entre 1974 y 1975 fue nombrado cronista de la Ciudad de M\u00e9xico. En 1995 ingres\u00f3 a la Academia Nacional de Ciencias de Estados Unidos en el \u00e1rea especial de antropolog\u00eda e historia.<\/p>\n<p>Como antrop\u00f3logo, historiador, fil\u00f3logo y fil\u00f3sofo, Miguel Le\u00f3n Portilla centr\u00f3 su inter\u00e9s en los pueblos del M\u00e9xico prehisp\u00e1nico. Su vasta obra recoge y estudia las creencias, las tradiciones y el pensamiento de estas culturas. Entre sus libros m\u00e1s importantes cabe destacar La filosof\u00eda n\u00e1huatl (1956), La visi\u00f3n de los vencidos (1959), Los antiguos mexicanos a trav\u00e9s de sus cr\u00f3nicas y cantares (1961), El reverso de la Conquista (1964), Trece poetas del mundo azteca (1967), Literaturas ind\u00edgenas de M\u00e9xico (1992) y Quince poetas del mundo n\u00e1huatl (1994).<\/p>\n<p>Le\u00f3n Portilla analiz\u00f3 asimismo la obra del soberano y poeta Nezahualc\u00f3yotl en Nezahualc\u00f3yotl. Poes\u00eda y pensamiento (1972), edit\u00f3 obras de Fray Juan de Torquemada, Miguel del Barco y otros autores y reivindic\u00f3 los escritos del historiador espa\u00f1ol Fray Bernardino de Sahag\u00fan como fuente primaria para el conocimiento de la cultura azteca. Con motivo del quinto centenario del descubrimiento de Am\u00e9rica acu\u00f1\u00f3, como designaci\u00f3n de tan trascendental acontecimiento, la expresi\u00f3n \u00abencuentro de dos mundos\u00bb, que fue un\u00e1nimemente aceptada por la UNESCO y ha tendido continuidad entre los historiadores de ambos continentes.<\/p>\n<p>C\u00f3mo citar este art\u00edculo:<br \/>\nRuiza, M., Fern\u00e1ndez, T. y Tamaro, E. (2004). Biografia de Miguel Le\u00f3n Portilla. En Biograf\u00edas y Vidas. La enciclopedia biogr\u00e1fica en l\u00ednea. Barcelona (Espa\u00f1a). Recuperado de https:\/\/www.biografiasyvidas.com\/biografia\/l\/leon_portilla.htm el 23 de agosto de 2020.<\/p>\n","protected":false},"excerpt":{"rendered":"<p>&nbsp; Miguel Le\u00f3n Portilla (M\u00e9xico, 1926) Historiador y antrop\u00f3logo mexicano. Miguel Le\u00f3n Portilla estudi\u00f3 en la Universidad de Loyola, en Los \u00c1ngeles, California, donde obtuvo un grado en artes en 1951. En 1956 recibi\u00f3 el doctorado en filosof\u00eda por la Universidad Nacional Aut\u00f3noma de M\u00e9xico (UNAM). Miguel Le\u00f3n Portilla Entre 1955 y 1963 desempe\u00f1\u00f3 los [&hellip;]<\/p>\n","protected":false},"author":249,"featured_media":16407,"comment_status":"open","ping_status":"closed","sticky":false,"template":"","format":"standard","meta":{"footnotes":""},"categories":[26],"tags":[],"class_list":["post-16406","post","type-post","status-publish","format-standard","has-post-thumbnail","hentry","category-mundo"],"_links":{"self":[{"href":"https:\/\/eloficiodehistoriar.com.mx\/index.php?rest_route=\/wp\/v2\/posts\/16406","targetHints":{"allow":["GET"]}}],"collection":[{"href":"https:\/\/eloficiodehistoriar.com.mx\/index.php?rest_route=\/wp\/v2\/posts"}],"about":[{"href":"https:\/\/eloficiodehistoriar.com.mx\/index.php?rest_route=\/wp\/v2\/types\/post"}],"author":[{"embeddable":true,"href":"https:\/\/eloficiodehistoriar.com.mx\/index.php?rest_route=\/wp\/v2\/users\/249"}],"replies":[{"embeddable":true,"href":"https:\/\/eloficiodehistoriar.com.mx\/index.php?rest_route=%2Fwp%2Fv2%2Fcomments&post=16406"}],"version-history":[{"count":1,"href":"https:\/\/eloficiodehistoriar.com.mx\/index.php?rest_route=\/wp\/v2\/posts\/16406\/revisions"}],"predecessor-version":[{"id":16408,"href":"https:\/\/eloficiodehistoriar.com.mx\/index.php?rest_route=\/wp\/v2\/posts\/16406\/revisions\/16408"}],"wp:featuredmedia":[{"embeddable":true,"href":"https:\/\/eloficiodehistoriar.com.mx\/index.php?rest_route=\/wp\/v2\/media\/16407"}],"wp:attachment":[{"href":"https:\/\/eloficiodehistoriar.com.mx\/index.php?rest_route=%2Fwp%2Fv2%2Fmedia&parent=16406"}],"wp:term":[{"taxonomy":"category","embeddable":true,"href":"https:\/\/eloficiodehistoriar.com.mx\/index.php?rest_route=%2Fwp%2Fv2%2Fcategories&post=16406"},{"taxonomy":"post_tag","embeddable":true,"href":"https:\/\/eloficiodehistoriar.com.mx\/index.php?rest_route=%2Fwp%2Fv2%2Ftags&post=16406"}],"curies":[{"name":"wp","href":"https:\/\/api.w.org\/{rel}","templated":true}]}}