{"id":16409,"date":"2020-08-23T18:32:43","date_gmt":"2020-08-24T00:32:43","guid":{"rendered":"https:\/\/eloficiodehistoriar.com.mx\/?p=16409"},"modified":"2020-08-23T18:32:43","modified_gmt":"2020-08-24T00:32:43","slug":"angel-maria-garibay-kintana-sacerdote","status":"publish","type":"post","link":"https:\/\/eloficiodehistoriar.com.mx\/?p=16409","title":{"rendered":"Angel Mar\u00eda Garibay Kintana &#8211; Sacerdote"},"content":{"rendered":"<p>UNAM<\/p>\n<p>Naci\u00f3 en Toluca, Estado de Mex., y muri\u00f3 en la ciudad de M\u00e9xico (1892-1967). Realiz\u00f3 sus estudios de primaria y secundario en la escuela oficial de Santa Fe, Estado de M\u00e9xico. En su adolescencia ingres\u00f3 al Seminario Conciliar de M\u00e9xico (1906). Como bibliotecario hizo inici\u00f3 traducciones del hebreo, griego y lat\u00edn, familiariz\u00e1ndose con los c\u00f3dices y con los manuscritos en n\u00e1huatl. Se neg\u00f3 a ir a Roma a continuar estudiando. Fue ordenado sacerdote (1917) y iniciando su ministerio en Jilotepec, Estado de Mex., donde aprendi\u00f3 la lengua otom\u00ed recogiendo textos y tradiciones ind\u00edgenas. Como profesor (1919) del Seminario ense\u00f1\u00f3 humanidades y ret\u00f3rica. Posteriormente volvi\u00f3 a su vida de misionero en San mart\u00edn de las Pir\u00e1mides, Huixquilucan, Tenancingo y Otumba (1924-1941). Al lado de sus ocupaciones religiosas se hizo cargo de aspectos educativos, sanitario y agr\u00edcolas; en las comunidades ind\u00edgenas inici\u00f3 peque\u00f1as industrias entre los ind\u00edgenas y profundiz\u00f3 su conocimiento del n\u00e1huatl y del otom\u00ed, tambi\u00e9n lleg\u00f3 a dominar varias lenguas cl\u00e1sicas como el franc\u00e9s, alem\u00e1n, italiano e ingl\u00e9s. Fue nombrado can\u00f3nigo lectoral de la bas\u00edlica de Guadalupe (1941). Realiz\u00f3 algunas traducciones a partir del hebreo, del arameo y del griego sobre las Sagradas Escrituras . A partir de 1940 inici\u00f3 varias publicaciones de la Universidad Nacional Aut\u00f3noma de M\u00e9xico (UNAM). Fue nombrado Doctor Honoris Causa por la UNAM al festejarse el cuarto centenario de su fundaci\u00f3n (1951), al a\u00f1o siguiente fue nombrado profesor extraordinario de la Facultad de Filosof\u00eda y Letras; m\u00e1s tarde en 1956, fue director del Seminario de Cultura N\u00e1hutl, dependiente del Instituto de Historia, formando alumnos como Miguel Le\u00f3n-Portilla y Rub\u00e9n Bonifaz Nu\u00f1o. Se le design\u00f3 como miembro de las academias mexicanas de la Lengua (1952) y de la Historia (1962); del mismo modo que el Vaticano lo design\u00f3 como Prelado pontificio. Es autor de varios escritos: \u00abLa poes\u00eda l\u00edrica azteca; esbozo de s\u00edntesis cr\u00edtica\u00bb, en \u00c1bside (1937); Llave del n\u00e1huatl (1949, revisada en 1961); Poes\u00eda ind\u00edgena de la altiplanicie (1949); C\u00f3dice de Metepec (1949); La \u00e9pica n\u00e1hualt (1952); Reproducciones de texto de los informantes ind\u00edgenas de Sahag\u00fan en Tlalocan (1943-1957); Historia de la literatura n\u00e1huatl (1953-1954); Supervivencias de cultura intelectual precolombina entre los otom\u00edes de Huitzquilucan (1957); Veinte himnos sacros de los nahuas (1958); Xochimapictli (1959); Vida econ\u00f3mica de Tenochatitl\u00e1n (1961). Tradujo los textos nahuas de la Visi\u00f3n de los vencidos. Relaciones ind\u00edgenas de la Conquista (1959); Poes\u00eda n\u00e1huatl: I Romances de los se\u00f1ores de la Nueva Espa\u00f1a, manuscrito de Juan Bautista de Pomar, Texcoco (1582); II Cantares mexicanos; III Cantares mexicanos segunda parte. Edit\u00f3 Historia general de las cosas de Nueva Espa\u00f1a de Bernardino de Sahag\u00fan (1956), Relaci\u00f3n de las cosas de Yucat\u00e1n de fray Diego de Landa (1959), Historia antigua y de la Conquista de M\u00e9xico de Manuel Orozco y Berra (1960), Historia de las Indias de Fray Diego de Dur\u00e1n (1961); comentario y edici\u00f3n del C\u00f3dice Carolino (1967).<\/p>\n","protected":false},"excerpt":{"rendered":"<p>UNAM Naci\u00f3 en Toluca, Estado de Mex., y muri\u00f3 en la ciudad de M\u00e9xico (1892-1967). Realiz\u00f3 sus estudios de primaria y secundario en la escuela oficial de Santa Fe, Estado de M\u00e9xico. En su adolescencia ingres\u00f3 al Seminario Conciliar de M\u00e9xico (1906). Como bibliotecario hizo inici\u00f3 traducciones del hebreo, griego y lat\u00edn, familiariz\u00e1ndose con los [&hellip;]<\/p>\n","protected":false},"author":249,"featured_media":16410,"comment_status":"open","ping_status":"closed","sticky":false,"template":"","format":"standard","meta":{"footnotes":""},"categories":[26],"tags":[],"class_list":["post-16409","post","type-post","status-publish","format-standard","has-post-thumbnail","hentry","category-mundo"],"_links":{"self":[{"href":"https:\/\/eloficiodehistoriar.com.mx\/index.php?rest_route=\/wp\/v2\/posts\/16409","targetHints":{"allow":["GET"]}}],"collection":[{"href":"https:\/\/eloficiodehistoriar.com.mx\/index.php?rest_route=\/wp\/v2\/posts"}],"about":[{"href":"https:\/\/eloficiodehistoriar.com.mx\/index.php?rest_route=\/wp\/v2\/types\/post"}],"author":[{"embeddable":true,"href":"https:\/\/eloficiodehistoriar.com.mx\/index.php?rest_route=\/wp\/v2\/users\/249"}],"replies":[{"embeddable":true,"href":"https:\/\/eloficiodehistoriar.com.mx\/index.php?rest_route=%2Fwp%2Fv2%2Fcomments&post=16409"}],"version-history":[{"count":1,"href":"https:\/\/eloficiodehistoriar.com.mx\/index.php?rest_route=\/wp\/v2\/posts\/16409\/revisions"}],"predecessor-version":[{"id":16411,"href":"https:\/\/eloficiodehistoriar.com.mx\/index.php?rest_route=\/wp\/v2\/posts\/16409\/revisions\/16411"}],"wp:featuredmedia":[{"embeddable":true,"href":"https:\/\/eloficiodehistoriar.com.mx\/index.php?rest_route=\/wp\/v2\/media\/16410"}],"wp:attachment":[{"href":"https:\/\/eloficiodehistoriar.com.mx\/index.php?rest_route=%2Fwp%2Fv2%2Fmedia&parent=16409"}],"wp:term":[{"taxonomy":"category","embeddable":true,"href":"https:\/\/eloficiodehistoriar.com.mx\/index.php?rest_route=%2Fwp%2Fv2%2Fcategories&post=16409"},{"taxonomy":"post_tag","embeddable":true,"href":"https:\/\/eloficiodehistoriar.com.mx\/index.php?rest_route=%2Fwp%2Fv2%2Ftags&post=16409"}],"curies":[{"name":"wp","href":"https:\/\/api.w.org\/{rel}","templated":true}]}}