{"id":16412,"date":"2020-08-23T18:36:54","date_gmt":"2020-08-24T00:36:54","guid":{"rendered":"https:\/\/eloficiodehistoriar.com.mx\/?p=16412"},"modified":"2020-08-23T18:36:54","modified_gmt":"2020-08-24T00:36:54","slug":"mercedes-barcha-la-complice-y-todo-de-el-gabo","status":"publish","type":"post","link":"https:\/\/eloficiodehistoriar.com.mx\/?p=16412","title":{"rendered":"Mercedes Barcha, la c\u00f3mplice y todo de \u00abEl Gabo\u00bb"},"content":{"rendered":"<p>La Jornada<\/p>\n<p>Este s\u00e1bado falleci\u00f3 en su casa de la Ciudad de M\u00e9xico, a los 87 a\u00f1os, Mercedes Barcha Pardo, viuda del Nobel de Literatura colombiano Gabriel Garc\u00eda M\u00e1rquez (1927-2014).<\/p>\n<p>De acuerdo con el diario El Tiempo de Colombia, \u201cdesde hace meses padec\u00eda problemas respiratorios. Muri\u00f3 en compa\u00f1\u00eda de sus hijos y nietos\u201d.<\/p>\n<p>Seg\u00fan la prensa colombiana, las cenizas de la c\u00f3mplice eterna de Gabo ser\u00e1n trasladadas a Cartagena, en la costa caribe\u00f1a de ese pa\u00eds, para que reposen junto a las del escritor, en el Claustro de La Merced.<\/p>\n<p>Ella fue el pilar amoroso y solidario que hizo posible que Garc\u00eda M\u00e1rquez se encerrara durante 18 meses a escribir la que se considera piedra angular de su obra: Cien a\u00f1os de soledad. El mismo Gabo narraba que Mercedes tuvo que empe\u00f1ar hasta la plancha para que la novela pudiera llegar a sus editores.<\/p>\n<p>Se conocieron en 1941, cuando ambos eran ni\u00f1os (\u00e9l de 13, ella de nueve a\u00f1os). Se casaron en 1958 y tuvieron dos hijos: Gonzalo, quien es dise\u00f1ador gr\u00e1fico, y Rodrigo, director y productor de cine y televisi\u00f3n.<\/p>\n<p>\u201c\u00c9l ya era un genio cuando se casaron, pero sin Mercedes no habr\u00eda logrado hacer todo lo que despu\u00e9s consigui\u00f3 en la literatura y en la vida\u201d, coment\u00f3 Gerald Martin, bi\u00f3grafo del Nobel a El Tiempo, cuando ella cumpli\u00f3 80 a\u00f1os.<\/p>\n<p>Jaime Abello, director general de la Fundaci\u00f3n Gabo, as\u00ed como su consejo rector, lamentaron el fallecimiento de Mercedes. En un comunicado explicaron que muri\u00f3 por la ma\u00f1ana del s\u00e1bado: \u201cdescansa en paz despu\u00e9s de una vida plena. Su personalidad era \u00fanica, una mezcla singular de inteligencia absoluta, fortaleza de car\u00e1cter, pragmatismo, curiosidad, sentido del humor y hermetismo.<\/p>\n<p>\u201cHoy la despedimos, agradeci\u00e9ndole su cari\u00f1o, apoyo y paciencia en los m\u00e1s de 25 a\u00f1os que ha tomado el desarrollo de la Fundaci\u00f3n Gabo. Querida Mercedes, que fuiste polo a tierra, jam\u00e1s te olvidaremos. Tu recuerdo nos inspirar\u00e1\u201d.<\/p>\n<p>De ascendencia egipcia, Mercedes naci\u00f3 en Magangu\u00e9 (municipio colombiano localizado a orillas del r\u00edo Magdalena, en el departamento de Bol\u00edvar), el 6 de noviembre de 1932.<\/p>\n<p>Abello record\u00f3 que muchos de los buenos momentos que vivi\u00f3 con Garc\u00eda M\u00e1rquez tambi\u00e9n fueron al lado de ella, a quien los amigos llamaban con cari\u00f1o \u201cla Gaba\u201d.<\/p>\n<p>En una entrevista para la revista argentina Crisis, Gabo afirm\u00f3: \u201cMi signo es Piscis y mi mujer, mi esposa, es Mercedes. \u00c9stas son las dos cosas m\u00e1s importantes que han sucedido en mi vida; gracias a ellas, por lo menos hasta el momento, he conseguido sobrevivir escribiendo\u201d.<\/p>\n<p>Barcha Pardo pocas veces apareci\u00f3 en los medios. Una de las escasas entrevistas que concedi\u00f3 fue la publicada en el libro Gabo periodista (2021), que se reproduce en https:\/\/fundaciongabo.org\/es\/noticias\/articulo\/recuerdos-de-una-conversacion-con-mercedes-barcha<\/p>\n","protected":false},"excerpt":{"rendered":"<p>La Jornada Este s\u00e1bado falleci\u00f3 en su casa de la Ciudad de M\u00e9xico, a los 87 a\u00f1os, Mercedes Barcha Pardo, viuda del Nobel de Literatura colombiano Gabriel Garc\u00eda M\u00e1rquez (1927-2014). De acuerdo con el diario El Tiempo de Colombia, \u201cdesde hace meses padec\u00eda problemas respiratorios. Muri\u00f3 en compa\u00f1\u00eda de sus hijos y nietos\u201d. Seg\u00fan la [&hellip;]<\/p>\n","protected":false},"author":249,"featured_media":16413,"comment_status":"open","ping_status":"closed","sticky":false,"template":"","format":"standard","meta":{"footnotes":""},"categories":[26],"tags":[],"class_list":["post-16412","post","type-post","status-publish","format-standard","has-post-thumbnail","hentry","category-mundo"],"_links":{"self":[{"href":"https:\/\/eloficiodehistoriar.com.mx\/index.php?rest_route=\/wp\/v2\/posts\/16412","targetHints":{"allow":["GET"]}}],"collection":[{"href":"https:\/\/eloficiodehistoriar.com.mx\/index.php?rest_route=\/wp\/v2\/posts"}],"about":[{"href":"https:\/\/eloficiodehistoriar.com.mx\/index.php?rest_route=\/wp\/v2\/types\/post"}],"author":[{"embeddable":true,"href":"https:\/\/eloficiodehistoriar.com.mx\/index.php?rest_route=\/wp\/v2\/users\/249"}],"replies":[{"embeddable":true,"href":"https:\/\/eloficiodehistoriar.com.mx\/index.php?rest_route=%2Fwp%2Fv2%2Fcomments&post=16412"}],"version-history":[{"count":1,"href":"https:\/\/eloficiodehistoriar.com.mx\/index.php?rest_route=\/wp\/v2\/posts\/16412\/revisions"}],"predecessor-version":[{"id":16414,"href":"https:\/\/eloficiodehistoriar.com.mx\/index.php?rest_route=\/wp\/v2\/posts\/16412\/revisions\/16414"}],"wp:featuredmedia":[{"embeddable":true,"href":"https:\/\/eloficiodehistoriar.com.mx\/index.php?rest_route=\/wp\/v2\/media\/16413"}],"wp:attachment":[{"href":"https:\/\/eloficiodehistoriar.com.mx\/index.php?rest_route=%2Fwp%2Fv2%2Fmedia&parent=16412"}],"wp:term":[{"taxonomy":"category","embeddable":true,"href":"https:\/\/eloficiodehistoriar.com.mx\/index.php?rest_route=%2Fwp%2Fv2%2Fcategories&post=16412"},{"taxonomy":"post_tag","embeddable":true,"href":"https:\/\/eloficiodehistoriar.com.mx\/index.php?rest_route=%2Fwp%2Fv2%2Ftags&post=16412"}],"curies":[{"name":"wp","href":"https:\/\/api.w.org\/{rel}","templated":true}]}}