{"id":16427,"date":"2020-08-24T16:26:07","date_gmt":"2020-08-24T22:26:07","guid":{"rendered":"https:\/\/eloficiodehistoriar.com.mx\/?p=16427"},"modified":"2020-08-24T16:26:07","modified_gmt":"2020-08-24T22:26:07","slug":"el-festival-cervantino-2020","status":"publish","type":"post","link":"https:\/\/eloficiodehistoriar.com.mx\/?p=16427","title":{"rendered":"El festival Cervantino 2020"},"content":{"rendered":"<p>(apro).-<\/p>\n<p>Con el #HayCervantino y el anuncio de 27 espect\u00e1culos esc\u00e9nicos, 12 exposiciones, 11 actividades acad\u00e9micas y dos instalaciones art\u00edsticas, todo de manera gratuita y virtual, el Festival Internacional Cervantino (FIC) anunci\u00f3 su programaci\u00f3n este d\u00eda.<\/p>\n<p>El encuentro art\u00edstico-cultural, uno de los m\u00e1s importantes de Latinoam\u00e9rica (que se realizar\u00e1 del 14 al 18 de octubre), contara este a\u00f1o con Cuba y Coahuila, pa\u00eds y estado invitados de honor, respectivamente.<\/p>\n<p>Tendr\u00e1 la participaci\u00f3n a distancia de 570 creadores de Argentina, China, Costa Rica, Espa\u00f1a, Estados Unidos, Francia, Portugal, Reino Unido, Senegal y Uruguay, adem\u00e1s de Cuba y M\u00e9xico, por supuesto.<\/p>\n<p>Al respecto Alejandra Frausto, titular de la Secretar\u00eda de Cultura federal, dio a conocer a trav\u00e9s de un comunicado de prensa:<\/p>\n<p>\u201cQueremos que la gente sepa que hay Cervantino y que es completamente gratuito. Hemos trabajado arduamente para hacer llegar hasta sus casas el escenario; podr\u00e1n ser parte del festival a trav\u00e9s de diversas plataformas digitales y nuestras p\u00e1ginas web\u201c.<\/p>\n<p>La programaci\u00f3n del festival se podr\u00e1 seguir desde el Sistema P\u00fablico de Radiodifusi\u00f3n del Estado Mexicano, a trav\u00e9s de Canal 14, Canal Once, Canal 22 y la Unidad de Televisi\u00f3n de Guanajuato (TV4), o bien desde la web festivalcervantino.gob.mx y la plataforma Contigo en la Distancia (contigoenladistancia.cultura.gob.mx).<\/p>\n<p>La programaci\u00f3n<br \/>\nEntre las actividades a destacar se encuentra la celebraci\u00f3n por los 250 a\u00f1os del nacimiento de Ludwig van Beethoven, y en espec\u00edfico el homenaje de la Compa\u00f1\u00eda Nacional de Danza (CNS) a trav\u00e9s de Beethoven en la Intimidad, obra para la que se convocaron a once core\u00f3grafos de trayectoria, y a la que se sumar\u00e1n el Cuarteto Latinoamericano y el Di\u00e1logo cervantino con Claire Gibault, Birane Ba (Paris Mozart Orchestra) y Ana Lara, quienes ofrecer\u00e1n un programa en remembranza al compositor alem\u00e1n.<\/p>\n<p>En colaboraci\u00f3n con el Instituto Nacional de Bellas Artes y Literatura (INBAL), la Compa\u00f1\u00eda Nacional de \u00d3pera de Bellas Artes regresa al Festival con el estreno de Ascanio in Alba, de Wolfgang Amadeus Mozart; adem\u00e1s, el Ensamble del Centro de Experimentaci\u00f3n y Producci\u00f3n de M\u00fasica Contempor\u00e1nea (CEPROMUSIC) \u2014bajo la batuta de Jos\u00e9 Luis Castillo\u2014 presentar\u00e1 la \u00f3pera radiof\u00f3nica Don Perlimpl\u00edn, de Bruno Maderna, inspirada en la tragicomedia hom\u00f3nima de Federico Garc\u00eda Lorca.<\/p>\n<p>Tambi\u00e9n a trav\u00e9s de Live from London, festival europeo, el p\u00fablico podr\u00e1 disfrutar los conciertos de artistas internacionales como Voces8, Stile Antico, The Gesualdo Six y Chanticleer.<\/p>\n<p>A su vez, ser\u00e1n parte de esta fiesta cultural Sara Correia, representante de la nueva generaci\u00f3n del fado portugu\u00e9s; Catrin Finch and Seckou Keita que unen la m\u00fasica de Reino Unido y Senegal, y Seth Glier, cantautor, productor y multiinstrumentista estadounidense que est\u00e1 revolucionando la m\u00fasica independiente desde su nominaci\u00f3n al Grammy.<\/p>\n<p>La Fundaci\u00f3n \u00c9pica- La Fura dels Baus invitar\u00e1 a 25 artistas para una colectiva de La Tempestad, de William Shakespeare, pieza que explora el sentido humano, la ciencia y la tecnolog\u00eda.<\/p>\n<p>En representaci\u00f3n de Guanajuato, Guillermo Vel\u00e1zquez y los Leones de la Sierra de Xich\u00fa tendr\u00e1n un espect\u00e1culo de huapango arribe\u00f1o y un toque de juglar\u00eda; mientras que el Ensamble de M\u00fasica Barroca Capella Guanajuatensis ofrecer\u00e1 una selecci\u00f3n de m\u00fasica francesa del siglo XVIII, y Son del Mont\u00f3n \u201cColectivo\u201d, una celebraci\u00f3n a las ra\u00edces africadas desde la tarima y las jaranas.<\/p>\n<p>El p\u00fablico juvenil podr\u00e1 disfrutar de la m\u00fasica de Troker, que llevar\u00e1 hasta los hogares su mezcla de jazz, funk, DJ scratching y mariachi, acompa\u00f1ada del cantante neoyorquino Freedom Bremner, con una transmisi\u00f3n desde el Teatro Diana; The Guadaloops, mostrar\u00e1 su propuesta de sonido \u201cneomexicano\u201d que incorpora g\u00e9neros como el neo soul, funk y ritmos latinoamericanos; Neurodrama, con la obra de teatro Virgo, tomar\u00e1 como base las problem\u00e1ticas del entorno para concientizar sobre ellas. En tanto que Liia (ZHAO Chen Chu) y Fencha (MOU Xiaolong) ser\u00e1n parte de la noche electr\u00f3nica y desde China acompa\u00f1ar\u00e1n una proyecci\u00f3n de luces en Pastitos.<\/p>\n<p>Y para los ni\u00f1os, Toompak, desde Espa\u00f1a, presentar\u00e1 un espect\u00e1culo musical que incorpora percusiones, diversi\u00f3n y reciclaje; a su vez, Triciclo Rojo interpretar\u00e1 su serie de cuentos breves sobre la magia, y Escenia Ensamble presentar\u00e1 El barbero de Sevilla, una \u00f3pera escenificada con t\u00edteres.<\/p>\n","protected":false},"excerpt":{"rendered":"<p>(apro).- Con el #HayCervantino y el anuncio de 27 espect\u00e1culos esc\u00e9nicos, 12 exposiciones, 11 actividades acad\u00e9micas y dos instalaciones art\u00edsticas, todo de manera gratuita y virtual, el Festival Internacional Cervantino (FIC) anunci\u00f3 su programaci\u00f3n este d\u00eda. El encuentro art\u00edstico-cultural, uno de los m\u00e1s importantes de Latinoam\u00e9rica (que se realizar\u00e1 del 14 al 18 de octubre), [&hellip;]<\/p>\n","protected":false},"author":249,"featured_media":16428,"comment_status":"open","ping_status":"closed","sticky":false,"template":"","format":"standard","meta":{"footnotes":""},"categories":[26],"tags":[],"class_list":["post-16427","post","type-post","status-publish","format-standard","has-post-thumbnail","hentry","category-mundo"],"_links":{"self":[{"href":"https:\/\/eloficiodehistoriar.com.mx\/index.php?rest_route=\/wp\/v2\/posts\/16427","targetHints":{"allow":["GET"]}}],"collection":[{"href":"https:\/\/eloficiodehistoriar.com.mx\/index.php?rest_route=\/wp\/v2\/posts"}],"about":[{"href":"https:\/\/eloficiodehistoriar.com.mx\/index.php?rest_route=\/wp\/v2\/types\/post"}],"author":[{"embeddable":true,"href":"https:\/\/eloficiodehistoriar.com.mx\/index.php?rest_route=\/wp\/v2\/users\/249"}],"replies":[{"embeddable":true,"href":"https:\/\/eloficiodehistoriar.com.mx\/index.php?rest_route=%2Fwp%2Fv2%2Fcomments&post=16427"}],"version-history":[{"count":1,"href":"https:\/\/eloficiodehistoriar.com.mx\/index.php?rest_route=\/wp\/v2\/posts\/16427\/revisions"}],"predecessor-version":[{"id":16429,"href":"https:\/\/eloficiodehistoriar.com.mx\/index.php?rest_route=\/wp\/v2\/posts\/16427\/revisions\/16429"}],"wp:featuredmedia":[{"embeddable":true,"href":"https:\/\/eloficiodehistoriar.com.mx\/index.php?rest_route=\/wp\/v2\/media\/16428"}],"wp:attachment":[{"href":"https:\/\/eloficiodehistoriar.com.mx\/index.php?rest_route=%2Fwp%2Fv2%2Fmedia&parent=16427"}],"wp:term":[{"taxonomy":"category","embeddable":true,"href":"https:\/\/eloficiodehistoriar.com.mx\/index.php?rest_route=%2Fwp%2Fv2%2Fcategories&post=16427"},{"taxonomy":"post_tag","embeddable":true,"href":"https:\/\/eloficiodehistoriar.com.mx\/index.php?rest_route=%2Fwp%2Fv2%2Ftags&post=16427"}],"curies":[{"name":"wp","href":"https:\/\/api.w.org\/{rel}","templated":true}]}}