{"id":16451,"date":"2020-08-26T11:09:12","date_gmt":"2020-08-26T17:09:12","guid":{"rendered":"https:\/\/eloficiodehistoriar.com.mx\/?p=16451"},"modified":"2020-08-26T11:09:12","modified_gmt":"2020-08-26T17:09:12","slug":"patrimonio-documental-de-mexico-esta-en-linea","status":"publish","type":"post","link":"https:\/\/eloficiodehistoriar.com.mx\/?p=16451","title":{"rendered":"Patrimonio documental de M\u00e9xico esta en l\u00ednea"},"content":{"rendered":"<p>(apro).-<\/p>\n<p>Con el prop\u00f3sito de digitalizar el patrimonio documental del pa\u00eds para su conservaci\u00f3n, difusi\u00f3n y protecci\u00f3n, la Secretar\u00eda de Cultura (SC) y la Coordinaci\u00f3n de Memoria Hist\u00f3rica y Cultural de M\u00e9xico (CMHCM) firmaron este d\u00eda un convenio de colaboraci\u00f3n en el Museo de El Carmen, ubicado en San \u00c1ngel.<\/p>\n<p>En el Auditorio Fray Andr\u00e9s de San Miguel, parte del antiguo convento carmelita, Alejandra Frausto, titular de Cultura, y Eduardo Villegas Meg\u00edas, quien encabeza la CMHCM, establecieron mediante el documento las acciones generales entre las dos instituciones para:<\/p>\n<p>\u201cLa integraci\u00f3n del patrimonio hist\u00f3rico y cultural de M\u00e9xico en formato digital; el desarrollo y fomento del derecho a la memoria; el impulso a la preservaci\u00f3n, conservaci\u00f3n, restauraci\u00f3n, difusi\u00f3n y protecci\u00f3n del patrimonio hist\u00f3rico-cultural resguardado por entes nacionales y regionales, p\u00fablicos y privados\u201d.<\/p>\n<p>Beatriz Guti\u00e9rrez M\u00fcller, atestigu\u00f3 el acuerdo en su calidad de presidenta del Consejo Asesor Honorario de la CMHCM.<\/p>\n<p>A trav\u00e9s de un comunicado, las dos instancias dieron a conocer que entre las acciones se promover\u00e1n cursos, talleres, seminarios y otras actividades; se impulsar\u00e1 el uso de tecnolog\u00edas de la informaci\u00f3n y comunicaci\u00f3n, y se desarrollar\u00e1n sendas plataformas: \u2018Mexicana, Repositorio del Patrimonio Cultural de M\u00e9xico\u2019 (www.mexicana.cultura.gob.mx), para los acervos de la SC, y \u2018Mem\u00f3rica. M\u00e9xico, haz memoria\u2019 (www.memoricamexico.gob.mx), dedicada a los acervos provenientes de diversos puntos del pa\u00eds.<\/p>\n<p>Al hacer uso de la palabra, Frausto asegur\u00f3 que se trata de un proyecto que da identidad nacional. Y, no obstante que en el mundo existen desde hace a\u00f1os proyectos documentales digitales como la Biblioteca Virtual Miguel de Cervantes (www.cervantesvirtual.com); \u2018Gallica\u2019, la Biblioteca Nacional de Francia; el de la Librer\u00eda del Congreso de Estados Unidos (https:\/\/www.wdl.org\/es\/institution\/library-of-congress\/), que incluye acervos de varios pa\u00edses, y el tambi\u00e9n multinacional \u2018Europeana\u2019, la funcionaria dijo:<\/p>\n<p>\u201cNunca un gobierno hab\u00eda apostado tanto por el rescate de todo lo que queda guardado en archivos para las manos, mentes y voluntades curiosas que a veces ten\u00edan que transitar caminos tortuosos para llegar al conocimiento\u201d.<\/p>\n<p>En su turno, Villegas Meg\u00edas destac\u00f3 que el convenio tiene el objetivo de proyectar todos los archivos del pa\u00eds, \u201ctanto su riqueza cultural, como su riqueza biocultural y los archivos f\u00edsicos\u201d.<\/p>\n<p>Las plataformas ya est\u00e1n disponibles en l\u00ednea.<\/p>\n","protected":false},"excerpt":{"rendered":"<p>(apro).- Con el prop\u00f3sito de digitalizar el patrimonio documental del pa\u00eds para su conservaci\u00f3n, difusi\u00f3n y protecci\u00f3n, la Secretar\u00eda de Cultura (SC) y la Coordinaci\u00f3n de Memoria Hist\u00f3rica y Cultural de M\u00e9xico (CMHCM) firmaron este d\u00eda un convenio de colaboraci\u00f3n en el Museo de El Carmen, ubicado en San \u00c1ngel. En el Auditorio Fray Andr\u00e9s [&hellip;]<\/p>\n","protected":false},"author":249,"featured_media":16452,"comment_status":"open","ping_status":"closed","sticky":false,"template":"","format":"standard","meta":{"footnotes":""},"categories":[26],"tags":[],"class_list":["post-16451","post","type-post","status-publish","format-standard","has-post-thumbnail","hentry","category-mundo"],"_links":{"self":[{"href":"https:\/\/eloficiodehistoriar.com.mx\/index.php?rest_route=\/wp\/v2\/posts\/16451","targetHints":{"allow":["GET"]}}],"collection":[{"href":"https:\/\/eloficiodehistoriar.com.mx\/index.php?rest_route=\/wp\/v2\/posts"}],"about":[{"href":"https:\/\/eloficiodehistoriar.com.mx\/index.php?rest_route=\/wp\/v2\/types\/post"}],"author":[{"embeddable":true,"href":"https:\/\/eloficiodehistoriar.com.mx\/index.php?rest_route=\/wp\/v2\/users\/249"}],"replies":[{"embeddable":true,"href":"https:\/\/eloficiodehistoriar.com.mx\/index.php?rest_route=%2Fwp%2Fv2%2Fcomments&post=16451"}],"version-history":[{"count":1,"href":"https:\/\/eloficiodehistoriar.com.mx\/index.php?rest_route=\/wp\/v2\/posts\/16451\/revisions"}],"predecessor-version":[{"id":16453,"href":"https:\/\/eloficiodehistoriar.com.mx\/index.php?rest_route=\/wp\/v2\/posts\/16451\/revisions\/16453"}],"wp:featuredmedia":[{"embeddable":true,"href":"https:\/\/eloficiodehistoriar.com.mx\/index.php?rest_route=\/wp\/v2\/media\/16452"}],"wp:attachment":[{"href":"https:\/\/eloficiodehistoriar.com.mx\/index.php?rest_route=%2Fwp%2Fv2%2Fmedia&parent=16451"}],"wp:term":[{"taxonomy":"category","embeddable":true,"href":"https:\/\/eloficiodehistoriar.com.mx\/index.php?rest_route=%2Fwp%2Fv2%2Fcategories&post=16451"},{"taxonomy":"post_tag","embeddable":true,"href":"https:\/\/eloficiodehistoriar.com.mx\/index.php?rest_route=%2Fwp%2Fv2%2Ftags&post=16451"}],"curies":[{"name":"wp","href":"https:\/\/api.w.org\/{rel}","templated":true}]}}