{"id":16454,"date":"2020-08-26T11:13:36","date_gmt":"2020-08-26T17:13:36","guid":{"rendered":"https:\/\/eloficiodehistoriar.com.mx\/?p=16454"},"modified":"2020-08-26T11:13:36","modified_gmt":"2020-08-26T17:13:36","slug":"los-murales-de-ciudad-universitaria-unam","status":"publish","type":"post","link":"https:\/\/eloficiodehistoriar.com.mx\/?p=16454","title":{"rendered":"Los murales de Ciudad Universitaria (UNAM)"},"content":{"rendered":"<p>apro).-<\/p>\n<p>La Universidad Nacional Aut\u00f3noma de M\u00e9xico (UNAM) comenzar\u00e1 una serie de recorridos virtuales en los que se podr\u00e1n apreciar los 10 murales que se encuentran dentro del per\u00edmetro de Ciudad Universitaria declarado Monumento Art\u00edstico de la Naci\u00f3n y Patrimonio Mundial.<\/p>\n<p>En un comunicado, la universidad detall\u00f3 que las visitas se realizar\u00e1n los d\u00edas viernes a las 13:00 horas, a trav\u00e9s de la sala virtual del equipo de Visitas Guiadas, el cual pertenece al Comit\u00e9 de An\u00e1lisis para las Intervenciones Urbanas, Arquitect\u00f3nicas y de las Ingenier\u00edas en el Campus Ciudad Universitaria y los campi de la UNAM.<\/p>\n<p>Durante los recorridos, de 30 minutos de duraci\u00f3n, se podr\u00e1n apreciar las obras que Diego Rivera, David Alfaro Siqueiros, Juan O \u2018Gorman, Francisco Eppens y Jos\u00e9 Ch\u00e1vez Morado realizaron en el campus entre 1952 y 1956, de la mano de los gu\u00edas, quienes se apoyar\u00e1n en material fotogr\u00e1fico, im\u00e1genes hist\u00f3ricas, mapas, detalles gr\u00e1ficos y videos para conducir los recorridos, los cuales se llevar\u00e1n a cabo con lenguaje accesible, cifras y pasajes hist\u00f3ricos.<\/p>\n<p>La UNAM detall\u00f3 que el pr\u00f3ximo recorrido ser\u00e1 el viernes 28 de agosto al mural de David Alfaro Siqueiros \u201cLas fechas en la historia de M\u00e9xico o el derecho a la cultura\u201d, una escultopintura que fue creada entre 1952 y 1956 y que se encuentra en el muro norte de la Torre de Rector\u00eda.<\/p>\n<p>Para obtener mayor informaci\u00f3n sobre las visitas virtuales, la universidad invit\u00f3 a visitar la p\u00e1gina de Facebook del Campus Central de CU (https:\/\/www.facebook.com\/campuscentralcu), en el que se publica la informaci\u00f3n de los recorridos y puso a la disposici\u00f3n del p\u00fablico la siguiente p\u00e1gina<\/p>\n<p>(https:\/\/www.comitedeanalisis.unam.mx\/murales.html) en la que se puede consultar informaci\u00f3n b\u00e1sica sobre los murales que se encuentran en Ciudad Universitaria.<\/p>\n<p>(Melisa Carrillo)<\/p>\n","protected":false},"excerpt":{"rendered":"<p>apro).- La Universidad Nacional Aut\u00f3noma de M\u00e9xico (UNAM) comenzar\u00e1 una serie de recorridos virtuales en los que se podr\u00e1n apreciar los 10 murales que se encuentran dentro del per\u00edmetro de Ciudad Universitaria declarado Monumento Art\u00edstico de la Naci\u00f3n y Patrimonio Mundial. En un comunicado, la universidad detall\u00f3 que las visitas se realizar\u00e1n los d\u00edas viernes [&hellip;]<\/p>\n","protected":false},"author":249,"featured_media":16455,"comment_status":"open","ping_status":"closed","sticky":false,"template":"","format":"standard","meta":{"footnotes":""},"categories":[26],"tags":[],"class_list":["post-16454","post","type-post","status-publish","format-standard","has-post-thumbnail","hentry","category-mundo"],"_links":{"self":[{"href":"https:\/\/eloficiodehistoriar.com.mx\/index.php?rest_route=\/wp\/v2\/posts\/16454","targetHints":{"allow":["GET"]}}],"collection":[{"href":"https:\/\/eloficiodehistoriar.com.mx\/index.php?rest_route=\/wp\/v2\/posts"}],"about":[{"href":"https:\/\/eloficiodehistoriar.com.mx\/index.php?rest_route=\/wp\/v2\/types\/post"}],"author":[{"embeddable":true,"href":"https:\/\/eloficiodehistoriar.com.mx\/index.php?rest_route=\/wp\/v2\/users\/249"}],"replies":[{"embeddable":true,"href":"https:\/\/eloficiodehistoriar.com.mx\/index.php?rest_route=%2Fwp%2Fv2%2Fcomments&post=16454"}],"version-history":[{"count":1,"href":"https:\/\/eloficiodehistoriar.com.mx\/index.php?rest_route=\/wp\/v2\/posts\/16454\/revisions"}],"predecessor-version":[{"id":16456,"href":"https:\/\/eloficiodehistoriar.com.mx\/index.php?rest_route=\/wp\/v2\/posts\/16454\/revisions\/16456"}],"wp:featuredmedia":[{"embeddable":true,"href":"https:\/\/eloficiodehistoriar.com.mx\/index.php?rest_route=\/wp\/v2\/media\/16455"}],"wp:attachment":[{"href":"https:\/\/eloficiodehistoriar.com.mx\/index.php?rest_route=%2Fwp%2Fv2%2Fmedia&parent=16454"}],"wp:term":[{"taxonomy":"category","embeddable":true,"href":"https:\/\/eloficiodehistoriar.com.mx\/index.php?rest_route=%2Fwp%2Fv2%2Fcategories&post=16454"},{"taxonomy":"post_tag","embeddable":true,"href":"https:\/\/eloficiodehistoriar.com.mx\/index.php?rest_route=%2Fwp%2Fv2%2Ftags&post=16454"}],"curies":[{"name":"wp","href":"https:\/\/api.w.org\/{rel}","templated":true}]}}