{"id":16457,"date":"2020-08-27T08:40:36","date_gmt":"2020-08-27T14:40:36","guid":{"rendered":"https:\/\/eloficiodehistoriar.com.mx\/?p=16457"},"modified":"2020-08-27T08:40:36","modified_gmt":"2020-08-27T14:40:36","slug":"una-generacion-que-se-despide","status":"publish","type":"post","link":"https:\/\/eloficiodehistoriar.com.mx\/?p=16457","title":{"rendered":"Una generaci\u00f3n que se despide"},"content":{"rendered":"<p>&nbsp;<\/p>\n<p>Se\u00f1as de una generaci\u00f3n que se despide<\/p>\n<p>Abraham Nuncio<\/p>\n<p>En poco m\u00e1s de un a\u00f1o murieron numerosos amigos queridos. Y el g\u00e9nero del obligado y recurrente p\u00e9same ya me resulta cuesta arriba \u2013siempre ha sido as\u00ed, pero m\u00e1s a\u00fan en este lapso hollado por la pandemia.<\/p>\n<p>Nunca como en esta peste aleve representada a todo color he invocado el poema de Jorge Cant\u00fa de la Garza, otro amigo \u2013poeta \u00e9l\u2013 muerto hace tiempo. Escrib\u00eda: ya s\u00f3lo nos vemos en las bodas \/ en los entierros \/ y en las tomas de protesta.<\/p>\n<p>Ahora es peor. No nos vemos ni para disfrutar una taza de caf\u00e9, la charla vivificante o un saludo al paso.<\/p>\n<p>Silvia ya no est\u00e1. No la veremos en el pr\u00f3ximo encuentro acompa\u00f1ada sin falta por Miguel, quien ahora, dice, se qued\u00f3 a la mitad, sin su mujer: pantera negra y cantos de aves. Una de las parejas eje en el mundo cultural de Monterrey. Por suerte ella, Silvia Mijares, me pidi\u00f3 que le escribiera el pr\u00f3logo para su libro Los p\u00e1jaros impensables de la filosof\u00eda, que re\u00fane su labor filos\u00f3fica de largos a\u00f1os. Con Miguel Covarrubias, el punto velar de la poes\u00eda en la familia y fuera de ella hac\u00edamos fiesta de la conversaci\u00f3n sobre el tema de este libro, editado por la universidad p\u00fablica de Nuevo Le\u00f3n. Se traduc\u00eda en generosas tandas de charla sobre sus diversas tem\u00e1ticas.<\/p>\n<p>Silvia ya no est\u00e1 y esto es grave. Su partida nos priva de su actitud apasionada, gozosa y recia que nos liberaba una nube de endorfinas; de sus convicciones donde anidaban ideas pol\u00edticas, teoremas filos\u00f3ficos y literarios. Lo m\u00e1s triste es que no tenemos la exclusiva. La ciudad se ha quedado hu\u00e9rfana de fil\u00f3sofas y sus fil\u00f3sofos no est\u00e1n a la vista. Eso resulta tan peligroso como un hombre sin un libro.<\/p>\n<p>Alejandra Rangel era la otra fil\u00f3sofa \u2013que hizo del existencialismo heideggeriano la praxis que a su autor le falt\u00f3\u2013. Muri\u00f3 unos cuantos d\u00edas atr\u00e1s. Su magisterio se extend\u00eda en varias dimensiones: el aula, el periodismo, la promoci\u00f3n cultural, la construcci\u00f3n de tejido social y, muy se\u00f1aladamente, la dimensi\u00f3n afectiva de la amistad.<\/p>\n<p>La familia Rangel, de la que fue genearca el escritor y culto liberal, Ra\u00fal Rangel Fr\u00edas \u2013uno de los fundadores de la que Alfonso Reyes pens\u00f3 como la Universidad del Norte\u2013, a\u00fan no se repon\u00eda de la muerte de Alfonso Rangel Guerra: pensador, literato, universitario digno de esta rama familiar. Fue rector de la UANL, como lo fuera su primo Ra\u00fal, y tambi\u00e9n responsable de la Anuies. Igualmente, un amigo comprometido con el \u00e1mbito de la universidad: a mi solicitud aport\u00f3 un postrer trabajo sobre el tema para un libro sobre la autonom\u00eda universitaria publicado por la Universidad Aut\u00f3noma de Nuevo Le\u00f3n para conmemorar el centenario de la reforma universitaria de C\u00f3rdoba.<\/p>\n<p>Pesar m\u00faltiple, que ya ven\u00eda con heridas. Sergio Garc\u00eda, Rub\u00e9n Gonz\u00e1lez Garza, Juli\u00e1n Guajardo y Rogelio Villarreal, con diferencia de pocos meses, abandonaron sin retorno el escenario donde dieron muestras de un valioso trabajo esc\u00e9nico y de actuaci\u00f3n. Y con ello tambi\u00e9n nos abandonaron a sus seres queridos y a sus amigos.<\/p>\n<p>Inici\u00f3 esta mala hora con la muerte de la admirada y muy querida Mar\u00eda Fernanda, La Chata, Campa. Ella, como la primera ge\u00f3loga del pa\u00eds, sab\u00eda muy bien lo que nos estaba pasando con la entrega traidora de nuestros hidrocarburos a un pu\u00f1ado de pol\u00edticos y empresarios rapaces. Y sab\u00eda expresarlo con el esp\u00edritu aguerrido, que le ven\u00eda del ejemplar dirigente pol\u00edtico y luchador social que fue Valent\u00edn Campa, y de su propia lucha al lado de Ra\u00fal \u00c1lvarez Gar\u00edn y otros compa\u00f1eros que le imprimieron un sello hist\u00f3rico al movimiento estudiantil de 1968.<\/p>\n<p>Sigui\u00f3 la muerte de la poeta Minerva Margarita Villarreal. Premio Nacional de Poes\u00eda, ella elev\u00f3 a la que se hace en el noreste mexicano a cumbres no frecuentemente alcanzadas por los poetas de \u00e9stas y otras tierras. Un raudal de emociones y b\u00fasquedas en la literatura hispanoamericana cristalizado en p\u00e1ginas propias y ajenas. Lo cual a todos nos reconforta y alienta, mas no nos compensa de su presencia vibrante, iluminada.<\/p>\n<p>Victoria Novelo, la antrop\u00f3loga que pon\u00eda ah\u00ednco y ternura en sus temas, investigaciones y trabajos, muri\u00f3 acompa\u00f1ada de su talante amable y generoso.<\/p>\n<p>Con las figuras p\u00fablicas la amistad, si se da, es en peque\u00f1as dosis. Fueron algunas de ellas las que precedieron este obituario personal que comienza, en rigor, con el siglo que corre: Carlos Monsiv\u00e1is, Carlos Fuentes, Jos\u00e9 Emilio Pacheco, Fernando del Paso. Sin omitir, por supuesto, a Ra\u00fal Mac\u00edn, art\u00edfice de proyectos ecum\u00e9nicos de pleno sentido social.<\/p>\n<p>Siento que es una generaci\u00f3n la que se est\u00e1 despidiendo. A\u00f1os m\u00e1s, a\u00f1os menos, en su alma y en su cerebro se tatu\u00f3 el zeitgeist mult\u00e1nime de la d\u00e9cada de los 60, que toc\u00f3 conciencias y corazones, la cultura, la pol\u00edtica, la vida entera. Generaci\u00f3n gestora de una renovaci\u00f3n ya luida, pero a\u00fan con recias costuras y vueltas.<\/p>\n<p>En el lapso a que me refiero, el virus se llev\u00f3 a Jos\u00e9 Luis Paredes. Distribu\u00eda su tiempo de trabajo entre su taxi y nuestro transporte dom\u00e9stico. Veinte a\u00f1os de limpia amistad.<\/p>\n<p>La extensi\u00f3n ya me obliga. El que mucho se despide pocas ganas tiene de irse. \u00bfPocas? Ni las m\u00e1s m\u00ednimas, a pesar de la conciencia que me hace recordar a mis amigos muertos.<\/p>\n","protected":false},"excerpt":{"rendered":"<p>&nbsp; Se\u00f1as de una generaci\u00f3n que se despide Abraham Nuncio En poco m\u00e1s de un a\u00f1o murieron numerosos amigos queridos. Y el g\u00e9nero del obligado y recurrente p\u00e9same ya me resulta cuesta arriba \u2013siempre ha sido as\u00ed, pero m\u00e1s a\u00fan en este lapso hollado por la pandemia. Nunca como en esta peste aleve representada a [&hellip;]<\/p>\n","protected":false},"author":249,"featured_media":16459,"comment_status":"open","ping_status":"closed","sticky":false,"template":"","format":"standard","meta":{"footnotes":""},"categories":[26],"tags":[],"class_list":["post-16457","post","type-post","status-publish","format-standard","has-post-thumbnail","hentry","category-mundo"],"_links":{"self":[{"href":"https:\/\/eloficiodehistoriar.com.mx\/index.php?rest_route=\/wp\/v2\/posts\/16457","targetHints":{"allow":["GET"]}}],"collection":[{"href":"https:\/\/eloficiodehistoriar.com.mx\/index.php?rest_route=\/wp\/v2\/posts"}],"about":[{"href":"https:\/\/eloficiodehistoriar.com.mx\/index.php?rest_route=\/wp\/v2\/types\/post"}],"author":[{"embeddable":true,"href":"https:\/\/eloficiodehistoriar.com.mx\/index.php?rest_route=\/wp\/v2\/users\/249"}],"replies":[{"embeddable":true,"href":"https:\/\/eloficiodehistoriar.com.mx\/index.php?rest_route=%2Fwp%2Fv2%2Fcomments&post=16457"}],"version-history":[{"count":1,"href":"https:\/\/eloficiodehistoriar.com.mx\/index.php?rest_route=\/wp\/v2\/posts\/16457\/revisions"}],"predecessor-version":[{"id":16460,"href":"https:\/\/eloficiodehistoriar.com.mx\/index.php?rest_route=\/wp\/v2\/posts\/16457\/revisions\/16460"}],"wp:featuredmedia":[{"embeddable":true,"href":"https:\/\/eloficiodehistoriar.com.mx\/index.php?rest_route=\/wp\/v2\/media\/16459"}],"wp:attachment":[{"href":"https:\/\/eloficiodehistoriar.com.mx\/index.php?rest_route=%2Fwp%2Fv2%2Fmedia&parent=16457"}],"wp:term":[{"taxonomy":"category","embeddable":true,"href":"https:\/\/eloficiodehistoriar.com.mx\/index.php?rest_route=%2Fwp%2Fv2%2Fcategories&post=16457"},{"taxonomy":"post_tag","embeddable":true,"href":"https:\/\/eloficiodehistoriar.com.mx\/index.php?rest_route=%2Fwp%2Fv2%2Ftags&post=16457"}],"curies":[{"name":"wp","href":"https:\/\/api.w.org\/{rel}","templated":true}]}}