{"id":16461,"date":"2020-08-27T08:46:27","date_gmt":"2020-08-27T14:46:27","guid":{"rendered":"https:\/\/eloficiodehistoriar.com.mx\/?p=16461"},"modified":"2020-08-27T08:46:27","modified_gmt":"2020-08-27T14:46:27","slug":"antes-de-partir","status":"publish","type":"post","link":"https:\/\/eloficiodehistoriar.com.mx\/?p=16461","title":{"rendered":"\u00abAntes de partir\u00bb"},"content":{"rendered":"<p>Jorge Cantu de la Garza (1937-1998)<\/p>\n<p>&nbsp;<\/p>\n<p>Antes de partir<\/p>\n<p>De amor, amor, nunca he escrito un poema.<\/p>\n<p>He de hacerlo ahora pues me dicen que la muerte se aproxima<\/p>\n<p>y s\u00e9 que Amor amorosamente me ha tocado<\/p>\n<p>como la aurora, con uno de sus rosados dedos.<\/p>\n<p>*<\/p>\n<p>No es s\u00f3lo del joven que, apenas salido de la adolescencia<\/p>\n<p>comparte hoy sus d\u00edas con quien esto escribe<\/p>\n<p>de quien escribir\u00e9. Si hablo en singular<\/p>\n<p>es porque todo el amor es uno<\/p>\n<p>y de ello pongo a cualquier hombre por testigo.<\/p>\n<p>*<\/p>\n<p>Fui al pozo del limo con mi c\u00e1ntaro vac\u00edo<\/p>\n<p>infinitas veces, como amanece.<\/p>\n<p>Y siempre fue, como la primera vez,<\/p>\n<p>la inauguraci\u00f3n del Universo<\/p>\n<p>con sus arreboles y huracanes<\/p>\n<p>llenos de siempres, nuncas, vida m\u00eda.<\/p>\n<p>Y luego hab\u00eda que partir, dolorosamente.<\/p>\n<p>Recuerdo tantas despedidas.<\/p>\n<p>*<\/p>\n<p>Ven, amado, y contempla el ej\u00e9rcito<\/p>\n<p>de \u00e1ngeles que te precede,<\/p>\n<p>ven y mira c\u00f3mo sobrevivieron<\/p>\n<p>aunque ellos, igual que t\u00fa, que yo,<\/p>\n<p>pensaron que el fin de nuestro amor<\/p>\n<p>era el fin del mundo.<\/p>\n<p>Toma ejemplo, amado, para que vivas<\/p>\n<p>cuando yo te falte.<\/p>\n<p>*<\/p>\n<p>C\u00e1nceres, escorpiones, acuarios, sagitarios<\/p>\n<p>nadando en la pecera de mis sue\u00f1os,<\/p>\n<p>como el joven obrero aquel, en Guayaquil,<\/p>\n<p>que una noche me llev\u00f3 a su cuarto de madera<\/p>\n<p>donde bajo una d\u00e9bil bombilla, sobre la duela,<\/p>\n<p>hab\u00eda una s\u00e1bana por cama<\/p>\n<p>y en la pared un clavo por guardarropa de su atuendo.<\/p>\n<p>Qu\u00e9 limpia su pobreza, qu\u00e9 amorosa su hospitalidad,<\/p>\n<p>tanto, que me avergonc\u00e9 del hotel de lujo<\/p>\n<p>a donde aquella noche yo regresar\u00eda cargado<\/p>\n<p>de sucres que no necesitaba y que le di<\/p>\n<p>\u2013 para que te compres una camisa que te recuerde al mexicano \u2013<\/p>\n<p>le dije para vencer su resistencia al pago que tranquilizara<\/p>\n<p>mi conciencia por su pobreza inmerecida y mi opulencia,<\/p>\n<p>tambi\u00e9n inmerecida.<\/p>\n<p>*<\/p>\n<p>O como aquel japonesito brasile\u00f1o que una noche<\/p>\n<p>de cachaza en Belo Horizonte me acompa\u00f1ara al hotel<\/p>\n<p>y m\u00e1s tarde, por la ma\u00f1ana,<\/p>\n<p>al aeropuerto, donde nos despedimos<\/p>\n<p>como amantes de mucho m\u00e1s que unas cuantas horas, como amantes<\/p>\n<p>verdaderos que se despiden llenos de promesas,<\/p>\n<p>para siempre.<\/p>\n<p>*<\/p>\n<p>G\u00e9minis, virgos, aries, libras<\/p>\n<p>de Los Angeles, de M\u00e9xico, Caracas, Bogot\u00e1,<\/p>\n<p>Lima, R\u00edo, Buenos Aires, Madrid, Sevilla o Monterrey,<\/p>\n<p>apurados en la certeza que da la partida inminente,<\/p>\n<p>la seducci\u00f3n irresistible de lo ef\u00edmero,<\/p>\n<p>la libertad irrenunciable del anonimato.<\/p>\n<p>*<\/p>\n<p>La barbarie en que creciste, amado,<\/p>\n<p>no podr\u00e9 borrarla jam\u00e1s de tu memoria;<\/p>\n<p>los saltos de tu madre y sus golpes en el vientre<\/p>\n<p>para que no nacieras me duelen m\u00e1s que a ti.<\/p>\n<p>Despu\u00e9s de nacido, te dicen, fuiste el mejor,<\/p>\n<p>el bienamado. Y sin embargo,<\/p>\n<p>qui\u00e9n sino yo con mis manos torpes<\/p>\n<p>podr\u00eda tranquilizar tus noches inquietas,<\/p>\n<p>tus pesadillas de horror.<\/p>\n<p>*<\/p>\n<p>En cierto modo, nuestras infancias se parecen,<\/p>\n<p>s\u00f3lo que de la m\u00eda me separa un medio siglo<\/p>\n<p>y he aprendido a olvidar \u2013 o casi.<\/p>\n<p>*<\/p>\n<p>C\u00f3mo te amo.<\/p>\n<p>*<\/p>\n<p>S\u00e9 que tambi\u00e9n tuviste por a\u00f1os un amor prohibido,<\/p>\n<p>que no sab\u00edas que era amor ni que era prohibido.<\/p>\n<p>C\u00f3mo te envidio.<\/p>\n<p>Yo nunca tuve un hermano as\u00ed.<\/p>\n<p>_____<\/p>\n<p>Xorge M. Gonz\u00e1lez (1952-1997)<\/p>\n<p>Ritmo<\/p>\n<p>Fueron los meses de beber Villaurrutia<\/p>\n<p>con las voces del poder de los relojes<\/p>\n<p>Tus iconos lam\u00edan la noche<\/p>\n<p>la luna<\/p>\n<p>del espejo \u00e1gil se alejaba<\/p>\n<p>Aprend\u00ed la distancia<\/p>\n<p>los bosques<\/p>\n<p>la selva a\u00fan miedosa<\/p>\n<p>dibuj\u00f3 un cuerpo<\/p>\n<p>Dijo adi\u00f3s<\/p>\n<p>aquel 6 de diciembre de \u00e1lamos.<\/p>\n<p>_____<\/p>\n<p>Estos cantos<\/p>\n<p>desenvueltos entre estrellas<\/p>\n<p>declinando d\u00edas<\/p>\n<p>por los montes que no dicen<\/p>\n<p>y desgarran la mirada<\/p>\n<p>esas nubes de letras<\/p>\n<p>esos bosques antiguos<\/p>\n<p>te dibujan<\/p>\n<p>*<\/p>\n<p>Pudiendo precisar la luna<\/p>\n<p>en una cama sola<\/p>\n<p>veo esas inmensidades<\/p>\n<p>silenciosas ahora<\/p>\n<p>Canto<\/p>\n<p>otros ojos<\/p>\n<p>otras manos<\/p>\n<p>\u2013 \u00e9stas que juegan con el aliento<\/p>\n<p>de los gestos<\/p>\n<p>*<\/p>\n<p>Entre una naranja y risas<\/p>\n<p>\u2013 tan viejos como el amor \u2013<\/p>\n<p>las calles de la ciudad<\/p>\n<p>por donde siempre he andado.<\/p>\n<p>_____<\/p>\n<p>Caminata<\/p>\n<p>Me pusiste en la calle soledad<\/p>\n<p>fui tus pasos y tu historia<\/p>\n<p>fui los encuentros con las verdades de todo precio<\/p>\n<p>Me pusiste en la calle soledad<\/p>\n<p>y me encontr\u00e9 con mis hermanos.<\/p>\n<p>_____<\/p>\n<p>A\u00fan se podr\u00edan guardar otras cosas<\/p>\n<p>entre esas papeletas que algun vez dijeron<\/p>\n<p>las cuerdas de tu guitarra<\/p>\n<p>los platos cansados<\/p>\n<p>los regalos de cumplea\u00f1os<\/p>\n<p>que pasamos narrando soledades<\/p>\n<p>poemas sin esperanza de ser le\u00eddos<\/p>\n<p>La habitual pl\u00e1tica de tus presentaciones<\/p>\n<p>y otras noches no olvidadas<\/p>\n<p>*<\/p>\n<p>La traici\u00f3n de la rentera<\/p>\n<p>\u2013 y de la piadosa amiga \u2013<\/p>\n<p>nos had pedido nuestra intimidad sola<\/p>\n<p>de algunos miles de pesos<\/p>\n<p>para dejarnos<\/p>\n<p>\u2013 sin saberlo \u2013<\/p>\n<p>m\u00e1s juntos.<\/p>\n<p>_____<\/p>\n<p>Amargos pasos gritan la noche;<\/p>\n<p>bailan en el abierto est\u00f3mago,<\/p>\n<p>llave del dolor<\/p>\n<p>de la espera del amanecer<\/p>\n<p>de besos y frutas y ojos;<\/p>\n<p>beben los faunos.<\/p>\n<p>*<\/p>\n<p>Me desnudaron no s\u00e9 ni d\u00eda ni hora<\/p>\n<p>baj\u00e9<\/p>\n<p>con la misma soledad de Isthar<\/p>\n<p>a beber los presagios de divinidades<\/p>\n<p>tel\u00faricas.<\/p>\n<p>*<\/p>\n<p>No s\u00e9 ni d\u00eda ni hora<\/p>\n<p>en mares de luz<\/p>\n<p>aparecieron los rostros m\u00edos.<\/p>\n<p>_____<\/p>\n<p>Antonio Garc\u00eda (nace 1956)<\/p>\n<p>Des<\/p>\n<p>nudo<\/p>\n<p>estoy<\/p>\n<p>en<\/p>\n<p>el<\/p>\n<p>umbral; ven,<\/p>\n<p>tu cuerpo ansioso<\/p>\n<p>de la ternura<\/p>\n<p>y frenes\u00ed, de<\/p>\n<p>la locura de<\/p>\n<p>mis manos,<\/p>\n<p>a tientas,<\/p>\n<p>a ciegas te<\/p>\n<p>traer\u00e1 por el<\/p>\n<p>camino sin reclamos.<\/p>\n<p>\u201cVen\u201d. S\u00f3lo otra vez,<\/p>\n<p>yo te digo:<\/p>\n<p>\u201cVen.<\/p>\n<p>Aqu\u00ed<\/p>\n<p>espero.\u201d<\/p>\n<p>Lo s\u00e9<\/p>\n<p>\u2013 y h\u00e1zle<\/p>\n<p>como quieras<\/p>\n<p>\u2013 vendr\u00e1s<\/p>\n<p>tu cuerpo a<\/p>\n<p>compartir conmigo.<\/p>\n<p>_____<\/p>\n<p>Estatua en paraiso<\/p>\n<p>Y los esperamos<\/p>\n<p>se confundieron en el mismo instante<\/p>\n<p>Luego vino Luego queso<\/p>\n<p>Vino el beso<\/p>\n<p>Vino el yeso y qued\u00f3 tieso<\/p>\n<p>descansando en la llanura amplia<\/p>\n<p>de su vientre amado, de su vientre due\u00f1o<\/p>\n<p>Petrificado<\/p>\n<p>Esbozando una sonrisa quieta<\/p>\n<p>desde el sue\u00f1o-vuelo de su pedestal eterno<\/p>\n<p>Esbozando una sonrisa quieta desde su alma<\/p>\n<p>que pasaba aquel invierno.<\/p>\n<p>_____<\/p>\n<p>Cucaracha\u2019s Inn<\/p>\n<p>Cucaracha en<\/p>\n<p>pared muerta envuelta<\/p>\n<p>pobre<\/p>\n<p>de m\u00ed y de ella no<\/p>\n<p>hubo comida<\/p>\n<p>est\u00e1 suspendida es pera<\/p>\n<p>espera<\/p>\n<p>su tiempo es pera<\/p>\n<p>el tiempo es perra<\/p>\n<p>y espera<\/p>\n<p>tocar el cielo<\/p>\n<p>y nuestros huesos.<\/p>\n","protected":false},"excerpt":{"rendered":"<p>Jorge Cantu de la Garza (1937-1998) &nbsp; Antes de partir De amor, amor, nunca he escrito un poema. He de hacerlo ahora pues me dicen que la muerte se aproxima y s\u00e9 que Amor amorosamente me ha tocado como la aurora, con uno de sus rosados dedos. * No es s\u00f3lo del joven que, apenas [&hellip;]<\/p>\n","protected":false},"author":249,"featured_media":16462,"comment_status":"open","ping_status":"closed","sticky":false,"template":"","format":"standard","meta":{"footnotes":""},"categories":[26],"tags":[],"class_list":["post-16461","post","type-post","status-publish","format-standard","has-post-thumbnail","hentry","category-mundo"],"_links":{"self":[{"href":"https:\/\/eloficiodehistoriar.com.mx\/index.php?rest_route=\/wp\/v2\/posts\/16461","targetHints":{"allow":["GET"]}}],"collection":[{"href":"https:\/\/eloficiodehistoriar.com.mx\/index.php?rest_route=\/wp\/v2\/posts"}],"about":[{"href":"https:\/\/eloficiodehistoriar.com.mx\/index.php?rest_route=\/wp\/v2\/types\/post"}],"author":[{"embeddable":true,"href":"https:\/\/eloficiodehistoriar.com.mx\/index.php?rest_route=\/wp\/v2\/users\/249"}],"replies":[{"embeddable":true,"href":"https:\/\/eloficiodehistoriar.com.mx\/index.php?rest_route=%2Fwp%2Fv2%2Fcomments&post=16461"}],"version-history":[{"count":1,"href":"https:\/\/eloficiodehistoriar.com.mx\/index.php?rest_route=\/wp\/v2\/posts\/16461\/revisions"}],"predecessor-version":[{"id":16463,"href":"https:\/\/eloficiodehistoriar.com.mx\/index.php?rest_route=\/wp\/v2\/posts\/16461\/revisions\/16463"}],"wp:featuredmedia":[{"embeddable":true,"href":"https:\/\/eloficiodehistoriar.com.mx\/index.php?rest_route=\/wp\/v2\/media\/16462"}],"wp:attachment":[{"href":"https:\/\/eloficiodehistoriar.com.mx\/index.php?rest_route=%2Fwp%2Fv2%2Fmedia&parent=16461"}],"wp:term":[{"taxonomy":"category","embeddable":true,"href":"https:\/\/eloficiodehistoriar.com.mx\/index.php?rest_route=%2Fwp%2Fv2%2Fcategories&post=16461"},{"taxonomy":"post_tag","embeddable":true,"href":"https:\/\/eloficiodehistoriar.com.mx\/index.php?rest_route=%2Fwp%2Fv2%2Ftags&post=16461"}],"curies":[{"name":"wp","href":"https:\/\/api.w.org\/{rel}","templated":true}]}}