{"id":16464,"date":"2020-08-27T08:56:40","date_gmt":"2020-08-27T14:56:40","guid":{"rendered":"https:\/\/eloficiodehistoriar.com.mx\/?p=16464"},"modified":"2020-08-27T08:56:40","modified_gmt":"2020-08-27T14:56:40","slug":"coplas-a-la-muerte-de-su-padre","status":"publish","type":"post","link":"https:\/\/eloficiodehistoriar.com.mx\/?p=16464","title":{"rendered":"\u00abCoplas a la muerte de su padre\u00bb"},"content":{"rendered":"<p>Coplas a la muerte de su padre, de Jorge Manrique, es uno de los cl\u00e1sicos de la literatura espa\u00f1ola de todos los tiempos. Aqu\u00ed puedes leer la primera entrega de estos poemas.<\/p>\n<p>I<\/p>\n<p>Recuerde el alma dormida,<br \/>\navive el seso e despierte<br \/>\ncontemplando<br \/>\nc\u00f3mo se passa la vida,<br \/>\nc\u00f3mo se viene la muerte<br \/>\ntan callando;<br \/>\ncu\u00e1n presto se va el plazer,<br \/>\nc\u00f3mo, despu\u00e9s de acordado,<br \/>\nda dolor;<br \/>\nc\u00f3mo, a nuestro parescer,<br \/>\ncualquiere tiempo passado<br \/>\nfue mejor.<\/p>\n<p>II<\/p>\n<p>Pues si vemos lo presente<br \/>\nc\u00f3mo en un punto s\u2019es ido<br \/>\ne acabado,<br \/>\nsi juzgamos sabiamente,<br \/>\ndaremos lo non venido<br \/>\npor passado.<br \/>\nNon se enga\u00f1e nadi, no,<br \/>\npensando que ha de durar<br \/>\nlo que espera<br \/>\nm\u00e1s que dur\u00f3 lo que vio,<br \/>\npues que todo ha de passar<br \/>\npor tal manera.<\/p>\n<p>III<\/p>\n<p>Nuestras vidas son los r\u00edos<br \/>\nque van a dar en la mar,<br \/>\nqu\u2019es el morir;<br \/>\nall\u00ed van los se\u00f1or\u00edos<br \/>\nderechos a se acabar<br \/>\ne consumir;<br \/>\nall\u00ed los r\u00edos caudales,<br \/>\nall\u00ed los otros medianos<br \/>\ne m\u00e1s chicos,<br \/>\nallegados, son iguales<br \/>\nlos que viven por sus manos<br \/>\ne los ricos.<\/p>\n<p>INVOCACI\u00d3N<\/p>\n<p>IV<\/p>\n<p>Dexo las invocaciones<br \/>\nde los famosos poetas<br \/>\ny oradores;<br \/>\nnon curo de sus ficciones,<br \/>\nque traen yerbas secretas<br \/>\nsus sabores.<br \/>\nAqu\u00e9l s\u00f3lo m\u2019encomiendo,<br \/>\nAqu\u00e9l s\u00f3lo invoco yo<br \/>\nde verdad,<br \/>\nque en este mundo viviendo,<br \/>\nel mundo non conoci\u00f3<br \/>\nsu deidad.<\/p>\n<p>V<\/p>\n<p>Este mundo es el camino<br \/>\npara el otro, qu\u2019es morada<br \/>\nsin pesar;<br \/>\nmas cumple tener buen tino<br \/>\npara andar esta jornada<br \/>\nsin errar.<br \/>\nPartimos cuando nascemos,<br \/>\nandamos mientra vivimos,<br \/>\ne llegamos<br \/>\nal tiempo que fene\u00e7emos;<br \/>\nass\u00ed que cuando morimos,<br \/>\ndescansamos.<\/p>\n<p>VI<\/p>\n<p>Este mundo bueno fue<br \/>\nsi bien us\u00e1semos d\u00e9l<br \/>\ncomo debemos,<br \/>\nporque, segund nuestra fe,<br \/>\nes para ganar aqu\u00e9l<br \/>\nque atendemos.<br \/>\nAun aquel fijo de Dios<br \/>\npara sobirnos al cielo<br \/>\ndescendi\u00f3<br \/>\na nescer ac\u00e1 entre nos,<br \/>\ny a vivir en este suelo<br \/>\ndo muri\u00f3.<\/p>\n<p>VII<\/p>\n<p>Si fuesse en nuestro poder<br \/>\nhazer la cara hermosa<br \/>\ncorporal,<br \/>\ncomo podemos hazer<br \/>\nel alma tan glor\u00efosa<br \/>\nangelical,<br \/>\n\u00a1qu\u00e9 diligencia tan viva<br \/>\ntovi\u00e9ramos toda hora<br \/>\ne tan presta,<br \/>\nen componer la cativa,<br \/>\ndex\u00e1ndonos la se\u00f1ora<br \/>\ndescompuesta!<\/p>\n<p>VIII<\/p>\n<p>Ved de cu\u00e1n poco valor<br \/>\nson las cosas tras que andamos<br \/>\ny corremos,<br \/>\nque, en este mundo traidor,<br \/>\naun primero que muramos<br \/>\nlas perdemos.<br \/>\nDellas deshaze la edad,<br \/>\ndellas casos desastrados<br \/>\nque acae\u00e7en,<br \/>\ndellas, por su calidad,<br \/>\nen los m\u00e1s altos estados<br \/>\ndesfallescen.<\/p>\n<p>IX<\/p>\n<p>Dezidme: La hermosura,<br \/>\nla gentil frescura y tez<br \/>\nde la cara,<br \/>\nla color e la blancura,<br \/>\ncuando viene la vejez,<br \/>\n\u00bfcu\u00e1l se para?<br \/>\nLas ma\u00f1as e ligereza<br \/>\ne la fuer\u00e7a corporal<br \/>\nde juventud,<br \/>\ntodo se torna graveza<br \/>\ncuando llega el arrabal<br \/>\nde senectud.<\/p>\n<p>X<\/p>\n<p>Pues la sangre de los godos,<br \/>\ny el linaje e la nobleza<br \/>\ntan crescida,<br \/>\n\u00a1por cu\u00e1ntas v\u00edas e modos<br \/>\nse pierde su grand alteza<br \/>\nen esta vida!<br \/>\nUnos, por poco valer,<br \/>\npor cu\u00e1n baxos e abatidos<br \/>\nque los tienen;<br \/>\notros que, por non tener,<br \/>\ncon oficios non debidos<br \/>\nse mantienen.<\/p>\n<p>XI<\/p>\n<p>Los estados e riqueza,<br \/>\nque nos dexen a deshora<br \/>\n\u00bfqui\u00e9n lo duda?,<br \/>\nnon les pidamos firmeza.<br \/>\npues que son d\u2019una se\u00f1ora;<br \/>\nque se muda,<br \/>\nque bienes son de Fortuna<br \/>\nque revuelven con su rueda<br \/>\npresurosa,<br \/>\nla cual non puede ser una<br \/>\nni estar estable ni queda<br \/>\nen una cosa.<\/p>\n<p>XII<\/p>\n<p>Pero digo c\u2019acompa\u00f1en<br \/>\ne lleguen fasta la fuessa<br \/>\ncon su due\u00f1o:<br \/>\npor esso non nos enga\u00f1en,<br \/>\npues se va la vida apriessa<br \/>\ncomo sue\u00f1o,<br \/>\ne los deleites d\u2019ac\u00e1<br \/>\nson, en que nos deleitamos,<br \/>\ntemporales,<br \/>\ne los tormentos d\u2019all\u00e1,<br \/>\nque por ellos esperamos,<br \/>\neternales.<\/p>\n<p>XIII<\/p>\n<p>Los plazeres e dul\u00e7ores<br \/>\ndesta vida trabajada<br \/>\nque tenemos,<br \/>\nnon son sino corredores,<br \/>\ne la muerte, la \u00e7elada<br \/>\nen que caemos.<br \/>\nNon mirando a nuestro da\u00f1o,<br \/>\ncorremos a rienda suelta<br \/>\nsin parar;<br \/>\ndesque vemos el enga\u00f1o<br \/>\ny queremos dar la vuelta<br \/>\nno hay lugar.<\/p>\n<p>XIV<\/p>\n<p>Esos reyes poderosos<br \/>\nque vemos por escripturas<br \/>\nya passadas<br \/>\ncon casos tristes, llorosos,<br \/>\nfueron sus buenas venturas<br \/>\ntrastornadas;<br \/>\nass\u00ed, que no hay cosa fuerte,<br \/>\nque a papas y emperadores<br \/>\ne perlados,<br \/>\nass\u00ed los trata la muerte<br \/>\ncomo a los pobres pastores<br \/>\nde ganados.<\/p>\n<p>XV<\/p>\n<p>Dexemos a los troyanos,<br \/>\nque sus males non los vimos,<br \/>\nni sus glorias;<br \/>\ndexemos a los romanos,<br \/>\naunque o\u00edmos e le\u00edmos<br \/>\nsus hestorias;<br \/>\nnon curemos de saber<br \/>\nlo d\u2019aquel siglo passado<br \/>\nqu\u00e9 fue d\u2019ello;<br \/>\nvengamos a lo d\u2019ayer,<br \/>\nque tambi\u00e9n es olvidado<br \/>\ncomo aquello.<\/p>\n<p>XVI<\/p>\n<p>\u00bfQu\u00e9 se hizo el rey don Joan?<br \/>\nLos infantes d\u2019Arag\u00f3n<br \/>\n\u00bfqu\u00e9 se hizieron?<br \/>\n\u00bfQu\u00e9 fue de tanto gal\u00e1n,<br \/>\nqu\u00e9 de tanta invinci\u00f3n<br \/>\ncomo truxeron?<br \/>\n\u00bfFueron sino devaneos,<br \/>\nqu\u00e9 fueron sino verduras<br \/>\nde las eras,<br \/>\nlas justas e los torneos,<br \/>\nparamentos, bordaduras<br \/>\ne \u00e7imeras?<\/p>\n<p>XVII<\/p>\n<p>\u00bfQu\u00e9 se hizieron las damas,<br \/>\nsus tocados e vestidos,<br \/>\nsus olores?<br \/>\n\u00bfQu\u00e9 se hizieron las llamas<br \/>\nde los fuegos encendidos<br \/>\nd\u2019amadores?<br \/>\n\u00bfQu\u00e9 se hizo aquel trovar,<br \/>\nlas m\u00fasicas acordadas<br \/>\nque ta\u00f1\u00edan?<br \/>\n\u00bfQu\u00e9 se hizo aquel dan\u00e7ar,<br \/>\naquellas ropas chapadas<br \/>\nque tra\u00edan?<\/p>\n<p>XVIII<\/p>\n<p>Pues el otro, su heredero<br \/>\ndon Anrique, \u00a1qu\u00e9 poderes<br \/>\nalcan\u00e7aba!<br \/>\n\u00a1Cu\u00e1nd blando, cu\u00e1nd halaguero<br \/>\nel mundo con sus plazeres<br \/>\nse le daba!<br \/>\nMas ver\u00e1s cu\u00e1nd enemigo,<br \/>\ncu\u00e1nd contrario, cu\u00e1nd cruel<br \/>\nse le mostr\u00f3;<br \/>\nhabi\u00e9ndole sido amigo,<br \/>\n\u00a1cu\u00e1nd poco dur\u00f3 con \u00e9l<br \/>\nlo que le dio!<\/p>\n<p>XIX<\/p>\n<p>Las d\u00e1vidas desmedidas,<br \/>\nlos edeficios reales<br \/>\nllenos d\u2019oro,<br \/>\nlas vaxillas tan fabridas<br \/>\nlos enriques e reales<br \/>\ndel tesoro,<br \/>\nlos jaezes, los caballos<br \/>\nde sus gentes e atav\u00edos<br \/>\ntan sobrados<br \/>\n\u00bfd\u00f3nde iremos a buscallos?;<br \/>\n\u00bfqu\u00e9 fueron sino roc\u00edos<br \/>\nde los prados?<\/p>\n<p>XX<\/p>\n<p>Pues su hermano el innocente<br \/>\nqu\u2019en su vida sucesor<br \/>\nse llam\u00f3<br \/>\n\u00a1qu\u00e9 corte tan excellente<br \/>\ntuvo, e cu\u00e1nto grand se\u00f1or<br \/>\nle sigui\u00f3!<br \/>\nMas, como fuesse mortal,<br \/>\nmeti\u00f3le la Muerte luego<br \/>\nen su fragua.<br \/>\n\u00a1Oh j\u00fcicio divinal!,<br \/>\ncuando m\u00e1s ard\u00eda el fuego,<br \/>\nechaste agua.<\/p>\n<p>XXI<\/p>\n<p>Pues aquel grand Condestable,<br \/>\nmaestre que conoscimos<br \/>\ntan privado,<br \/>\nnon cumple que d\u00e9l se hable,<br \/>\nmas s\u00f3lo como lo vimos<br \/>\ndegollado.<br \/>\nSus infinitos tesoros,<br \/>\nsus villas e sus lugares,<br \/>\nsu mandar,<br \/>\n\u00bfqu\u00e9 le fueron sino lloros?,<br \/>\n\u00bfqu\u00e9 fueron sino pesares<br \/>\nal dexar?<\/p>\n<p>XXII<\/p>\n<p>E los otros dos hermanos,<br \/>\nmaestres tan prosperados<br \/>\ncomo reyes,<br \/>\nc\u2019a los grandes e medianos<br \/>\ntruxieron tan sojuzgados<br \/>\na sus leyes;<br \/>\naquella prosperidad<br \/>\nqu\u2019en tan alto fue subida<br \/>\ny ensalzada,<br \/>\n\u00bfqu\u00e9 fue sino claridad<br \/>\nque cuando m\u00e1s encendida<br \/>\nfue amatada?<\/p>\n<p>XXIII<\/p>\n<p>Tantos duques excelentes,<br \/>\ntantos marqueses e condes<br \/>\ne varones<br \/>\ncomo vimos tan potentes,<br \/>\nd\u00ed, Muerte, \u00bfd\u00f3 los escondes,<br \/>\ne traspones?<br \/>\nE las sus claras haza\u00f1as<br \/>\nque hizieron en las guerras<br \/>\ny en las pazes,<br \/>\ncuando t\u00fa, cruda, t\u2019ensa\u00f1as,<br \/>\ncon tu fuer\u00e7a, las atierras<br \/>\ne desfazes.<\/p>\n<p>XXIV<\/p>\n<p>Las huestes inumerables,<br \/>\nlos pendones, estandartes<br \/>\ne banderas,<br \/>\nlos castillos impugnables,<br \/>\nlos muros e bal\u00fcartes<br \/>\ne barreras,<br \/>\nla cava honda, chapada,<br \/>\no cualquier otro reparo,<br \/>\n\u00bfqu\u00e9 aprovecha?<br \/>\nCuando t\u00fa vienes airada,<br \/>\ntodo lo passas de claro<br \/>\ncon tu flecha.<\/p>\n<p>XXV<\/p>\n<p>Aquel de buenos abrigo,<br \/>\namado, por virtuoso,<br \/>\nde la gente,<br \/>\nel maestre don Rodrigo<br \/>\nManrique, tanto famoso<br \/>\ne tan valiente;<br \/>\nsus hechos grandes e claros<br \/>\nnon cumple que los alabe,<br \/>\npues los vieron;<br \/>\nni los quiero hazer caros,<br \/>\npues qu\u2019el mundo todo sabe<br \/>\ncu\u00e1les fueron.<\/p>\n<p>&nbsp;<\/p>\n","protected":false},"excerpt":{"rendered":"<p>Coplas a la muerte de su padre, de Jorge Manrique, es uno de los cl\u00e1sicos de la literatura espa\u00f1ola de todos los tiempos. Aqu\u00ed puedes leer la primera entrega de estos poemas. I Recuerde el alma dormida, avive el seso e despierte contemplando c\u00f3mo se passa la vida, c\u00f3mo se viene la muerte tan callando; [&hellip;]<\/p>\n","protected":false},"author":249,"featured_media":16465,"comment_status":"open","ping_status":"closed","sticky":false,"template":"","format":"standard","meta":{"footnotes":""},"categories":[26],"tags":[],"class_list":["post-16464","post","type-post","status-publish","format-standard","has-post-thumbnail","hentry","category-mundo"],"_links":{"self":[{"href":"https:\/\/eloficiodehistoriar.com.mx\/index.php?rest_route=\/wp\/v2\/posts\/16464","targetHints":{"allow":["GET"]}}],"collection":[{"href":"https:\/\/eloficiodehistoriar.com.mx\/index.php?rest_route=\/wp\/v2\/posts"}],"about":[{"href":"https:\/\/eloficiodehistoriar.com.mx\/index.php?rest_route=\/wp\/v2\/types\/post"}],"author":[{"embeddable":true,"href":"https:\/\/eloficiodehistoriar.com.mx\/index.php?rest_route=\/wp\/v2\/users\/249"}],"replies":[{"embeddable":true,"href":"https:\/\/eloficiodehistoriar.com.mx\/index.php?rest_route=%2Fwp%2Fv2%2Fcomments&post=16464"}],"version-history":[{"count":1,"href":"https:\/\/eloficiodehistoriar.com.mx\/index.php?rest_route=\/wp\/v2\/posts\/16464\/revisions"}],"predecessor-version":[{"id":16466,"href":"https:\/\/eloficiodehistoriar.com.mx\/index.php?rest_route=\/wp\/v2\/posts\/16464\/revisions\/16466"}],"wp:featuredmedia":[{"embeddable":true,"href":"https:\/\/eloficiodehistoriar.com.mx\/index.php?rest_route=\/wp\/v2\/media\/16465"}],"wp:attachment":[{"href":"https:\/\/eloficiodehistoriar.com.mx\/index.php?rest_route=%2Fwp%2Fv2%2Fmedia&parent=16464"}],"wp:term":[{"taxonomy":"category","embeddable":true,"href":"https:\/\/eloficiodehistoriar.com.mx\/index.php?rest_route=%2Fwp%2Fv2%2Fcategories&post=16464"},{"taxonomy":"post_tag","embeddable":true,"href":"https:\/\/eloficiodehistoriar.com.mx\/index.php?rest_route=%2Fwp%2Fv2%2Ftags&post=16464"}],"curies":[{"name":"wp","href":"https:\/\/api.w.org\/{rel}","templated":true}]}}