{"id":16470,"date":"2020-08-27T10:48:57","date_gmt":"2020-08-27T16:48:57","guid":{"rendered":"https:\/\/eloficiodehistoriar.com.mx\/?p=16470"},"modified":"2020-08-27T10:48:57","modified_gmt":"2020-08-27T16:48:57","slug":"mydori-es-paramedica-en-ciudad-nezahualcoyotl","status":"publish","type":"post","link":"https:\/\/eloficiodehistoriar.com.mx\/?p=16470","title":{"rendered":"Mydori es param\u00e9dica en ciudad Nezahualcoyotl"},"content":{"rendered":"<p>&nbsp;<\/p>\n<p>Mydori es param\u00e9dica en Nezahualc\u00f3yotl. A sus tareas habituales se suma el traslado de pacientes con covid. Reconoce su impotencia: \u201cLa gente casi siempre nos llama cuando su familiar ya est\u00e1 muy grave. Pr\u00e1cticamente se nos mueren en las manos\u201d.<\/p>\n<p>(proceso).-<\/p>\n<p>Son m\u00e1s de 175 d\u00edas desde que apareci\u00f3 en M\u00e9xico el primer caso de covid y no los he sentido, porque mi ritmo de trabajo ha sido muy fuerte.<\/p>\n<p>Soy param\u00e9dica y desde que se inici\u00f3 la pandemia estoy impresionada con los traslados de enfermos con covid. Implican un gran desgaste f\u00edsico y emocional porque desgraciadamente la gente casi siempre nos llama cuando su familiar ya est\u00e1 muy grave. Pr\u00e1cticamente se nos mueren en las manos. Siento una gran impotencia cuando las personas me dicen: \u201c\u00a1Ayude a mi familiar, por favor ay\u00fadelo!\u201d. Y nosotros no podemos hacer casi nada m\u00e1s que darles la primera atenci\u00f3n y trasladarlos a un hospital. A diferencia de un baleado, de un accidentado, donde podemos ayudar m\u00e1s, esta es una enfermedad que ataca a nivel multiorg\u00e1nico y es poco lo que podemos hacer. Eso me impacta.<\/p>\n<p>Como param\u00e9dicos sabemos identificar el peligro. Cuando llegamos a alg\u00fan lugar sabemos si es seguro entrar o no. Pero esto es diferente. Est\u00e1 fuera de lo que hab\u00eda visto antes. Luchamos contra un enemigo invisible. Y trabajar en Nezahualc\u00f3yotl es complicado. Es un municipio muy grande y con muchos habitantes. Es dif\u00edcil porque los casos no paran. Ya estamos cansados, agotados tanto f\u00edsica como emocionalmente. En alg\u00fan momento con mis compa\u00f1eros dec\u00edamos: para qu\u00e9 tanta lucha s\u00ed la gente sigue igual, saliendo a la calle, como si nada, sin creer. Nosotros decidimos cuidarnos, cuidar a los nuestros y seguir trabajando.<\/p>\n<p>Te recomendamos: Voces de la pandemia | \u201cNos maltratan y nos tienen miedo<br \/>\nAfortunadamente no he tenido ning\u00fan incidente. No ha sido el caso de un compa\u00f1ero, que lleg\u00f3 a un servicio de atenci\u00f3n y traslado justo cuando la persona muri\u00f3 por covid. Los familiares de \u00e9ste lo golpearon. Cuando llegamos a un domicilio de un paciente se les explica a los miembros de su familia la gravedad de su estado de salud. Pero hay gente que no lo comprende. Nosotros entendemos su dolor, pero no podemos hacer nada.<\/p>\n<p>Aqu\u00ed nos han ofrecido acompa\u00f1amiento psicol\u00f3gico, pero por la pesada carga de trabajo ha sido imposible tomarlo. Para cuidar nuestra salud mental tratamos que nuestra guardia sea amena. Con mis compa\u00f1eros nos re\u00edmos mucho. Hablamos: \u201c\u00bfQu\u00e9 tienes, c\u00f3mo te sientes, qu\u00e9 te duele?\u201d.<\/p>\n<p>Desde que empez\u00f3 la pandemia aqu\u00ed en el escuadr\u00f3n ha habido como 10 contagiados. Afortunadamente todos han sido asintom\u00e1ticos o con repercusiones no graves, porque fueron detectados a tiempo.<\/p>\n<p>El d\u00eda empieza a las siete de la ma\u00f1ana. Hay que estar alertas: un choque de motonetas por aqu\u00ed, por all\u00e1 un hombre desorientado y polvoriento que cay\u00f3 de un techo a medio hacer, despu\u00e9s un ni\u00f1o de tres a\u00f1os que ator\u00f3 su dedito en la cadena de una bicicleta\u2026 Sin hora fija para tomar alimentos, mi compa\u00f1ero y yo comemos en la calle lo que podemos.<\/p>\n<p>Tambi\u00e9n puedes leer: Voces de la pandemia | \u201cNos toc\u00f3 vivir esto y\u2026 \u00a1ni modo!\u201d<br \/>\nSi trasladamos a un paciente con covid de su domicilio al hospital, debemos inmediatamente despu\u00e9s ir a la base que se encuentra en el cruce de las calles Tepozanes y Chimalhuac\u00e1n, en el oriente de Neza, para descontaminar la ambulancia y a nosotros mismos. Nos lleva como 40 minutos rociar con cloro el interior y exterior del veh\u00edculo: la camilla, el instrumental, el tablero, volante, los espejos, asientos. Todo. Luego viene desinfectar el aparatoso equipo de seguridad: gogles, dos tapabocas \u2013uno tricapa y otro N95\u2013, dos pares de guantes y el engorroso overol de polietileno que hace sudar hasta la conciencia. S\u00f3lo entonces nos lo quitamos: una rociada de desinfectante por cada capa que se retira. Enrollarlo todo cuidadosamente para no dejar expuesta el \u00e1rea que tuvo contacto con el paciente y poner todo en una bolsa que se amarra inmediatamente. Despu\u00e9s, retirar el calzado de trabajo. Y una rociada final.<\/p>\n<p>Luego de 12 horas de trabajo hay que hacer papeleo administrativo y revisar una a una las unidades, sus equipos e instrumental para entregar todo a punto a los relevos. Con mis cosas personales que saqu\u00e9 de la ambulancia, subo las escaleras en el oscuro y despoblado interior de la Base Aire. Ya en el segundo piso entro al cuarto en donde se encuentran los casilleros de los param\u00e9dicos. En el ba\u00f1o me lavo minuciosamente manos y cara. Me retiro la camisola de rescatista, guardo mis cosas en el casillero. Bajo e inicio el regreso a casa en transporte p\u00fablico: dos horas de recorrido hasta Valle de Chalco.<\/p>\n<p>Te sugerimos: Voces de la pandemia | Vivir \u201centre los muertos\u201d<br \/>\nEn mi casa soy la \u00fanica que trabaja en el sector salud. S\u00e9 que podr\u00eda llevar el virus, pero pr\u00e1cticamente soy el sustento de la casa. Por eso llevamos a cabo todas las medidas posibles. A veces, cuando de repente me duele la garganta y empiezo a estornudar, me quedo pensando, esperando los dem\u00e1s s\u00edntomas, pero afortunadamente no ha pasado.<\/p>\n<p>A la gente que todav\u00eda no cree yo le dir\u00eda que sigan las indicaciones de las autoridades \u2013esto no ha terminado y no va a terminar ahorita\u2013; que si realmente quieren a los suyos, los cuiden.<\/p>\n<p>*Param\u00e9dica del Escuadr\u00f3n de Rescate y Salvamento Municipal de Nezahualc\u00f3yotl.<\/p>\n","protected":false},"excerpt":{"rendered":"<p>&nbsp; Mydori es param\u00e9dica en Nezahualc\u00f3yotl. A sus tareas habituales se suma el traslado de pacientes con covid. Reconoce su impotencia: \u201cLa gente casi siempre nos llama cuando su familiar ya est\u00e1 muy grave. Pr\u00e1cticamente se nos mueren en las manos\u201d. (proceso).- Son m\u00e1s de 175 d\u00edas desde que apareci\u00f3 en M\u00e9xico el primer caso [&hellip;]<\/p>\n","protected":false},"author":249,"featured_media":16471,"comment_status":"open","ping_status":"closed","sticky":false,"template":"","format":"standard","meta":{"footnotes":""},"categories":[26],"tags":[],"class_list":["post-16470","post","type-post","status-publish","format-standard","has-post-thumbnail","hentry","category-mundo"],"_links":{"self":[{"href":"https:\/\/eloficiodehistoriar.com.mx\/index.php?rest_route=\/wp\/v2\/posts\/16470","targetHints":{"allow":["GET"]}}],"collection":[{"href":"https:\/\/eloficiodehistoriar.com.mx\/index.php?rest_route=\/wp\/v2\/posts"}],"about":[{"href":"https:\/\/eloficiodehistoriar.com.mx\/index.php?rest_route=\/wp\/v2\/types\/post"}],"author":[{"embeddable":true,"href":"https:\/\/eloficiodehistoriar.com.mx\/index.php?rest_route=\/wp\/v2\/users\/249"}],"replies":[{"embeddable":true,"href":"https:\/\/eloficiodehistoriar.com.mx\/index.php?rest_route=%2Fwp%2Fv2%2Fcomments&post=16470"}],"version-history":[{"count":1,"href":"https:\/\/eloficiodehistoriar.com.mx\/index.php?rest_route=\/wp\/v2\/posts\/16470\/revisions"}],"predecessor-version":[{"id":16472,"href":"https:\/\/eloficiodehistoriar.com.mx\/index.php?rest_route=\/wp\/v2\/posts\/16470\/revisions\/16472"}],"wp:featuredmedia":[{"embeddable":true,"href":"https:\/\/eloficiodehistoriar.com.mx\/index.php?rest_route=\/wp\/v2\/media\/16471"}],"wp:attachment":[{"href":"https:\/\/eloficiodehistoriar.com.mx\/index.php?rest_route=%2Fwp%2Fv2%2Fmedia&parent=16470"}],"wp:term":[{"taxonomy":"category","embeddable":true,"href":"https:\/\/eloficiodehistoriar.com.mx\/index.php?rest_route=%2Fwp%2Fv2%2Fcategories&post=16470"},{"taxonomy":"post_tag","embeddable":true,"href":"https:\/\/eloficiodehistoriar.com.mx\/index.php?rest_route=%2Fwp%2Fv2%2Ftags&post=16470"}],"curies":[{"name":"wp","href":"https:\/\/api.w.org\/{rel}","templated":true}]}}