{"id":16479,"date":"2020-08-28T09:04:40","date_gmt":"2020-08-28T15:04:40","guid":{"rendered":"https:\/\/eloficiodehistoriar.com.mx\/?p=16479"},"modified":"2020-08-28T09:04:40","modified_gmt":"2020-08-28T15:04:40","slug":"manuel-el-loco-valdes","status":"publish","type":"post","link":"https:\/\/eloficiodehistoriar.com.mx\/?p=16479","title":{"rendered":"Manuel \u00abel Loco\u00bb Vald\u00e9s"},"content":{"rendered":"<p>Muere El Loco Vald\u00e9s<\/p>\n<p>Por su talento para improvisar y divertirse, Manuel Vald\u00e9s fue llamado El Loco, cuyo \u00e1nimo festivo e irreverente, lo sostuvo hasta su \u00faltimo d\u00eda de vida, que fue la madrugada de este viernes.<\/p>\n<p>Nacido en Ciudad Ju\u00e1rez, en 1931, El Loco Vald\u00e9s falleci\u00f3, a los 89 a\u00f1os de edad, a causa de complicaciones derivadas de un c\u00e1ncer que padeci\u00f3 durante varios a\u00f1os.<\/p>\n<p>Fue hermano de otros grandes de la actuaci\u00f3n: Germ\u00e1n, Ram\u00f3n y Antonio Vald\u00e9s Castillo. Durante m\u00e1s de siete d\u00e9cadas de trayectoria, trabaj\u00f3 en cine, teatro y televisi\u00f3n, donde se consolid\u00f3 en icono de la comedia.<br \/>\nTrabaj\u00f3 en programas como &#8216;Ensalada de Locos&#8217;, &#8216;La Hora del Loco&#8217; y su \u00faltima participaci\u00f3n fue en teatro; tambi\u00e9n se posicion\u00f3 como actor de doblaje.<\/p>\n<p>Fue un americanista de coraz\u00f3n, cuya rivalidad festiva, sostuvo siempre con su colega Sergio Corona, seguidor irrefutable de El reba\u00f1o sagrado.<\/p>\n<p>En redes se inform\u00f3 que el comediante falleci\u00f3 en su casa a las 3:40 de la ma\u00f1ana y ser\u00e1 velado en una agencia funeraria de Sullivan, a partir de las 11 de la ma\u00f1ana.<\/p>\n","protected":false},"excerpt":{"rendered":"<p>Muere El Loco Vald\u00e9s Por su talento para improvisar y divertirse, Manuel Vald\u00e9s fue llamado El Loco, cuyo \u00e1nimo festivo e irreverente, lo sostuvo hasta su \u00faltimo d\u00eda de vida, que fue la madrugada de este viernes. Nacido en Ciudad Ju\u00e1rez, en 1931, El Loco Vald\u00e9s falleci\u00f3, a los 89 a\u00f1os de edad, a causa [&hellip;]<\/p>\n","protected":false},"author":249,"featured_media":16480,"comment_status":"open","ping_status":"closed","sticky":false,"template":"","format":"standard","meta":{"footnotes":""},"categories":[26],"tags":[],"class_list":["post-16479","post","type-post","status-publish","format-standard","has-post-thumbnail","hentry","category-mundo"],"_links":{"self":[{"href":"https:\/\/eloficiodehistoriar.com.mx\/index.php?rest_route=\/wp\/v2\/posts\/16479","targetHints":{"allow":["GET"]}}],"collection":[{"href":"https:\/\/eloficiodehistoriar.com.mx\/index.php?rest_route=\/wp\/v2\/posts"}],"about":[{"href":"https:\/\/eloficiodehistoriar.com.mx\/index.php?rest_route=\/wp\/v2\/types\/post"}],"author":[{"embeddable":true,"href":"https:\/\/eloficiodehistoriar.com.mx\/index.php?rest_route=\/wp\/v2\/users\/249"}],"replies":[{"embeddable":true,"href":"https:\/\/eloficiodehistoriar.com.mx\/index.php?rest_route=%2Fwp%2Fv2%2Fcomments&post=16479"}],"version-history":[{"count":1,"href":"https:\/\/eloficiodehistoriar.com.mx\/index.php?rest_route=\/wp\/v2\/posts\/16479\/revisions"}],"predecessor-version":[{"id":16481,"href":"https:\/\/eloficiodehistoriar.com.mx\/index.php?rest_route=\/wp\/v2\/posts\/16479\/revisions\/16481"}],"wp:featuredmedia":[{"embeddable":true,"href":"https:\/\/eloficiodehistoriar.com.mx\/index.php?rest_route=\/wp\/v2\/media\/16480"}],"wp:attachment":[{"href":"https:\/\/eloficiodehistoriar.com.mx\/index.php?rest_route=%2Fwp%2Fv2%2Fmedia&parent=16479"}],"wp:term":[{"taxonomy":"category","embeddable":true,"href":"https:\/\/eloficiodehistoriar.com.mx\/index.php?rest_route=%2Fwp%2Fv2%2Fcategories&post=16479"},{"taxonomy":"post_tag","embeddable":true,"href":"https:\/\/eloficiodehistoriar.com.mx\/index.php?rest_route=%2Fwp%2Fv2%2Ftags&post=16479"}],"curies":[{"name":"wp","href":"https:\/\/api.w.org\/{rel}","templated":true}]}}