{"id":16482,"date":"2020-08-28T09:10:33","date_gmt":"2020-08-28T15:10:33","guid":{"rendered":"https:\/\/eloficiodehistoriar.com.mx\/?p=16482"},"modified":"2020-08-28T09:10:33","modified_gmt":"2020-08-28T15:10:33","slug":"hugo-delgado-granados-geofisico-mexicano-a-la-academia-europea","status":"publish","type":"post","link":"https:\/\/eloficiodehistoriar.com.mx\/?p=16482","title":{"rendered":"Hugo Delgado Granados, geof\u00edsico mexicano, a la Academia Europea"},"content":{"rendered":"<p>&nbsp;<\/p>\n<p>Hugo Delgado Granados, segundo mexicano en la Academia Europea<br \/>\nArturo S\u00e1nchez Jim\u00e9nez<\/p>\n<p>La Jornada<\/p>\n<p>Hugo Delgado Granados, director del Instituto de Geof\u00edsica (IGf) de la Universidad Nacional Aut\u00f3noma de M\u00e9xico (UNAM), es el segundo mexicano en ser admitido en la Academia Europea, una de las organizaciones cient\u00edficas m\u00e1s importantes del viejo continente.<\/p>\n<p>Delgado Granados, experto en vulcanolog\u00eda, detall\u00f3 que con su ingreso a ese organismo, adem\u00e1s de fortalecer los trabajos de colaboraci\u00f3n entre nuestro pa\u00eds y la Uni\u00f3n Europea, espera impulsar a la juventud. Uno de sus prop\u00f3sitos es servir de puente para que haya oportunidades de intercambio con diferentes universidades; de esa manera, habr\u00e1 enriquecimiento con nuestros cient\u00edficos j\u00f3venes.<\/p>\n<p>Este organismo une a varias academias de humanidades, letras y ciencias; est\u00e1 formado por m\u00e1s de cuatro mil miembros \u2013 entre ellos, 72 premios Nobel\u2013 de los cuales s\u00f3lo cuatro son de Latinoam\u00e9rica: dos son los mexicanos Jaime Urrutia Fucugauchi (recientemente nombrado investigador em\u00e9rito de la UNAM) y Delgado Granados, ambos del Instituto de Geof\u00edsica.<\/p>\n<p>Delgado Granados es ingeniero ge\u00f3logo egresado de la Facultad de Ingenier\u00eda de la UNAM, con maestr\u00eda y doctorado en Ciencias por la Tohoku University de Jap\u00f3n.<\/p>\n<p>Actualmente, es coordinador del grupo de trabajo de nieves y hielos, un programa que depende de la Unesco.<\/p>\n","protected":false},"excerpt":{"rendered":"<p>&nbsp; Hugo Delgado Granados, segundo mexicano en la Academia Europea Arturo S\u00e1nchez Jim\u00e9nez La Jornada Hugo Delgado Granados, director del Instituto de Geof\u00edsica (IGf) de la Universidad Nacional Aut\u00f3noma de M\u00e9xico (UNAM), es el segundo mexicano en ser admitido en la Academia Europea, una de las organizaciones cient\u00edficas m\u00e1s importantes del viejo continente. Delgado Granados, [&hellip;]<\/p>\n","protected":false},"author":249,"featured_media":16483,"comment_status":"open","ping_status":"closed","sticky":false,"template":"","format":"standard","meta":{"footnotes":""},"categories":[26],"tags":[],"class_list":["post-16482","post","type-post","status-publish","format-standard","has-post-thumbnail","hentry","category-mundo"],"_links":{"self":[{"href":"https:\/\/eloficiodehistoriar.com.mx\/index.php?rest_route=\/wp\/v2\/posts\/16482","targetHints":{"allow":["GET"]}}],"collection":[{"href":"https:\/\/eloficiodehistoriar.com.mx\/index.php?rest_route=\/wp\/v2\/posts"}],"about":[{"href":"https:\/\/eloficiodehistoriar.com.mx\/index.php?rest_route=\/wp\/v2\/types\/post"}],"author":[{"embeddable":true,"href":"https:\/\/eloficiodehistoriar.com.mx\/index.php?rest_route=\/wp\/v2\/users\/249"}],"replies":[{"embeddable":true,"href":"https:\/\/eloficiodehistoriar.com.mx\/index.php?rest_route=%2Fwp%2Fv2%2Fcomments&post=16482"}],"version-history":[{"count":1,"href":"https:\/\/eloficiodehistoriar.com.mx\/index.php?rest_route=\/wp\/v2\/posts\/16482\/revisions"}],"predecessor-version":[{"id":16484,"href":"https:\/\/eloficiodehistoriar.com.mx\/index.php?rest_route=\/wp\/v2\/posts\/16482\/revisions\/16484"}],"wp:featuredmedia":[{"embeddable":true,"href":"https:\/\/eloficiodehistoriar.com.mx\/index.php?rest_route=\/wp\/v2\/media\/16483"}],"wp:attachment":[{"href":"https:\/\/eloficiodehistoriar.com.mx\/index.php?rest_route=%2Fwp%2Fv2%2Fmedia&parent=16482"}],"wp:term":[{"taxonomy":"category","embeddable":true,"href":"https:\/\/eloficiodehistoriar.com.mx\/index.php?rest_route=%2Fwp%2Fv2%2Fcategories&post=16482"},{"taxonomy":"post_tag","embeddable":true,"href":"https:\/\/eloficiodehistoriar.com.mx\/index.php?rest_route=%2Fwp%2Fv2%2Ftags&post=16482"}],"curies":[{"name":"wp","href":"https:\/\/api.w.org\/{rel}","templated":true}]}}