{"id":16485,"date":"2020-08-29T07:43:09","date_gmt":"2020-08-29T13:43:09","guid":{"rendered":"https:\/\/eloficiodehistoriar.com.mx\/?p=16485"},"modified":"2020-08-29T07:43:09","modified_gmt":"2020-08-29T13:43:09","slug":"a-lidia-jorge-el-premio-fil-en-lenguas-romances","status":"publish","type":"post","link":"https:\/\/eloficiodehistoriar.com.mx\/?p=16485","title":{"rendered":"A Lidia Jorge el premio FIL en lenguas romances"},"content":{"rendered":"<p>Juan Carlos G. Partida<br \/>\nCorresponsal<\/p>\n<p>La Jornada<\/p>\n<p>Guadalajara, Jal.,<\/p>\n<p>La escritora portuguesa L\u00eddia Jorge (Boliqueime, 18 de junio de 1946) fue designada ganadora de la trig\u00e9sima edici\u00f3n del Premio FIL de Literatura en Lenguas Romances, el cual, si la pandemia lo permite, le ser\u00e1 entregado, junto con 150 mil d\u00f3lares, el 28 de noviembre durante la inauguraci\u00f3n de la Feria Internacional del Libro (FIL) de Guadalajara.<\/p>\n<p>El jurado calificador decidi\u00f3 que la autora ten\u00eda los m\u00e9ritos necesarios sobre los 55 autores propuestos este a\u00f1o para recibir el galard\u00f3n, luego de \u201cuna carrera literaria marcada por la originalidad y la sutileza de su estilo, la independencia de criterio y una inmensa humanidad para acercarse a los temas tratados en su obra y en la presentaci\u00f3n de los personajes que la protagonizan.<\/p>\n<p>La altura literaria con la que su obra novel\u00edstica retrata el modo en que los seres individuales se enfrentan a los grandes acontecimientos de la historia, as\u00ed como su forma de acercarse tanto a los temas tratados en su obra (la adolescencia, la descolonizaci\u00f3n, el lugar de la mujer, la emigraci\u00f3n, los sujetos de la historia) como en la presentaci\u00f3n de los personajes que la protagonizan fueron valores tomados en cuenta para la decisi\u00f3n, se\u00f1al\u00f3 la espa\u00f1ola Anna Caball\u00e9 en representaci\u00f3n del jurado.<\/p>\n<p>El comit\u00e9 calificador fue integrado por Mario Barenghi (Italia), Anna Caball\u00e9 (Espa\u00f1a), Luminita Marcu (Ruman\u00eda), Anne Marie M\u00e9taili\u00e9 (Francia), Rafael Olea Franco (M\u00e9xico), Javier Rodr\u00edguez Marcos (Espa\u00f1a) y Regina Zilberman (Brasil).<\/p>\n<p>Ra\u00fal Padilla L\u00f3pez, presidente de la FIL Guadalajara, inform\u00f3 que en total se recibieron 68 propuestas de 18 pa\u00edses, en las cuales estuvieron representados 55 escritores y siete idiomas: catal\u00e1n, espa\u00f1ol, franc\u00e9s, italiano, rumano, portugu\u00e9s y gallego. Las postulaciones fueron inscritas por instituciones culturales y educativas, asociaciones literarias, editoriales y los propios miembros del jurado.<\/p>\n<p>Se ponder\u00f3 que la escritora no s\u00f3lo sea una de las principales en lengua portuguesa por su obra novel\u00edstica, sino tambi\u00e9n po\u00e9tica, ensay\u00edstica y teatral. Su novela A costa dos murm\u00farios (1988), escrita a ra\u00edz de su estancia en Angola y Mozambique en pleno proceso de descolonizaci\u00f3n, le ha valido desde entonces un respeto un\u00e1nime de la cr\u00edtica literaria.<\/p>\n<p>En conferencia de prensa virtual para dar a conocer el fallo, L\u00eddia Jorge dijo que dedica este premio a los escritores portugueses de su generaci\u00f3n, entre ellos Jos\u00e9 Saramago y Antonio Lobo Antunes, y ponder\u00f3 la importancia de la literatura en lenguas romances, \u201cque tienen, sobre todo lenguas, que se dicen barrocas, que se dicen tambi\u00e9n lenguas metaf\u00f3ricas.<\/p>\n<p>Mi literatura proviene de la vida; hay escritores cuyos libros vienen desde la erudici\u00f3n. Tambi\u00e9n lo hago, pero mi escritura nace del suelo, de la tierra, del pueblo, de la gente que veo, de mis vecinos, defini\u00f3 la autora.<\/p>\n<p>Sobre la literatura mexicana, destac\u00f3 a escritores como Juan Rulfo o Carlos Fuentes, pero tambi\u00e9n la poes\u00eda de Octavio Paz y Jos\u00e9 Emilio Pacheco, quienes han sido por a\u00f1os compa\u00f1eros por la noche en la mesa al lado de mi cama.<\/p>\n<p>Respecto del significado de la literatura en tiempos de la pandemia por Covid-19, la novelista portuguesa dijo que se trata de un acto de resistencia absolutamente indispensable, y que contribuye al rescate de la propia literatura \u201ccomo la disciplina fundamental para todas las artes.<\/p>\n<p>Hoy es necesario publicar, leer, divulgar (&#8230;) En este momento hay un movimiento para que los libros en papel y los digitales se ayuden mutuamente, para que la gente lea. Hoy, la gente comprende que la lectura es ese ejercicio fundamental sin el cual las otras artes ser\u00edan superficiales. Me parece que esta pandemia tan terrible ser\u00e1 una especie de retomar la conciencia de que debemos regresar a la lectura silenciosa de los libros que abre tanto el alma.<\/p>\n<p>Record\u00f3 que su madre muri\u00f3 en abril pasado v\u00edctima de Covid-19, y que le prometi\u00f3 escribir algo que se llame Misericordia, sobre lo que ya est\u00e1 trabajando; ha escrito ocho textos que abordan lo que ocurre en el mundo en este momento. Lo que estamos viviendo es una cuesti\u00f3n de hambre, cuando lo invisible nos come, para m\u00ed, esa historia es importante (&#8230;) El hombre es hospedero y el Covid-19 el hu\u00e9sped; no lo conocemos, pero es insidioso, expres\u00f3.<\/p>\n<p>La feria de Guadalajara, en veremos<\/p>\n<p>En rueda de prensa, Padilla L\u00f3pez adelant\u00f3 que todo sigue en forma para que la edici\u00f3n de este a\u00f1o de la reuni\u00f3n editorial se realice de manera presencial, pero reconoci\u00f3 que ser\u00e1 hasta finales de septiembre cuando se tome la decisi\u00f3n definitiva, conforme a los indicadores epidemiol\u00f3gicos y las proyecciones para finales de a\u00f1o.<\/p>\n<p>Por lo pronto, dijo, lo m\u00e1s probable es que la FIL se realice por primera vez con dos sedes: la tradicional en Expo Guadalajara y en el Centro Cultural Universitario de la Universidad de Guadalajara, en Zapopan, por cuestiones de sana distancia entre los asistentes.<\/p>\n<p>Vamos muy bien; estamos a tres meses de realizar nuestra FIL, tenemos un gran avance en todos los preparativos, seguimos trabajando para llevar a cabo una feria presencial para el que, en el mejor escenario, tendremos que tomar medidas de distanciamiento, y por primera, y quiz\u00e1s \u00fanica vez, se llevar\u00e1 a cabo en dos sedes, afirm\u00f3.<\/p>\n<p>Respecto del emirato \u00e1rabe de Sharjah, invitado de honor este a\u00f1o, Padilla inform\u00f3 que ser\u00e1 a finales de septiembre cuando se confirme su presencia por todo lo que implica un traslado tan largo en esta \u00e9poca, pero, por otra parte, se\u00f1al\u00f3 que las editoriales han confirmado de manera suficiente para llevar a cabo una feria presencial.<\/p>\n","protected":false},"excerpt":{"rendered":"<p>Juan Carlos G. Partida Corresponsal La Jornada Guadalajara, Jal., La escritora portuguesa L\u00eddia Jorge (Boliqueime, 18 de junio de 1946) fue designada ganadora de la trig\u00e9sima edici\u00f3n del Premio FIL de Literatura en Lenguas Romances, el cual, si la pandemia lo permite, le ser\u00e1 entregado, junto con 150 mil d\u00f3lares, el 28 de noviembre durante [&hellip;]<\/p>\n","protected":false},"author":249,"featured_media":16486,"comment_status":"open","ping_status":"closed","sticky":false,"template":"","format":"standard","meta":{"footnotes":""},"categories":[26],"tags":[],"class_list":["post-16485","post","type-post","status-publish","format-standard","has-post-thumbnail","hentry","category-mundo"],"_links":{"self":[{"href":"https:\/\/eloficiodehistoriar.com.mx\/index.php?rest_route=\/wp\/v2\/posts\/16485","targetHints":{"allow":["GET"]}}],"collection":[{"href":"https:\/\/eloficiodehistoriar.com.mx\/index.php?rest_route=\/wp\/v2\/posts"}],"about":[{"href":"https:\/\/eloficiodehistoriar.com.mx\/index.php?rest_route=\/wp\/v2\/types\/post"}],"author":[{"embeddable":true,"href":"https:\/\/eloficiodehistoriar.com.mx\/index.php?rest_route=\/wp\/v2\/users\/249"}],"replies":[{"embeddable":true,"href":"https:\/\/eloficiodehistoriar.com.mx\/index.php?rest_route=%2Fwp%2Fv2%2Fcomments&post=16485"}],"version-history":[{"count":1,"href":"https:\/\/eloficiodehistoriar.com.mx\/index.php?rest_route=\/wp\/v2\/posts\/16485\/revisions"}],"predecessor-version":[{"id":16487,"href":"https:\/\/eloficiodehistoriar.com.mx\/index.php?rest_route=\/wp\/v2\/posts\/16485\/revisions\/16487"}],"wp:featuredmedia":[{"embeddable":true,"href":"https:\/\/eloficiodehistoriar.com.mx\/index.php?rest_route=\/wp\/v2\/media\/16486"}],"wp:attachment":[{"href":"https:\/\/eloficiodehistoriar.com.mx\/index.php?rest_route=%2Fwp%2Fv2%2Fmedia&parent=16485"}],"wp:term":[{"taxonomy":"category","embeddable":true,"href":"https:\/\/eloficiodehistoriar.com.mx\/index.php?rest_route=%2Fwp%2Fv2%2Fcategories&post=16485"},{"taxonomy":"post_tag","embeddable":true,"href":"https:\/\/eloficiodehistoriar.com.mx\/index.php?rest_route=%2Fwp%2Fv2%2Ftags&post=16485"}],"curies":[{"name":"wp","href":"https:\/\/api.w.org\/{rel}","templated":true}]}}