{"id":16488,"date":"2020-08-29T07:48:35","date_gmt":"2020-08-29T13:48:35","guid":{"rendered":"https:\/\/eloficiodehistoriar.com.mx\/?p=16488"},"modified":"2020-08-29T07:48:35","modified_gmt":"2020-08-29T13:48:35","slug":"jose-luis-valencia-premio-juan-jose-arreola-de-cuento","status":"publish","type":"post","link":"https:\/\/eloficiodehistoriar.com.mx\/?p=16488","title":{"rendered":"Jos\u00e9 Luis Valencia, premio \u00abJuan Jos\u00e9 Arreola\u00bb de cuento"},"content":{"rendered":"<p>Gana Jos\u00e9 Luis Valencia el concurso de cuento Juan Jos\u00e9 Arreola<\/p>\n<p>Juan Carlos G. Partida<br \/>\nCorresponsal<\/p>\n<p>La Jornada<\/p>\n<p>Guadalajara, Jal.,<\/p>\n<p>El jalisciense Jos\u00e9 Luis Valencia Valencia, con su colecci\u00f3n Los tiempos de Dios, fue designado de entre 488 participantes como el ganador del 19 Concurso Nacional de Cuento Juan Jos\u00e9 Arreola, organizado por el Centro Universitario del Sur (CUSur) de la Universidad de Guadalajara y la Editorial Universitaria.<\/p>\n<p>El libro de cuentos es consistente, mantiene una atenci\u00f3n sin concesiones alrededor del tema de la violencia, tema que el autor logra tratar sin puntos de vista condescendientes, con recursos narrativos que dan cuenta de una pluma experimentada, seg\u00fan el presidente del jurado, el escritor Juli\u00e1n Herbert.<\/p>\n<p>Valencia dijo que el premio lo tom\u00f3 por sorpresa y lo recibe con benepl\u00e1cito tras un a\u00f1o de realizaci\u00f3n, en el cual se dedic\u00f3 a escribir los cuentos tr\u00e1gicos y de violencia que le pueden pasar a cualquiera.<\/p>\n<p>\u201cSon el reflejo de la sociedad en la que vivimos, no s\u00f3lo del narco, las desapariciones, sino de las decisiones que vamos tomando en el transcurso de nuestra vida que pueden terminar en tragedia\u201d, afirm\u00f3.<\/p>\n<p>Los textos surgieron en una noche en el aeropuerto; ah\u00ed esboc\u00e9 las ideas porque quer\u00eda reflejar la tristeza, el dolor. Nos levantamos cada d\u00eda pensando en que todo va a estar bien, y no, cada d\u00eda que vivimos es una sorpresa; si no nos va mal, ya vamos de ganancia. Hace poco fui pap\u00e1 por primera vez; esos cuentos reflejan la sociedad en la que no quiero que crezca mi hijo, agreg\u00f3.<\/p>\n<p>Tiraje de lujo<\/p>\n<p>En rueda de prensa virtual, el secretario Acad\u00e9mico del CUSur, Andr\u00e9s Valdez Zepeda, dijo que el premio \u2013instaurado en 2002\u2013 ha ido generando prestigio, derivado tanto de la calidad de los trabajos que han presentado los ganadores como de la organizaci\u00f3n, lo cual lo ha convertido en uno de los m\u00e1s importantes del pa\u00eds.<\/p>\n<p>Participaron 488 trabajos; 23 fueron descartados por el jurado por no cumplir los requisitos de la convocatoria; 15 fueron de mexicanos que est\u00e1n en el extranjero.<\/p>\n<p>El representante de la Editorial Universitaria, Jorge Orend\u00e1in, record\u00f3 que desde 2008 los trabajos ganadores han sido publicados en una edici\u00f3n de lujo; el libro ganador tendr\u00e1 un tiraje de 500 ejemplares, adem\u00e1s de que estar\u00e1 disponible en su versi\u00f3n electr\u00f3nica.<\/p>\n<p>La ceremonia de premiaci\u00f3n ser\u00e1 el 21 de septiembre de 2020 en Ciudad Guzm\u00e1n.<\/p>\n","protected":false},"excerpt":{"rendered":"<p>Gana Jos\u00e9 Luis Valencia el concurso de cuento Juan Jos\u00e9 Arreola Juan Carlos G. Partida Corresponsal La Jornada Guadalajara, Jal., El jalisciense Jos\u00e9 Luis Valencia Valencia, con su colecci\u00f3n Los tiempos de Dios, fue designado de entre 488 participantes como el ganador del 19 Concurso Nacional de Cuento Juan Jos\u00e9 Arreola, organizado por el Centro [&hellip;]<\/p>\n","protected":false},"author":249,"featured_media":16489,"comment_status":"open","ping_status":"closed","sticky":false,"template":"","format":"standard","meta":{"footnotes":""},"categories":[26],"tags":[],"class_list":["post-16488","post","type-post","status-publish","format-standard","has-post-thumbnail","hentry","category-mundo"],"_links":{"self":[{"href":"https:\/\/eloficiodehistoriar.com.mx\/index.php?rest_route=\/wp\/v2\/posts\/16488","targetHints":{"allow":["GET"]}}],"collection":[{"href":"https:\/\/eloficiodehistoriar.com.mx\/index.php?rest_route=\/wp\/v2\/posts"}],"about":[{"href":"https:\/\/eloficiodehistoriar.com.mx\/index.php?rest_route=\/wp\/v2\/types\/post"}],"author":[{"embeddable":true,"href":"https:\/\/eloficiodehistoriar.com.mx\/index.php?rest_route=\/wp\/v2\/users\/249"}],"replies":[{"embeddable":true,"href":"https:\/\/eloficiodehistoriar.com.mx\/index.php?rest_route=%2Fwp%2Fv2%2Fcomments&post=16488"}],"version-history":[{"count":1,"href":"https:\/\/eloficiodehistoriar.com.mx\/index.php?rest_route=\/wp\/v2\/posts\/16488\/revisions"}],"predecessor-version":[{"id":16490,"href":"https:\/\/eloficiodehistoriar.com.mx\/index.php?rest_route=\/wp\/v2\/posts\/16488\/revisions\/16490"}],"wp:featuredmedia":[{"embeddable":true,"href":"https:\/\/eloficiodehistoriar.com.mx\/index.php?rest_route=\/wp\/v2\/media\/16489"}],"wp:attachment":[{"href":"https:\/\/eloficiodehistoriar.com.mx\/index.php?rest_route=%2Fwp%2Fv2%2Fmedia&parent=16488"}],"wp:term":[{"taxonomy":"category","embeddable":true,"href":"https:\/\/eloficiodehistoriar.com.mx\/index.php?rest_route=%2Fwp%2Fv2%2Fcategories&post=16488"},{"taxonomy":"post_tag","embeddable":true,"href":"https:\/\/eloficiodehistoriar.com.mx\/index.php?rest_route=%2Fwp%2Fv2%2Ftags&post=16488"}],"curies":[{"name":"wp","href":"https:\/\/api.w.org\/{rel}","templated":true}]}}