{"id":16494,"date":"2020-08-30T10:51:15","date_gmt":"2020-08-30T16:51:15","guid":{"rendered":"https:\/\/eloficiodehistoriar.com.mx\/?p=16494"},"modified":"2020-08-30T10:51:15","modified_gmt":"2020-08-30T16:51:15","slug":"incendio-en-el-templo-de-la-santa-veracruz-en-ciudad-de-mexico","status":"publish","type":"post","link":"https:\/\/eloficiodehistoriar.com.mx\/?p=16494","title":{"rendered":"Incendio en el templo de La Santa Veracruz en ciudad de M\u00e9xico"},"content":{"rendered":"<p>Tras casi media hora, elementos del Elementos del Heroico Cuerpo de Bomberos controlaron el incendio que se registr\u00f3 en la hist\u00f3rica iglesia de Santa Veracruz, ubicada en calle 2 de Abril esquina Hidalgo, colonia Guerrero, alcald\u00eda Cuauht\u00e9moc, sin que se reportaran lesionadas o personas evacuadas.<\/p>\n<p>La zona fue acordonada como medida de realizaron para que los elementos de la Secretar\u00eda de Seguridad Ciudadana, de la Direcci\u00f3n General T\u00e1ctico Operativa y de la Unidad de Gesti\u00f3n Integral de Riesgos y Protecci\u00f3n Civil sofocaran el fuego.<\/p>\n<p>Alrededor de las 06:30 horas, inici\u00f3 la conflagraci\u00f3n en el templo fundado por Hern\u00e1n Cort\u00e9s en el siglo XVI sin que hubiera necesidad de evacuar a ninguna persona y para las 6:58 horas se logr\u00f3 controlarlo.<\/p>\n<p>Una de las torres del campanario de la iglesia, que est\u00e1 apuntalada debido a que se realizaban reparaciones por la afectaci\u00f3n que tuvo en el sismo de 2017, y permanece cerrada, resultado da\u00f1ada.<\/p>\n<p>La oportuna intervenci\u00f3n de los bomberos sin embargo impidi\u00f3 que el fuego se extendiera a otras zonas apuntaladas del hist\u00f3rico templo de Santa Veracruz, con valor patrimonial, por lo que se estableci\u00f3 coordinaci\u00f3n con el Instituto Nacional de Antropolog\u00eda e Historia (INAH) y autoridades eclesi\u00e1sticas.<\/p>\n<p>La Secretar\u00eda de Gobierno inform\u00f3 que en este templo de estilo chirriguresco se encuentran inhumados los restos del arquitecto Manuel Tols\u00e1, fallecido en 1816, as\u00ed como de Ignacio L\u00f3pez Ray\u00f3n, destacado h\u00e9roe insurgente.<\/p>\n","protected":false},"excerpt":{"rendered":"<p>Tras casi media hora, elementos del Elementos del Heroico Cuerpo de Bomberos controlaron el incendio que se registr\u00f3 en la hist\u00f3rica iglesia de Santa Veracruz, ubicada en calle 2 de Abril esquina Hidalgo, colonia Guerrero, alcald\u00eda Cuauht\u00e9moc, sin que se reportaran lesionadas o personas evacuadas. La zona fue acordonada como medida de realizaron para que [&hellip;]<\/p>\n","protected":false},"author":249,"featured_media":16495,"comment_status":"open","ping_status":"closed","sticky":false,"template":"","format":"standard","meta":{"footnotes":""},"categories":[26],"tags":[],"class_list":["post-16494","post","type-post","status-publish","format-standard","has-post-thumbnail","hentry","category-mundo"],"_links":{"self":[{"href":"https:\/\/eloficiodehistoriar.com.mx\/index.php?rest_route=\/wp\/v2\/posts\/16494","targetHints":{"allow":["GET"]}}],"collection":[{"href":"https:\/\/eloficiodehistoriar.com.mx\/index.php?rest_route=\/wp\/v2\/posts"}],"about":[{"href":"https:\/\/eloficiodehistoriar.com.mx\/index.php?rest_route=\/wp\/v2\/types\/post"}],"author":[{"embeddable":true,"href":"https:\/\/eloficiodehistoriar.com.mx\/index.php?rest_route=\/wp\/v2\/users\/249"}],"replies":[{"embeddable":true,"href":"https:\/\/eloficiodehistoriar.com.mx\/index.php?rest_route=%2Fwp%2Fv2%2Fcomments&post=16494"}],"version-history":[{"count":1,"href":"https:\/\/eloficiodehistoriar.com.mx\/index.php?rest_route=\/wp\/v2\/posts\/16494\/revisions"}],"predecessor-version":[{"id":16496,"href":"https:\/\/eloficiodehistoriar.com.mx\/index.php?rest_route=\/wp\/v2\/posts\/16494\/revisions\/16496"}],"wp:featuredmedia":[{"embeddable":true,"href":"https:\/\/eloficiodehistoriar.com.mx\/index.php?rest_route=\/wp\/v2\/media\/16495"}],"wp:attachment":[{"href":"https:\/\/eloficiodehistoriar.com.mx\/index.php?rest_route=%2Fwp%2Fv2%2Fmedia&parent=16494"}],"wp:term":[{"taxonomy":"category","embeddable":true,"href":"https:\/\/eloficiodehistoriar.com.mx\/index.php?rest_route=%2Fwp%2Fv2%2Fcategories&post=16494"},{"taxonomy":"post_tag","embeddable":true,"href":"https:\/\/eloficiodehistoriar.com.mx\/index.php?rest_route=%2Fwp%2Fv2%2Ftags&post=16494"}],"curies":[{"name":"wp","href":"https:\/\/api.w.org\/{rel}","templated":true}]}}